{"id":1929,"date":"2024-12-10T22:15:46","date_gmt":"2024-12-10T21:15:46","guid":{"rendered":"https:\/\/monde25.info\/index.php\/2024\/12\/10\/anne-hidalgo-appelee-a-la-barre-pour-defendre-les-droits-de-la-seine\/"},"modified":"2024-12-10T22:15:46","modified_gmt":"2024-12-10T21:15:46","slug":"anne-hidalgo-appelee-a-la-barre-pour-defendre-les-droits-de-la-seine","status":"publish","type":"post","link":"https:\/\/monde25.info\/index.php\/2024\/12\/10\/anne-hidalgo-appelee-a-la-barre-pour-defendre-les-droits-de-la-seine\/","title":{"rendered":"Anne Hidalgo appel\u00e9e \u00e0 la barre pour d\u00e9fendre les droits de la Seine"},"content":{"rendered":"<p> <br \/>\n<\/p>\n<div>\n<p class=\"indication_lieu\">8\u1d49 arrondissement de Paris, reportage<\/p>\n<p>Une demi-heure avant le d\u00e9but du proc\u00e8s fictif, lundi 9\u00a0d\u00e9cembre \u00e0 Paris, le hall du th\u00e9\u00e2tre de la Concorde \u00e9tait d\u00e9j\u00e0 bond\u00e9. Ce soir-l\u00e0 pourtant, point de vedette des planches \u00e0 l\u2019affiche, mais un \u00e9cosyst\u00e8me\u00a0: la Seine. La m\u00eame qui, quelques mois plus t\u00f4t, a <a target=\"_blank\" href=\"https:\/\/reporterre.net\/Pourquoi-nos-excrements-ont-retarde-les-epreuves-des-JO\" class=\"spip_in\">pein\u00e9 \u00e0 retrouver un \u00e9quilibre physico-chimique ad\u00e9quat<\/a> pour accueillir les plongeurs du monde entier, venus participer aux <a target=\"_blank\" href=\"https:\/\/reporterre.net\/JO-2024\">Jeux olympiques et paralympiques de Paris<\/a>.<\/p>\n<p>Organis\u00e9 par la mairie de Paris avec des associations et personnalit\u00e9s du monde juridique, cet <i>\u00ab<small class=\"fine d-inline\">\u00a0<\/small>exercice p\u00e9dagogique<small class=\"fine d-inline\">\u00a0<\/small>\u00bb<\/i> avait pour but de pointer les carences de la loi pour prot\u00e9ger la nature et d\u2019engager un d\u00e9bat sur cette question. La maire de Paris Anne Hidalgo, pr\u00e9sente sur sc\u00e8ne, a annonc\u00e9 la mise en place, <i>\u00ab<small class=\"fine d-inline\">\u00a0<\/small>d\u00e8s f\u00e9vrier prochain<small class=\"fine d-inline\">\u00a0<\/small>\u00bb<\/i>, d\u2019une convention citoyenne sur les droits de la Seine. Une initiative qu\u2019elle propose d\u2019\u00e9largir \u00e0 toutes les communes travers\u00e9es par le fleuve.<\/p>\n<p><i>\u00ab<small class=\"fine d-inline\">\u00a0<\/small>Que l\u2019on ait autant parl\u00e9 de la Seine et de sa baignabilit\u00e9 pendant les Jeux, que l\u2019on se soit rendu compte qu\u2019elle n\u2019\u00e9tait pas potable et extr\u00eamement pollu\u00e9e, l\u2019a rendu actrice<small class=\"fine d-inline\">\u00a0<\/small>\u00bb<\/i>, appr\u00e9cie Thomas du collectif des gardiens de la Seine. Le temps d\u2019un spectacle, l\u2019\u00e9cosyst\u00e8me \u00e9tait donc de nouveau sous les feux des projecteurs.<\/p>\n<div class=\"spip_document_87018 spip_document spip_documents spip_document_image spip_documents_center spip_document_center spip_document_avec_legende\" data-legende-len=\"194\" data-legende-lenx=\"xxx\">\n<figure class=\"spip_doc_inner\">\n      <picture><source type=\"image\/webp\" srcset=\"https:\/\/reporterre.net\/local\/cache-vignettes\/L1050xH700\/d52a8276_dxo-7754c.jpg@.webp?1733836959\"><img decoding=\"async\" src=\"https:\/\/reporterre.net\/IMG\/jpg\/d52a8276_dxo.jpg\" width=\"1200\" height=\"800\" loading=\"lazy\" alt=\"\"\/><br \/>\n    <\/source><\/picture><figcaption class=\"spip_doc_legende\">\n<p>Jean-Michel Hayat occupait le centre de la table des juges, entour\u00e9 de Laurence Roques, avocate, et Laurent Fonbaustier, professeur agr\u00e9g\u00e9 des facult\u00e9s de droit.<br \/>\n<i>\u00a9 Henri Garat \/ Ville de Paris<\/i><\/p>\n<\/figcaption><\/figure>\n<\/p><\/div>\n<p>La question centrale \u00e0 laquelle devaient r\u00e9pondre les juges et jur\u00e9s fictifs\u00a0: faut-il (ou non) reconna\u00eetre des droits \u00e0 la Seine, et plus g\u00e9n\u00e9ralement \u00e0 la nature pour mieux la d\u00e9fendre<small class=\"fine d-inline\">\u00a0<\/small>? Une performance artistique men\u00e9e tambour battant qui a mis en lumi\u00e8re la faiblesse de notre droit pour prot\u00e9ger l\u2019environnement et l\u2019urgence d\u2019agir.<\/p>\n<p>Si elle \u00e9tait reconnue personnalit\u00e9 juridique, la Seine pourrait pr\u00e9tendre au droit \u00e0 ne pas \u00eatre pollu\u00e9e, \u00e0 \u00eatre conserv\u00e9e, restaur\u00e9e\u2026 Elle pourrait saisir la justice d\u00e8s lors que son int\u00e9grit\u00e9 est attaqu\u00e9e, sans attendre que des int\u00e9r\u00eats autres n\u2019interviennent. Elle ne d\u00e9pendrait pas non plus des alternances politiques des mairies, qui ne placent pas les int\u00e9r\u00eats \u00e9cologiques au m\u00eame niveau. Cela permettrait \u00e9galement de d\u00e9fendre les int\u00e9r\u00eats de l\u2019\u00e9cosyst\u00e8me sur sa globalit\u00e9, et non sur des portions congrues (sur la commune de Rouen, de Paris, etc.).<\/p>\n<h2 class=\"spip\">Un sc\u00e9nario fictif\u2026 mais pas inimaginable<\/h2>\n<p>L\u2019affaire du soir est un brin caricaturale, bien que plausible\u00a0: la soci\u00e9t\u00e9 I love Chimie aurait d\u00e9vers\u00e9 accidentellement des produits hautement toxiques dans la Seine, tuant des centaines de milliers de poissons. Jonglant habilement entre th\u00e9\u00e2tralit\u00e9 et r\u00e9alit\u00e9 de terrain, le bien r\u00e9el ancien pr\u00e9sident de la cour d\u2019appel de Paris, Jean-Michel Hayat, a appel\u00e9 t\u00e9moins et experts \u00e0 la barre.<\/p>\n<p>Tous ont plaid\u00e9 la cause du fleuve, maniant l\u2019exercice avec plus ou moins de rigueur. <i>\u00ab<small class=\"fine d-inline\">\u00a0<\/small>Les citoyens ont subi des d\u00e9cades durant les rejets des industries polluantes. La Seine a \u00e9t\u00e9 viol\u00e9e par I love Chimie et ses rejets<small class=\"fine d-inline\">\u00a0<\/small>\u00bb<\/i>, a ainsi ass\u00e9n\u00e9 le maire de Rouen, Nicolas Mayer-Rossignol. Avant de l\u00e2cher\u00a0: <i>\u00ab<small class=\"fine d-inline\">\u00a0<\/small>je parle d\u2019I love Chimie, vous souriez. Moins si je parle <a target=\"_blank\" href=\"https:\/\/reporterre.net\/Lubrizol-cinq-ans-apres-l-explosion-les-victimes-reclament-justice\" class=\"spip_in\">de Lubrizol<\/a>\u2026<small class=\"fine d-inline\">\u00a0<\/small>\u00bb<\/i><\/p>\n<div class=\"spip_document_87022 spip_document spip_documents spip_document_image spip_documents_center spip_document_center spip_document_avec_legende\" data-legende-len=\"268\" data-legende-lenx=\"xxxx\">\n<figure class=\"spip_doc_inner\">\n      <picture><source type=\"image\/webp\" srcset=\"https:\/\/reporterre.net\/local\/cache-vignettes\/L1050xH700\/d52a8503_dxo-8e904.jpg@.webp?1733836959\"><img decoding=\"async\" src=\"https:\/\/reporterre.net\/IMG\/jpg\/d52a8503_dxo.jpg\" width=\"1200\" height=\"800\" loading=\"lazy\" alt=\"\"\/><br \/>\n    <\/source><\/picture><figcaption class=\"spip_doc_legende\">\n<p>Anne Hidalgo, le maire de Rouen Nicolas Mayer-Rossignol et la maire de Source-Seine Sophie Louet sont assis sur les chaises des t\u00e9moins, derri\u00e8re Edgar Mora, ancien maire de Curridabat et ministre de l\u2019Education publique du Costa Rica.<br \/>\n<i>\u00a9 Henri Garat \/ Ville de Paris<\/i><\/p>\n<\/figcaption><\/figure>\n<\/p><\/div>\n<p><i>\u00ab<small class=\"fine d-inline\">\u00a0<\/small>La Seine doit \u00eatre admise \u00e0 demander par elle-m\u00eame r\u00e9paration<\/i>, enfonce l\u2019avocat des collectivit\u00e9s Paris, Rouen et Source Seine. <i>Nul autre, ni les collectivit\u00e9s, ni l\u2019\u00c9tat ne peuvent se substituer \u00e0 la Seine pour demander justice en son nom car ce serait accorder une forme de tutelle d\u2019autant plus malvenue que ses tuteurs ont \u00e9t\u00e9, au cours de l\u2019histoire, des profiteurs bien plus que des protecteurs.<small class=\"fine d-inline\">\u00a0<\/small>\u00bb<\/i><\/p>\n<p>Caddies, t\u00e9l\u00e9viseurs, t\u00e9l\u00e9phones, coffres-forts, velib\u2019, et m\u00eame obus (datant de 1870 ou 1917)\u00a0: la Seine a recueilli les d\u00e9chets de toutes les g\u00e9n\u00e9rations. La composition microbiologique de ses eaux n\u2019est pas plus reluisante\u00a0: Piren Seine <a target=\"_blank\" href=\"https:\/\/piren-seine.fr\/thematique\/contaminants\" class=\"spip_out\" rel=\"external\">suit et documente<\/a> depuis 35\u00a0ans l\u2019\u00e9volution de sa contamination, des m\u00e9taux aux microplastiques en passant par les pesticides et les r\u00e9sidus pharmaceutiques. <i>\u00ab<small class=\"fine d-inline\">\u00a0<\/small>Sur le bassin de la Seine, seuls 32<small class=\"fine d-inline\">\u00a0<\/small>% des cours d\u2019eau sont en bon \u00e9tat ou tr\u00e8s bon \u00e9tat. D\u2019apr\u00e8s l\u2019agence de l\u2019eau Seine Normandie, si l\u2019on continue comme \u00e7a, d\u2019ici 2027, on tomberait \u00e0 18<small class=\"fine d-inline\">\u00a0<\/small>%<small class=\"fine d-inline\">\u00a0<\/small>\u00bb<\/i>, a soulign\u00e9 l\u2019hydrologue Charl\u00e8ne Descolonges.<\/p>\n<h2 class=\"spip\">Le droit fran\u00e7ais insuffisant<\/h2>\n<p>Et pourtant, l\u2019issue du proc\u00e8s n\u2019est pas unanime. Avec une courte avance de quatre voix contre trois, la Seine obtient finalement le statut de personnalit\u00e9 juridique. Contre l\u2019avis du faux procureur du jour \u2014\u00a0mais n\u00e9anmoins r\u00e9el ancien procureur g\u00e9n\u00e9ral aupr\u00e8s de la Cour de cassation\u00a0\u2014 Fran\u00e7ois Molins et du pr\u00e9sident Jean-Michel Hayat, qui rappellent tous deux le risque qu\u2019une telle d\u00e9cision ne soit purement et simplement <i>\u00ab<small class=\"fine d-inline\">\u00a0<\/small>annul\u00e9e par la Cour de cassation<small class=\"fine d-inline\">\u00a0<\/small>\u00bb<\/i>.<\/p>\n<p><i>\u00ab<small class=\"fine d-inline\">\u00a0<\/small>Malgr\u00e9 la cr\u00e9ation de p\u00f4les r\u00e9gionaux de l\u2019environnement, on peut s\u2019interroger sur l\u2019effectivit\u00e9 de notre droit p\u00e9nal compte tenu du faible nombre d\u2019affaires port\u00e9es devant les tribunaux, des d\u00e9lais importants d\u2019audiencement et de la faiblesse des peines prononc\u00e9es. Les jugements des peines d\u2019atteintes \u00e0 l\u2019environnement demeurent dans notre pays insatisfaisants<small class=\"fine d-inline\">\u00a0<\/small>\u00bb<\/i>, a insist\u00e9 l\u2019ancien procureur.<\/p>\n<p>Pour autant, notre d\u00e9mocratie repose sur la s\u00e9paration des pouvoirs et il revient aux seuls l\u00e9gislateurs de transcrire dans la loi cette possibilit\u00e9, a-t-il ajout\u00e9. Actuellement, la Seine qui n\u2019est pas un sujet juridique ne sera d\u00e9fendue que si d\u2019autres int\u00e9r\u00eats anthropocentr\u00e9s sont en jeu, mais pas pour ses int\u00e9r\u00eats propres. En d\u2019autres termes, le droit du fleuve \u00e0 ne pas \u00eatre pollu\u00e9 n\u2019est g\u00e9n\u00e9ralement d\u00e9fendu que si un b\u00e9n\u00e9fice humain \u2014 captage d\u2019eau potable par exemple \u2014 est en jeu. Les deux sp\u00e9cialistes ont ainsi plaid\u00e9 pour un d\u00e9lib\u00e9r\u00e9 mettant en lumi\u00e8re ce vide juridique, enjoignant ardemment les l\u00e9gislateurs \u00e0 s\u2019emparer de la question.<\/p>\n<div class=\"spip_document_87024 spip_document spip_documents spip_document_image spip_documents_center spip_document_center spip_document_avec_legende\" data-legende-len=\"256\" data-legende-lenx=\"xxxx\">\n<figure class=\"spip_doc_inner\">\n      <picture><source type=\"image\/webp\" srcset=\"https:\/\/reporterre.net\/local\/cache-vignettes\/L1050xH706\/d52a8680_dxo-a93ac.jpg@.webp?1733837325\"><img decoding=\"async\" src=\"https:\/\/reporterre.net\/IMG\/jpg\/d52a8680_dxo.jpg\" width=\"1390\" height=\"934\" loading=\"lazy\" alt=\"\"\/><br \/>\n    <\/source><\/picture><figcaption class=\"spip_doc_legende\">\n<p>Devant la rang\u00e9e de t\u00e9moins, les juges, les jur\u00e9s, le procureur Fran\u00e7ois Molins et une salle pas vraiment acquise, Vanessa Bousardo, vice-b\u00e2tonni\u00e8re de l\u2019Ordre des avocats de Paris, a jou\u00e9 l\u2019avocate de l\u2019entreprise accus\u00e9e.<br \/>\n<i>\u00a9 Henri Garat \/ Ville de Paris<\/i><\/p>\n<\/figcaption><\/figure>\n<\/p><\/div>\n<p>Dans la salle, nombreux \u00e9taient ceux venus puiser des arguments juridiques pour avancer. Des \u00e9tudiants en droit, des professionnels de l\u2019environnement, des militants \u00e9cologistes \u0153uvrant pour d\u00e9fendre le vivant. <i>\u00ab<small class=\"fine d-inline\">\u00a0<\/small>On aimerait bien que \u00e7a bouge<\/i>, esp\u00e9rait Sabine en entrant dans le th\u00e9\u00e2tre. <i>Cela ne pourra venir que d\u2019un mouvement citoyen pour que les politiques suivent.<small class=\"fine d-inline\">\u00a0<\/small>\u00bb<\/i><\/p>\n<p>Tous sont conscients que <a target=\"_blank\" href=\"https:\/\/reporterre.net\/Lacs-rivieres-montagnes-Comment-accorder-des-droits-a-la-nature\" class=\"spip_in\">les choses avancent ailleurs<\/a>\u00a0: en Am\u00e9rique du Sud, l\u2019\u00c9quateur est le premier pays \u00e0 avoir reconnu la nature comme un sujet juridique et \u00e0 inclure dans sa Constitution le droit des personnes \u00e0 vivre dans un environnement sain. En Inde ou en Nouvelle-Z\u00e9lande, des fleuves tels le Gange, la Yamuna ou le Whanganui ont acquis une personnalit\u00e9 juridique.<\/p>\n<p>Le cas de Mar Menor, dans le sud-est de l\u2019Espagne, est aussi sur toutes les l\u00e8vres. Affaiblie par la pollution d\u2019origine agricole et une urbanisation effr\u00e9n\u00e9e, la <i>\u00ab<small class=\"fine d-inline\">\u00a0<\/small>lagune (de Mar Menor) \u00e9tait compl\u00e8tement effondr\u00e9e<small class=\"fine d-inline\">\u00a0<\/small>\u00bb<\/i>, raconte Thomas. Ses droits lui ont \u00e9t\u00e9 reconnus en 2022 au terme d\u2019une initiative populaire ayant rassembl\u00e9 600\u00a0000 signatures.<\/p>\n<p><i>\u00ab<small class=\"fine d-inline\">\u00a0<\/small>Est-ce que les institutions seront suffisantes pour d\u00e9faire tout le syst\u00e8me agro-industriel qui s\u2019est mis en place dans la r\u00e9gion<small class=\"fine d-inline\">\u00a0<\/small>? Cela sera un processus long. Mais il y a un investissement de l\u2019\u00c9tat autour de la lagune, pour supprimer tout ce qui \u00e9tait irrigation ill\u00e9gale et accompagner la transition agro-\u00e9cologique. Si c\u2019est possible en Europe, il n\u2019y a pas de raison que cela ne puisse pas arriver en France<small class=\"fine d-inline\">\u00a0<\/small>\u00bb<\/i>, esp\u00e8re-t-il.<\/p>\n<aside class=\"boite_encarts\">\n<div class=\"encart encart_gris noprint\">\n<p><strong>Il est de retour.<\/strong><\/p>\n<p>Dans quelques semaines, Donald Trump se r\u00e9-installera \u00e0 la Maison Blanche.<\/p>\n<p>Un milliardaire, pour qui le r\u00e9chauffement climatique est \u00ab<small class=\"fine d-inline\">\u00a0<\/small>un canular<small class=\"fine d-inline\">\u00a0<\/small>\u00bb, sera \u00e0 la t\u00eate de la plus grande puissance mondiale.<\/p>\n<p>Dans une d\u00e9cennie cruciale pour l\u2019\u00e9cologie, nous ne pouvons pas nous permettre de perdre plus de temps.<\/p>\n<p>La soci\u00e9t\u00e9 civile doit continuer de se soulever, de se mobiliser et de faire pression sur les puissants.<\/p>\n<p>Mais pour agir, il faut savoir.<\/p>\n<p><strong>Depuis 11 ans, nous publions des articles de qualit\u00e9 sur l\u2019\u00e9cologie, en acc\u00e8s libre et sans publicit\u00e9, pour tous.<\/strong><\/p>\n<p>Nous avons la conviction que l\u2019urgence \u00e9cologique est l\u2019enjeu majeur de notre \u00e9poque.<br class=\"autobr\"\/><br \/>\n Et comme plus de 2 millions de lectrices et lecteurs chaque mois, vous partagez sans doute cette conviction&#8230;<\/p>\n<p>Alors si vous en avez les moyens, sachez qu\u2019un don, m\u00eame d\u20191\u20ac, est un acte de soutien fort pour l\u2019\u00e9cologie et le journalisme ind\u00e9pendant.<br class=\"autobr\"\/><br \/>\n (Et \u00e7a vous prendra moins de temps que la lecture de ce texte).<\/p>\n<p><strong>Si vous le pouvez, choisissez un soutien mensuel. Merci.<\/strong><\/p>\n<p><a target=\"_blank\" href=\"https:\/\/reporterre.net\/dons\" class=\"bt_soutenir\">Je soutiens <i>Reporterre<\/i><\/a><\/p>\n<\/p><\/div>\n<div class=\"encart encart_vert noprint montre_1023\">\n<div class=\"infolettre-form-container noprint\">\n<p>Abonnez-vous \u00e0 la lettre d\u2019info de Reporterre<\/p>\n<\/div><\/div>\n<\/aside>\n<aside class=\"boite_apresarticle encart_note\">\n<h4>Apr\u00e8s cet article<\/h4>\n<p>      <a target=\"_blank\" href=\"https:\/\/reporterre.net\/Et-si-on-accordait-des-droits-a-la-mer-Mediterranee\" class=\"lien_article\">\n      <picture class=\"vignette_gauche\"><source type=\"image\/webp\" srcset=\"https:\/\/reporterre.net\/local\/cache-gd2\/92\/e64028279a2dacc9bccda2dde7b4fa.jpg@.webp?1730143120\"><img decoding=\"async\" src=\"https:\/\/reporterre.net\/local\/cache-gd2\/92\/e64028279a2dacc9bccda2dde7b4fa.jpg?1730143120\" width=\"450\" height=\"300\" alt=\"\" class=\"marge12\" loading=\"lazy\"\/><br \/>\n<\/source><\/picture>\n<p class=\"libelle\">\n<p>          Entretien \u2014<\/p>\n<p>      Nature\n    <\/p>\n<p class=\"titre pol20\">Un statut juridique pour prot\u00e9ger la mer M\u00e9diterran\u00e9e<small class=\"fine d-inline\">\u00a0<\/small>?<\/p>\n<p>      <\/a><br \/>\n    <\/aside>\n<aside class=\"boite_complement texte\">\n<p>      <!-- zone_forum --><br \/>\n          <\/aside>\n<aside class=\"boite_lireaussi noprint\">\n<\/aside>\n<aside class=\"colonne\">\n<div class=\"article_info cache_1023 noprint\">\n<p>    <span class=\"date\">10 d\u00e9cembre 2024  \u00e0 16h04<\/span><\/p>\n<p>    <span class=\"date_modif\">Mis \u00e0 jour le 10 d\u00e9cembre 2024 \u00e0 17h10<\/span>      <\/p>\n<p class=\"duree_lecture\">\n        Dur\u00e9e de lecture : 6 minutes\n      <\/p>\n<\/p><\/div>\n<div class=\"bloc_infolettre\">\n<div class=\"infolettre-form-container noprint\">\n<p>Abonnez-vous \u00e0 la lettre d\u2019info de Reporterre<\/p>\n<\/div><\/div>\n<\/aside>\n<div id=\"galerie\">\n  <img decoding=\"async\" src=\"\" class=\"principale\" id=\"principale\"\/><\/p>\n<p id=\"legende\">legende<\/p>\n<\/div>\n<footer class=\"noprint\">\n<\/footer>\n<\/div>\n<p><br \/>\n<br \/><a href=\"https:\/\/reporterre.net\/Faux-proces-de-la-Seine-Anne-Hidalgo-appelee-a-la-barre\" target=\"_blank\"\">Source link <\/a><\/p>\n","protected":false},"excerpt":{"rendered":"<p>8\u1d49 arrondissement de Paris, reportage Une demi-heure avant le d\u00e9but du proc\u00e8s fictif, lundi 9\u00a0d\u00e9cembre \u00e0 Paris, le hall du th\u00e9\u00e2tre de la Concorde \u00e9tait d\u00e9j\u00e0 bond\u00e9. Ce soir-l\u00e0 pourtant,&hellip; <\/p>\n","protected":false},"author":1,"featured_media":1930,"comment_status":"open","ping_status":"open","sticky":false,"template":"","format":"standard","meta":{"footnotes":""},"categories":[1],"tags":[],"class_list":["post-1929","post","type-post","status-publish","format-standard","has-post-thumbnail","hentry","category-non-classe"],"_links":{"self":[{"href":"https:\/\/monde25.info\/index.php\/wp-json\/wp\/v2\/posts\/1929","targetHints":{"allow":["GET"]}}],"collection":[{"href":"https:\/\/monde25.info\/index.php\/wp-json\/wp\/v2\/posts"}],"about":[{"href":"https:\/\/monde25.info\/index.php\/wp-json\/wp\/v2\/types\/post"}],"author":[{"embeddable":true,"href":"https:\/\/monde25.info\/index.php\/wp-json\/wp\/v2\/users\/1"}],"replies":[{"embeddable":true,"href":"https:\/\/monde25.info\/index.php\/wp-json\/wp\/v2\/comments?post=1929"}],"version-history":[{"count":0,"href":"https:\/\/monde25.info\/index.php\/wp-json\/wp\/v2\/posts\/1929\/revisions"}],"wp:featuredmedia":[{"embeddable":true,"href":"https:\/\/monde25.info\/index.php\/wp-json\/wp\/v2\/media\/1930"}],"wp:attachment":[{"href":"https:\/\/monde25.info\/index.php\/wp-json\/wp\/v2\/media?parent=1929"}],"wp:term":[{"taxonomy":"category","embeddable":true,"href":"https:\/\/monde25.info\/index.php\/wp-json\/wp\/v2\/categories?post=1929"},{"taxonomy":"post_tag","embeddable":true,"href":"https:\/\/monde25.info\/index.php\/wp-json\/wp\/v2\/tags?post=1929"}],"curies":[{"name":"wp","href":"https:\/\/api.w.org\/{rel}","templated":true}]}}