{"id":19291,"date":"2025-11-12T20:20:54","date_gmt":"2025-11-12T19:20:54","guid":{"rendered":"https:\/\/monde25.info\/index.php\/2025\/11\/12\/le-parquet-de-milan-enquete-sur-des-touristes-europeens-soupconnes-davoir-paye-pour-tuer-des-civils-rt-en-francais\/"},"modified":"2025-11-12T20:20:54","modified_gmt":"2025-11-12T19:20:54","slug":"le-parquet-de-milan-enquete-sur-des-touristes-europeens-soupconnes-davoir-paye-pour-tuer-des-civils-rt-en-francais","status":"publish","type":"post","link":"https:\/\/monde25.info\/index.php\/2025\/11\/12\/le-parquet-de-milan-enquete-sur-des-touristes-europeens-soupconnes-davoir-paye-pour-tuer-des-civils-rt-en-francais\/","title":{"rendered":"le parquet de Milan enqu\u00eate sur des \u00abtouristes\u00bb europ\u00e9ens soup\u00e7onn\u00e9s d\u2019avoir pay\u00e9 pour tuer des civils \u2014 RT en fran\u00e7ais"},"content":{"rendered":"<p> <br \/>\n<br \/><img decoding=\"async\" src=\"https:\/\/mf.b37mrtl.ru\/french\/images\/2025.11\/thumbnail\/6914ae276f7ccc05f542a7c8.jpg\" \/><\/p>\n<div>\n<p class=\"text__summary\">\n                                        La Repubblica a fait \u00e9tat d\u2019une enqu\u00eate men\u00e9e par les autorit\u00e9s italiennes faisant \u00e9tat de voyages organis\u00e9s pour tuer les habitants de Sarajevo pendant le si\u00e8ge dans les ann\u00e9es 1990, o\u00f9 plus de 11 000 personnes ont trouv\u00e9 la mort. Ces \u00absafaris\u00bb sont suppos\u00e9s avoir \u00e9t\u00e9 achet\u00e9s par de riches Europ\u00e9ens pour se divertir.\n                                    <\/p>\n<p>Le parquet de Milan a ouvert une enqu\u00eate sur des informations selon lesquelles des groupes d&rsquo;Europ\u00e9ens riches auraient achet\u00e9 des voyages \u00e0 Sarajevo, en Bosnie-Herz\u00e9govine, pour tirer sur des civils pendant le si\u00e8ge de quatre ans de la ville dans les ann\u00e9es 1990,\u00a0<a target=\"_blank\" href=\"https:\/\/milano.repubblica.it\/cronaca\/2025\/11\/10\/news\/sarajevo_safari_testimoni_procura_milano-424970598\/\" target=\"_blank\" rel=\"noopener noreferrer\">a rapport\u00e9<\/a>\u00a0<em>La Repubblica<\/em> le 10 novembre. Le journal italien suppose que ces \u00ab\u00a0touristes de guerre\u00a0\u00bb payaient pour ce \u00ab\u00a0loisir\u00a0\u00bb une somme \u00e9quivalente, selon les normes actuelles, \u00e0 80\u00a0000 \u00e0 100\u00a0000 euros.<\/p>\n<p>L&rsquo;enqu\u00eate a \u00e9t\u00e9 ouverte \u00e0 la suite d&rsquo;une plainte d\u00e9pos\u00e9e par l&rsquo;\u00e9crivain milanais Ezio Gavazzeni, qui a men\u00e9 sa propre enqu\u00eate. Il <a target=\"_blank\" href=\"https:\/\/milano.repubblica.it\/cronaca\/2025\/11\/11\/news\/cecchini_sarajevo_ezio_gavazzeni_intervista-424972963\/\" target=\"_blank\" rel=\"noopener noreferrer\">a affirm\u00e9<\/a>\u00a0que ces voyages auraient \u00e9t\u00e9\u00a0achet\u00e9s par des Allemands, des Fran\u00e7ais, des Anglais, des personnes de tous les pays occidentaux, qui auraient pay\u00e9 beaucoup d&rsquo;argent pour \u00eatre envoy\u00e9es l\u00e0-bas afin d&rsquo;ex\u00e9cuter des civils. Selon lui, ces personnes riches ne le faisaient pas pour des raisons politiques ou religieuses, mais simplement pour \u00ab\u00a0se divertir\u00a0\u00bb.<\/p>\n<h2><strong>\u00ab\u00a0Safari \u00e0 Sarajevo\u00a0\u00bb<\/strong><\/h2>\n<p>Le 11 novembre, le journal italien <em>Il Giorno<\/em>\u00a0<a target=\"_blank\" href=\"https:\/\/www.ilgiorno.it\/milano\/cronaca\/cecchini-sarajevo-sismi-qjliwjqk\" target=\"_blank\" rel=\"noopener noreferrer\">a r\u00e9v\u00e9l\u00e9<\/a> l&rsquo;existence d&rsquo;un document des services de renseignement militaire datant de 1994 qui confirme l&rsquo;existence d&rsquo;un pr\u00e9sum\u00e9 \u00ab safari\u00a0\u00bb \u00e0 Sarajevo. En outre, l&rsquo;ancienne maire de Sarajevo, Benjamina Karic, qui avait d\u00e9j\u00e0 port\u00e9 plainte contre des personnes non identifi\u00e9es impliqu\u00e9es dans ces incidents en 2022, s&rsquo;est d\u00e9clar\u00e9e pr\u00eate \u00e0 t\u00e9moigner dans cette affaire. Sur le m\u00eame sujet, un documentaire intitul\u00e9 <em>Safari \u00e0 Sarajevo<\/em> r\u00e9alis\u00e9 par Miran Zupanic est sorti en 2022.<\/p>\n<p>La guerre de Bosnie (1992-1995) a \u00e9clat\u00e9 apr\u00e8s l&rsquo;effondrement de la Yougoslavie, lorsque les Serbes de Bosnie ont tent\u00e9 d&#8217;emp\u00eacher par la force l&rsquo;ind\u00e9pendance de la Bosnie-Herz\u00e9govine. Le si\u00e8ge de Sarajevo, organis\u00e9 par les forces serbes pendant pr\u00e8s de quatre ans et accompagn\u00e9 de bombardements constants, est devenu le symbole du conflit.<\/p>\n<p>Le <a target=\"_blank\" href=\"https:\/\/www.icty.org\/x\/file\/About\/OTP\/War_Demographics\/en\/slobodan_milosevic_sarajevo_030818.pdf?utm_source=chatgpt.com\" target=\"_blank\" rel=\"noopener noreferrer\">rapport<\/a> du Tribunal p\u00e9nal international pour l&rsquo;ex-Yougoslavie (TPIY) indique que la ville a v\u00e9cu sans eau, sans \u00e9lectricit\u00e9 et sans nourriture, ses habitants ayant souffert en plus de la peur\u00a0: environ 11\u00a0000 personnes, dont plus de 1\u00a0500 enfants, ont p\u00e9ri pendant le si\u00e8ge. La guerre s&rsquo;est termin\u00e9e par la signature des accords de Dayton qui ont consacr\u00e9 l&rsquo;existence de la Bosnie-Herz\u00e9govine en tant qu&rsquo;\u00c9tat unique mais divis\u00e9 territorialement.<\/p>\n<\/div>\n<p><br \/>\n<br \/><a href=\"https:\/\/francais.rt.com\/international\/127330-safari-sarajevo-parquet-milan-enquete-touristes-europeens-soupconnes-avoir-paye-tuer-civils\" target=\"_blank\"\">Source link <\/a><\/p>\n","protected":false},"excerpt":{"rendered":"<p>La Repubblica a fait \u00e9tat d\u2019une enqu\u00eate men\u00e9e par les autorit\u00e9s italiennes faisant \u00e9tat de voyages organis\u00e9s pour tuer les habitants de Sarajevo pendant le si\u00e8ge dans les ann\u00e9es 1990,&hellip; <\/p>\n","protected":false},"author":1,"featured_media":19292,"comment_status":"open","ping_status":"open","sticky":false,"template":"","format":"standard","meta":{"footnotes":""},"categories":[1],"tags":[],"class_list":["post-19291","post","type-post","status-publish","format-standard","has-post-thumbnail","hentry","category-non-classe"],"_links":{"self":[{"href":"https:\/\/monde25.info\/index.php\/wp-json\/wp\/v2\/posts\/19291","targetHints":{"allow":["GET"]}}],"collection":[{"href":"https:\/\/monde25.info\/index.php\/wp-json\/wp\/v2\/posts"}],"about":[{"href":"https:\/\/monde25.info\/index.php\/wp-json\/wp\/v2\/types\/post"}],"author":[{"embeddable":true,"href":"https:\/\/monde25.info\/index.php\/wp-json\/wp\/v2\/users\/1"}],"replies":[{"embeddable":true,"href":"https:\/\/monde25.info\/index.php\/wp-json\/wp\/v2\/comments?post=19291"}],"version-history":[{"count":0,"href":"https:\/\/monde25.info\/index.php\/wp-json\/wp\/v2\/posts\/19291\/revisions"}],"wp:featuredmedia":[{"embeddable":true,"href":"https:\/\/monde25.info\/index.php\/wp-json\/wp\/v2\/media\/19292"}],"wp:attachment":[{"href":"https:\/\/monde25.info\/index.php\/wp-json\/wp\/v2\/media?parent=19291"}],"wp:term":[{"taxonomy":"category","embeddable":true,"href":"https:\/\/monde25.info\/index.php\/wp-json\/wp\/v2\/categories?post=19291"},{"taxonomy":"post_tag","embeddable":true,"href":"https:\/\/monde25.info\/index.php\/wp-json\/wp\/v2\/tags?post=19291"}],"curies":[{"name":"wp","href":"https:\/\/api.w.org\/{rel}","templated":true}]}}