{"id":19295,"date":"2025-11-12T22:00:37","date_gmt":"2025-11-12T21:00:37","guid":{"rendered":"https:\/\/monde25.info\/index.php\/2025\/11\/12\/la-guerre-est-finie-de-alain-resnais-la-science-de-lesprit-sott-net\/"},"modified":"2025-11-12T22:00:37","modified_gmt":"2025-11-12T21:00:37","slug":"la-guerre-est-finie-de-alain-resnais-la-science-de-lesprit-sott-net","status":"publish","type":"post","link":"https:\/\/monde25.info\/index.php\/2025\/11\/12\/la-guerre-est-finie-de-alain-resnais-la-science-de-lesprit-sott-net\/","title":{"rendered":"\u00ab\u00a0La guerre est finie\u00a0\u00bb de Alain Resnais \u2014 La Science de l&rsquo;Esprit \u2014 Sott.net"},"content":{"rendered":"<p> <br \/>\n<\/p>\n<div>\n      Petit rappel historique : apr\u00e8s une guerre civile de trois ans, de 1936 \u00e0 1939, l&rsquo;Espagne tombe aux mains du dictateur Franco, g\u00e9n\u00e9ral ultra-conservateur qui r\u00e8gnera jusqu&rsquo;\u00e0 sa mort en 1974. <em>La Guerre est finie<\/em> de Resnais se d\u00e9roule au cours de cette p\u00e9riode trouble au d\u00e9but des ann\u00e9es 60.<br \/>\n<\/p>\n<div class=\"article-image-large to-center\"><a target=\"_blank\" href=\"https:\/\/fr.sott.net\/image\/s36\/736164\/full\/TFD_003_LaGuerreEstFinie_cover.jpg\" target=\"_blank\"><img decoding=\"async\" src=\"https:\/\/fr.sott.net\/image\/s36\/736164\/large\/TFD_003_LaGuerreEstFinie_cover.jpg\" alt=\"jhjjiijij\" title=\"Cliquer pour agrandir\"\/><\/a><\/div>\n<p>Franco m\u00e8ne alors une politique d&rsquo;ouverture et la vision idyllique du touriste lambda obscurcit la r\u00e9alit\u00e9 quotidienne de millions d&rsquo;ouvriers sous-pay\u00e9s et exploit\u00e9s par un r\u00e9gime totalitaire.<\/p>\n<p>\u00c0 l&rsquo;heure du capitalisme triomphant, o\u00f9 mai 1968 semble n&rsquo;avoir \u00e9t\u00e9 qu&rsquo;une illusion et o\u00f9 le cin\u00e9ma, la philosophie et la vie en g\u00e9n\u00e9ral semblent se d\u00e9politiser dangereusement, le contexte socio-historique et le sc\u00e9nario du film sont \u00e0 la fois l&rsquo;une des qualit\u00e9s majeures et le d\u00e9faut involontaire du film.<\/p>\n<p>Une qualit\u00e9, car il nous ram\u00e8ne \u00e0 un plan important de notre histoire pourtant souvent occult\u00e9e, mais un d\u00e9faut car cet oubli est souvent synonyme de d\u00e9sint\u00e9r\u00eat pour un public l\u00e9thargique trop enlis\u00e9 dans des clich\u00e9s r\u00e9p\u00e9titifs et vains. Mais <em>La Guerre est finie<\/em> nous rappelle que les grandes \u0153uvres politiques existent, que la symbiose entre forme et fond est n\u00e9cessaire et possible afin de faire circuler un message et une id\u00e9e sans d\u00e9magogie aucune. Cette ma\u00eetrise formelle est d&rsquo;ailleurs l&rsquo;une des prouesses du cin\u00e9aste fran\u00e7ais.<\/p>\n<p>Alain Resnais, aid\u00e9 de l&rsquo;un des tr\u00e8s grands \u00e9crivains espagnols du 20\u1d49 si\u00e8cle, Jorge Semprun, \u00e9vite ici l&rsquo;\u00e9cueil historique. Le film n&rsquo;est en aucune mani\u00e8re une histoire de l&rsquo;Espagne, mais il raconte sa crise \u00e0 travers le regard d\u00e9sabus\u00e9 d&rsquo;un militant communiste, interpr\u00e9t\u00e9 par Yves Montand, qui ne cesse d&rsquo;aller et venir entre son Espagne natale et une France o\u00f9 se trouvent ses contacts ainsi qu&rsquo;un important r\u00e9seau de militants.<\/p>\n<p>Mais, Montant, homme aux identit\u00e9s et aux vies multiples, est vite ballott\u00e9, tra\u00een\u00e9 dans les rouages d&rsquo;un syst\u00e8me scl\u00e9ros\u00e9 et archa\u00efque dans lequel il ne se retrouve plus. Son existence est un mensonge et le film est l&rsquo;histoire de sa perte, de la perte de ses illusions et de son tiraillement entre des sup\u00e9rieurs embourb\u00e9s dans la th\u00e9orie, et une jeunesse avide de justice imm\u00e9diate et na\u00efve. Sans \u00eatre kafka\u00efen, le r\u00e9cit laisse poindre quelques r\u00e9surgences du <em>Proc\u00e8s<\/em>.<\/p>\n<p><a target=\"_blank\" href=\"https:\/\/ok.ru\/video\/2580521749158\">https:\/\/ok.ru\/video\/2580521749158<\/a>\n\t\t<\/p>\n<\/div>\n<p><br \/>\n<br \/><a href=\"https:\/\/fr.sott.net\/article\/44455-Quand-la-liberte-et-l-espoir-avaient-un-sens-La-guerre-est-finie-de-Alain-Resnais\" target=\"_blank\"\">Source link <\/a><\/p>\n","protected":false},"excerpt":{"rendered":"<p>Petit rappel historique : apr\u00e8s une guerre civile de trois ans, de 1936 \u00e0 1939, l&rsquo;Espagne tombe aux mains du dictateur Franco, g\u00e9n\u00e9ral ultra-conservateur qui r\u00e8gnera jusqu&rsquo;\u00e0 sa mort en&hellip; <\/p>\n","protected":false},"author":1,"featured_media":19296,"comment_status":"open","ping_status":"open","sticky":false,"template":"","format":"standard","meta":{"footnotes":""},"categories":[1],"tags":[],"class_list":["post-19295","post","type-post","status-publish","format-standard","has-post-thumbnail","hentry","category-non-classe"],"_links":{"self":[{"href":"https:\/\/monde25.info\/index.php\/wp-json\/wp\/v2\/posts\/19295","targetHints":{"allow":["GET"]}}],"collection":[{"href":"https:\/\/monde25.info\/index.php\/wp-json\/wp\/v2\/posts"}],"about":[{"href":"https:\/\/monde25.info\/index.php\/wp-json\/wp\/v2\/types\/post"}],"author":[{"embeddable":true,"href":"https:\/\/monde25.info\/index.php\/wp-json\/wp\/v2\/users\/1"}],"replies":[{"embeddable":true,"href":"https:\/\/monde25.info\/index.php\/wp-json\/wp\/v2\/comments?post=19295"}],"version-history":[{"count":0,"href":"https:\/\/monde25.info\/index.php\/wp-json\/wp\/v2\/posts\/19295\/revisions"}],"wp:featuredmedia":[{"embeddable":true,"href":"https:\/\/monde25.info\/index.php\/wp-json\/wp\/v2\/media\/19296"}],"wp:attachment":[{"href":"https:\/\/monde25.info\/index.php\/wp-json\/wp\/v2\/media?parent=19295"}],"wp:term":[{"taxonomy":"category","embeddable":true,"href":"https:\/\/monde25.info\/index.php\/wp-json\/wp\/v2\/categories?post=19295"},{"taxonomy":"post_tag","embeddable":true,"href":"https:\/\/monde25.info\/index.php\/wp-json\/wp\/v2\/tags?post=19295"}],"curies":[{"name":"wp","href":"https:\/\/api.w.org\/{rel}","templated":true}]}}