{"id":19297,"date":"2025-11-12T22:33:15","date_gmt":"2025-11-12T21:33:15","guid":{"rendered":"https:\/\/monde25.info\/index.php\/2025\/11\/12\/von-der-leyen-construit-sa-police-secrete-detat\/"},"modified":"2025-11-12T22:33:15","modified_gmt":"2025-11-12T21:33:15","slug":"von-der-leyen-construit-sa-police-secrete-detat","status":"publish","type":"post","link":"https:\/\/monde25.info\/index.php\/2025\/11\/12\/von-der-leyen-construit-sa-police-secrete-detat\/","title":{"rendered":"Von der Leyen construit sa \u00ab Police Secr\u00e8te d&rsquo;\u00c9tat \u00bb"},"content":{"rendered":"<p> <br \/>\n<\/p>\n<div id=\"\">\n<p>Von der Leyen, qui a \u00e9t\u00e9 ministre f\u00e9d\u00e9rale allemande de la D\u00e9fense, a d\u00e9cid\u00e9 de cr\u00e9er ses services secrets. C\u2019est la traduction de la r\u00e9alit\u00e9 du fonctionnement de l\u2019UE et de la Commission europ\u00e9enne qui arrive en fin de vie. Ursula von der Leyen, qui est la pr\u00e9sidente de la Commission europ\u00e9enne non \u00e9lue par les habitants des pays europ\u00e9ens, prouve la d\u00e9rive non d\u00e9mocratique de la plateforme bruxelloise. La petite \u00e9lite du pouvoir politique de l\u2019UE s\u2019enferme dans un bunker.<\/p>\n<p>Un d\u00e9put\u00e9 europ\u00e9en d\u00e9nonce le projet de la Commission de cr\u00e9er un service de renseignement. Harald Vilimsky, chef de la d\u00e9l\u00e9gation du FP\u00d6 au Parlement europ\u00e9en, vice-pr\u00e9sident de Patriotes pour l\u2019Europe a publi\u00e9 sur X\u00a0: \u00ab\u00a0Big Sister nous surveille. Un service secret europ\u00e9en priv\u00e9 au service de von der Leyen. Le syst\u00e8me non \u00e9lu est-il en train de construire sa propre Stasi europ\u00e9enne incontr\u00f4l\u00e9e pour nous surveiller\u00a0? Ils ont tellement peur du peuple qu\u2019ils ont perdu tout sens de leur identit\u00e9\u00a0\u00bb.  Pour Vilimsky c\u2019est \u00ab\u00a0un scandale pour la d\u00e9mocratie\u00a0\u00bb. Il s\u2019agit de cr\u00e9er son propre service de renseignement au sein du Secr\u00e9tariat g\u00e9n\u00e9ral de la Commission europ\u00e9enne.<\/p>\n<p>Selon un article du Financial Times, l\u2019objectif de cette nouvelle unit\u00e9 est de centraliser les informations provenant des services de renseignement des \u00c9tats membres et de les \u00e9valuer au sein de la Commission. \u00ab\u00a0Il s\u2019agit d\u2019une nouvelle \u00e9tape dans la concentration syst\u00e9matique du pouvoir orchestr\u00e9e par Ursula von der Leyen. Au lieu de renforcer le contr\u00f4le d\u00e9mocratique, elle met en place une structure parall\u00e8le qui place les services de renseignement nationaux sous la tutelle de Bruxelles \u2013 sans mandat, sans transparence et sans aucune l\u00e9gitimit\u00e9\u00a0\u00bb, avertit Harald Vilimsky.<\/p>\n<p>Cette initiative, qui n\u2019a m\u00eame pas \u00e9t\u00e9 officiellement communiqu\u00e9e aux 27 \u00c9tats membres, constitue une \u00ab\u00a0atteinte massive \u00e0 la souverainet\u00e9 nationale\u00a0\u00bb et repr\u00e9sente une violation flagrante du principe de s\u00e9paration des pouvoirs, avertit-il.<\/p>\n<p>\u00ab\u00a0Ursula von der Leyen a d\u00e9j\u00e0 d\u00e9montr\u00e9, par le biais de SMS secrets et de contrats opaques lors de la proc\u00e9dure d\u2019acquisition des vaccins, qu\u2019elle ne comprend la transparence que lorsqu\u2019elle sert ses int\u00e9r\u00eats. Il semblerait maintenant qu\u2019elle souhaite \u00e9galement prendre le contr\u00f4le des services de renseignement et des informations de s\u00e9curit\u00e9. Il s\u2019agit l\u00e0 d\u2019un abus de pouvoir flagrant\u00a0\u00bb, a poursuivi Vilimsky.<\/p>\n<p>M\u00eame au sein des structures de l\u2019UE, la r\u00e9sistance s\u2019accro\u00eet\u00a0: selon le rapport, des diplomates du Service europ\u00e9en pour l\u2019action ext\u00e9rieure (SEAE) ont d\u00e9j\u00e0 averti que la nouvelle unit\u00e9 ferait double emploi avec la structure existante du Centre de renseignement et de situation (Intcen) et mettrait en p\u00e9ril son avenir.<\/p>\n<p>\u00ab\u00a0Quand m\u00eame les diplomates bruxellois tirent la sonnette d\u2019alarme parce qu\u2019une pr\u00e9sidente de la Commission tente de se doter de son propre appareil de renseignement, il devrait \u00eatre clair pour tous \u00e0 quel point cette direction europ\u00e9enne s\u2019est d\u00e9j\u00e0 \u00e9loign\u00e9e de tout contr\u00f4le d\u00e9mocratique\u00a0\u00bb, souligne Vilimsky.<\/p>\n<p>Le FP\u00d6 soul\u00e8vera cette question lors des prochaines sessions du Parlement europ\u00e9en et exigera une enqu\u00eate approfondie\u00a0: \u00ab\u00a0Nous exigerons l\u2019arr\u00eat imm\u00e9diat de ce projet et la fin d\u00e9finitive de toute tentative de centralisation des structures de s\u00e9curit\u00e9 nationale. Bruxelles n\u2019a pas besoin de services de renseignement\u00a0; Bruxelles a besoin de contr\u00f4le, de transparence et de d\u00e9mocratie\u00a0\u00bb.<\/p>\n<p>Observateur Continental a fait savoir qu\u2019\u00ab\u00a0une querelle entre Kaja Kallas et von der Leyen a lieu mettant aussi en col\u00e8re les autres responsables politiques de l\u2019UE. Von der Leyen ne veut pas d\u2019un concurrent au sommet de l\u2019UE\u00a0\u00bb. Le Centre de situation et du renseignement de l\u2019Union europ\u00e9enne est sous la tutelle de Kallas, Haute Repr\u00e9sentante de l\u2019Union europ\u00e9enne pour les affaires \u00e9trang\u00e8res et la politique de s\u00e9curit\u00e9. La volont\u00e9 de von der Leyen montre que le syst\u00e8me de l\u2019UE est en train de se manger de l\u2019int\u00e9rieur juste avant sa disparition.<\/p>\n<p>Pierre Duval<\/p>\n<\/div>\n<p><br \/>\n<br \/><a href=\"https:\/\/www.legrandsoir.info\/von-der-leyen-construit-sa-police-secrete-d-etat.html\" target=\"_blank\"\">Source link <\/a><\/p>\n","protected":false},"excerpt":{"rendered":"<p>Von der Leyen, qui a \u00e9t\u00e9 ministre f\u00e9d\u00e9rale allemande de la D\u00e9fense, a d\u00e9cid\u00e9 de cr\u00e9er ses services secrets. C\u2019est la traduction de la r\u00e9alit\u00e9 du fonctionnement de l\u2019UE et&hellip; <\/p>\n","protected":false},"author":1,"featured_media":19298,"comment_status":"open","ping_status":"open","sticky":false,"template":"","format":"standard","meta":{"footnotes":""},"categories":[1],"tags":[],"class_list":["post-19297","post","type-post","status-publish","format-standard","has-post-thumbnail","hentry","category-non-classe"],"_links":{"self":[{"href":"https:\/\/monde25.info\/index.php\/wp-json\/wp\/v2\/posts\/19297","targetHints":{"allow":["GET"]}}],"collection":[{"href":"https:\/\/monde25.info\/index.php\/wp-json\/wp\/v2\/posts"}],"about":[{"href":"https:\/\/monde25.info\/index.php\/wp-json\/wp\/v2\/types\/post"}],"author":[{"embeddable":true,"href":"https:\/\/monde25.info\/index.php\/wp-json\/wp\/v2\/users\/1"}],"replies":[{"embeddable":true,"href":"https:\/\/monde25.info\/index.php\/wp-json\/wp\/v2\/comments?post=19297"}],"version-history":[{"count":0,"href":"https:\/\/monde25.info\/index.php\/wp-json\/wp\/v2\/posts\/19297\/revisions"}],"wp:featuredmedia":[{"embeddable":true,"href":"https:\/\/monde25.info\/index.php\/wp-json\/wp\/v2\/media\/19298"}],"wp:attachment":[{"href":"https:\/\/monde25.info\/index.php\/wp-json\/wp\/v2\/media?parent=19297"}],"wp:term":[{"taxonomy":"category","embeddable":true,"href":"https:\/\/monde25.info\/index.php\/wp-json\/wp\/v2\/categories?post=19297"},{"taxonomy":"post_tag","embeddable":true,"href":"https:\/\/monde25.info\/index.php\/wp-json\/wp\/v2\/tags?post=19297"}],"curies":[{"name":"wp","href":"https:\/\/api.w.org\/{rel}","templated":true}]}}