{"id":19299,"date":"2025-11-12T23:39:47","date_gmt":"2025-11-12T22:39:47","guid":{"rendered":"https:\/\/monde25.info\/index.php\/2025\/11\/12\/voter-ce-budget-cest-nous-achever-des-malades-du-cancer-protestent-devant-lassemblee-nationale\/"},"modified":"2025-11-12T23:39:47","modified_gmt":"2025-11-12T22:39:47","slug":"voter-ce-budget-cest-nous-achever-des-malades-du-cancer-protestent-devant-lassemblee-nationale","status":"publish","type":"post","link":"https:\/\/monde25.info\/index.php\/2025\/11\/12\/voter-ce-budget-cest-nous-achever-des-malades-du-cancer-protestent-devant-lassemblee-nationale\/","title":{"rendered":"\u00ab\u00a0Voter ce budget, c&#039;est nous achever\u00a0\u00bb\u00a0: des malades du cancer protestent devant l&#039;Assembl\u00e9e nationale"},"content":{"rendered":"<p> <br \/>\n<br \/><img loading=\"lazy\" decoding=\"async\" src=\"https:\/\/reporterre.net\/local\/cache-vignettes\/L700xH467\/5_-_cancer_colere_-ef612.jpg?1762965013\" class=\"spip_logo\" width=\"700\" height=\"467\" alt=\"\" \/><\/p>\n<p>\u00ab<small class=\"fine d-inline\">\u00a0<\/small>Braquage de malades en cours<small class=\"fine d-inline\">\u00a0<\/small>\u00bb\u00a0: le collectif Cancer Col\u00e8re a d\u00e9nonc\u00e9 le 12\u00a0novembre, devant l&rsquo;Assembl\u00e9e nationale, la baisse du budget de la S\u00e9curit\u00e9 sociale, qui accablera davantage les patients. <br class=\"autobr\" \/><br \/>\nParis, reportage <br class=\"autobr\" \/><br \/>\nAccoud\u00e9e au lampadaire poussi\u00e9reux, Fleur Breteau jette un ultime coup d&rsquo;\u0153il \u00e0 l&rsquo;horloge\u00a0: \u00ab<small class=\"fine d-inline\">\u00a0<\/small>\u00c7a y est<small class=\"fine d-inline\">\u00a0<\/small>\u00bb, murmure-t-elle. Sa main s&rsquo;agite dans les airs pour donner le signal aux diff\u00e9rents cort\u00e8ges, dissimul\u00e9s de part et d&rsquo;autre de la place du Palais Bourbon. D&rsquo;un m\u00eame \u00e9lan,\u00a0(\u2026)<\/p>\n<p>                    <a target=\"_blank\" href=\"https:\/\/reporterre.net\/Voter-ce-budget-c-est-nous-achever-des-malades-du-cancer-devant-l-Assemblee-nationale?utm_source=RSS&amp;utm_medium=RSS\">Lire la suite<\/a><\/p>\n<p>                    &#8211;<br \/>\n                        <a target=\"_blank\" href=\"https:\/\/reporterre.net\/Reportage\" rel=\"directory\">Reportage<\/a><\/p>\n<p>                    \/<br \/>\n                        <a target=\"_blank\" href=\"https:\/\/reporterre.net\/Politique\" rel=\"tag\">Politique<\/a><br \/>\n                    ,<br \/>\n                        <a target=\"_blank\" href=\"https:\/\/reporterre.net\/Sante\" rel=\"tag\">Sant\u00e9<\/a><br \/>\n<br \/><br \/>\n<br \/><a href=\"https:\/\/reporterre.net\/Voter-ce-budget-c-est-nous-achever-des-malades-du-cancer-devant-l-Assemblee-nationale\" target=\"_blank\"\">Source link <\/a><\/p>\n","protected":false},"excerpt":{"rendered":"<p>\u00ab\u00a0Braquage de malades en cours\u00a0\u00bb\u00a0: le collectif Cancer Col\u00e8re a d\u00e9nonc\u00e9 le 12\u00a0novembre, devant l&rsquo;Assembl\u00e9e nationale, la baisse du budget de la S\u00e9curit\u00e9 sociale, qui accablera davantage les patients. Paris,&hellip; <\/p>\n","protected":false},"author":1,"featured_media":0,"comment_status":"open","ping_status":"open","sticky":false,"template":"","format":"standard","meta":{"footnotes":""},"categories":[1],"tags":[],"class_list":["post-19299","post","type-post","status-publish","format-standard","hentry","category-non-classe"],"_links":{"self":[{"href":"https:\/\/monde25.info\/index.php\/wp-json\/wp\/v2\/posts\/19299","targetHints":{"allow":["GET"]}}],"collection":[{"href":"https:\/\/monde25.info\/index.php\/wp-json\/wp\/v2\/posts"}],"about":[{"href":"https:\/\/monde25.info\/index.php\/wp-json\/wp\/v2\/types\/post"}],"author":[{"embeddable":true,"href":"https:\/\/monde25.info\/index.php\/wp-json\/wp\/v2\/users\/1"}],"replies":[{"embeddable":true,"href":"https:\/\/monde25.info\/index.php\/wp-json\/wp\/v2\/comments?post=19299"}],"version-history":[{"count":0,"href":"https:\/\/monde25.info\/index.php\/wp-json\/wp\/v2\/posts\/19299\/revisions"}],"wp:attachment":[{"href":"https:\/\/monde25.info\/index.php\/wp-json\/wp\/v2\/media?parent=19299"}],"wp:term":[{"taxonomy":"category","embeddable":true,"href":"https:\/\/monde25.info\/index.php\/wp-json\/wp\/v2\/categories?post=19299"},{"taxonomy":"post_tag","embeddable":true,"href":"https:\/\/monde25.info\/index.php\/wp-json\/wp\/v2\/tags?post=19299"}],"curies":[{"name":"wp","href":"https:\/\/api.w.org\/{rel}","templated":true}]}}