{"id":193,"date":"2024-11-15T17:56:50","date_gmt":"2024-11-15T16:56:50","guid":{"rendered":"https:\/\/monde25.info\/index.php\/2024\/11\/15\/745-millions-deuros-en-moins-pour-lecologie\/"},"modified":"2024-11-15T17:56:50","modified_gmt":"2024-11-15T16:56:50","slug":"745-millions-deuros-en-moins-pour-lecologie","status":"publish","type":"post","link":"https:\/\/monde25.info\/index.php\/2024\/11\/15\/745-millions-deuros-en-moins-pour-lecologie\/","title":{"rendered":"745 millions d\u2019euros en moins pour l\u2019\u00e9cologie"},"content":{"rendered":"<p> <br \/>\n<\/p>\n<div style=\"position:relative;\">\n        <picture><source type=\"image\/webp\" srcset=\"https:\/\/reporterre.net\/local\/cache-gd2\/ee\/b0f3ac21b81e4337fcf2f2985dfadb.jpg@.webp?1731685326\"><img loading=\"lazy\" decoding=\"async\" src=\"https:\/\/reporterre.net\/local\/cache-gd2\/ee\/b0f3ac21b81e4337fcf2f2985dfadb.jpg?1731685326\" width=\"720\" height=\"480\" alt=\"Budget 2025\u00a0: 745 millions d'euros en moins pour l'\u00e9cologie\" class=\"image_logo voir_logo\"\/><\/p>\n<p><\/source><\/picture>\n<p class=\"legende_logo\">Le gouvernement a d\u00e9pos\u00e9 un amendement \u00e0 la loi de finances 2025 alourdissant les coupes budg\u00e9taires de la mission \u00c9cologie, d\u00e9veloppement et mobilit\u00e9 durable. <span class=\"copyright_logo\">&#8211; Flickr \/ CC BY 2.0 \/ European Parliament<\/span><\/p>\n<p class=\"legende_logo_480\">Le gouvernement a d\u00e9pos\u00e9 un amendement \u00e0 la loi de finances 2025 alourdissant les coupes budg\u00e9taires de la mission \u00c9cologie, d\u00e9veloppement et mobilit\u00e9 durable. <span class=\"copyright_logo\">&#8211; Flickr \/ CC BY 2.0 \/ European Parliament<\/span><\/p>\n<\/p><\/div>\n<div>\n        <span class=\"date\">15 novembre 2024  \u00e0 16h41<\/span><\/p>\n<p class=\"duree_lecture\">\n        Dur\u00e9e de lecture : 2 minutes\n      <\/p>\n<\/p><\/div>\n<div>\n<p>On s\u2019y attendait depuis de longues semaines, le gouvernement a d\u00e9pos\u00e9 un <a target=\"_blank\" href=\"https:\/\/www.assemblee-nationale.fr\/dyn\/17\/amendements\/0324C\/AN\/1352\" class=\"spip_out\" rel=\"external\">amendement<\/a> \u00e0 la loi de finances 2025 alourdissant les coupes budg\u00e9taires de la mission \u00c9cologie, d\u00e9veloppement et mobilit\u00e9 durable. 745 millions d\u2019euros de cr\u00e9dits de paiement seront supprim\u00e9s, dont 216\u00a0millions pour le <i>\u00ab<small class=\"fine d-inline\">\u00a0<\/small>Fonds d\u2019acc\u00e9l\u00e9ration de la transition \u00e9cologique<small class=\"fine d-inline\">\u00a0<\/small>\u00bb<\/i>, dit fonds vert, qui vient en appui aux projets port\u00e9s par les collectivit\u00e9s locales.<\/p>\n<p>Dot\u00e9 de <a target=\"_blank\" href=\"https:\/\/www.ecologie.gouv.fr\/presse\/fonds-vert-bilan-ledition-2023-25-milliards-deuros-accelerer-transition-ecologique\" class=\"spip_out\" rel=\"external\">2,5\u00a0milliards d\u2019euros<\/a> il y a un an, ce fonds avait \u00e9t\u00e9 <a target=\"_blank\" href=\"https:\/\/www.lesechos.fr\/politique-societe\/societe\/comment-letat-aide-les-collectivites-locales-a-financer-leur-transition-ecologique-2089806\" class=\"spip_out\" rel=\"external\"><i>\u00ab<small class=\"fine d-inline\">\u00a0<\/small>sanctuaris\u00e9<small class=\"fine d-inline\">\u00a0<\/small>\u00bb<\/i><\/a> \u00e0 2\u00a0milliards d\u2019euros en avril 2024. Il tombe d\u00e9sormais \u00e0 1,2\u00a0milliard. Une division par deux en un an.<\/p>\n<h2 class=\"spip\">Inqui\u00e9tude pour les collectivit\u00e9s<\/h2>\n<p>Selon l\u2019ex\u00e9cutif, cette baisse intervient <i>\u00ab<small class=\"fine d-inline\">\u00a0<\/small>dans une logique de lissage<small class=\"fine d-inline\">\u00a0<\/small>\u00bb<\/i> et vise \u00e0 <i>\u00ab<small class=\"fine d-inline\">\u00a0<\/small>tirer la cons\u00e9quence [&#8230;] d\u2019un ralentissement relatif des engagements<small class=\"fine d-inline\">\u00a0<\/small>\u00bb<\/i>, peut-on lire dans l\u2019expos\u00e9 des motifs. Le fonds est moins sollicit\u00e9 cette ann\u00e9e (<a target=\"_blank\" href=\"https:\/\/www.budget.gouv.fr\/documentation\/file-download\/28166\" class=\"spip_out\" rel=\"external\">15\u00a0000 demandes en 2023 et 12\u00a0600 en 2024<\/a>) ce qui traduit, selon le gouvernement, une arriv\u00e9e \u00e0 maturit\u00e9 des projets.<\/p>\n<p>Ce n\u2019est pas l\u2019analyse de <a target=\"_blank\" href=\"https:\/\/www.i4ce.org\/congres-maires-investissements-climat\/\" class=\"spip_out\" rel=\"external\">l\u2019institut <span class=\"caps\">I4CE<\/span><\/a>, qui observe sur une tendance plus longue une forte augmentation de l\u2019engagement des collectivit\u00e9s (+44<small class=\"fine d-inline\">\u00a0<\/small>% entre 2017 et 2022). <i>\u00ab<small class=\"fine d-inline\">\u00a0<\/small>Le risque est r\u00e9el que le projet de loi de finances 2025 entra\u00eene un coup d\u2019arr\u00eat<\/i>, s\u2019inqui\u00e8te Fran\u00e7ois Thomazeau, directeur de programme Collectivit\u00e9s pour I4Ce. <i>Avec le retard accumul\u00e9 ces derni\u00e8res d\u00e9cennies, et des objectifs de r\u00e9duction de gaz \u00e0 effet de serre rehauss\u00e9s suite \u00e0 l\u2019Accord de Paris, c\u2019est un doublement des investissements locaux pour le climat qui est attendu d\u2019ici 2030<small class=\"fine d-inline\">\u00a0<\/small>\u00bb.<\/i><\/p>\n<p>L\u2019amendement porte \u00e9galement, <a target=\"_blank\" href=\"https:\/\/reporterre.net\/Voitures-electriques-le-leasing-social-ampute-par-le-gouvernement\">comme attendu<\/a>, une coupe de 300 millions d\u2019euros sur les aides \u00e0 la conversion \u00e9lectrique du parc automobile, en plus des 500 millions d\u2019euros de baisse d\u00e9j\u00e0 act\u00e9s pour 2025, ce qui \u00e9quivaut \u00e0 une coupe de moiti\u00e9 de cette ligne budg\u00e9taire.<\/p>\n<aside class=\"boite_encarts\">\n<div class=\"encart encart_gris noprint\">\n<p><strong>Il est de retour.<\/strong><\/p>\n<p>Dans quelques semaines, Donald Trump se r\u00e9-installera \u00e0 la Maison Blanche.<\/p>\n<p>Un milliardaire, pour qui le r\u00e9chauffement climatique est \u00ab<small class=\"fine d-inline\">\u00a0<\/small>un canular<small class=\"fine d-inline\">\u00a0<\/small>\u00bb, sera \u00e0 la t\u00eate de la plus grande puissance mondiale.<\/p>\n<p>Dans une d\u00e9cennie cruciale pour l\u2019\u00e9cologie, nous ne pouvons pas nous permettre de perdre plus de temps.<\/p>\n<p>La soci\u00e9t\u00e9 civile doit continuer de se soulever, de se mobiliser et de faire pression sur les puissants.<\/p>\n<p>Mais pour agir, il faut savoir.<\/p>\n<p><strong>Depuis 11 ans, nous publions des articles de qualit\u00e9 sur l\u2019\u00e9cologie, en acc\u00e8s libre et sans publicit\u00e9, pour tous.<\/strong><\/p>\n<p>Nous avons la conviction que l\u2019urgence \u00e9cologique est l\u2019enjeu majeur de notre \u00e9poque.<br class=\"autobr\"\/><br \/>\n Et comme plus de 2 millions de lectrices et lecteurs chaque mois, vous partagez sans doute cette conviction&#8230;<\/p>\n<p>Alors si vous en avez les moyens, sachez qu\u2019un don, m\u00eame d\u20191\u20ac, est un acte de soutien fort pour l\u2019\u00e9cologie et le journalisme ind\u00e9pendant.<br class=\"autobr\"\/><br \/>\n (Et \u00e7a vous prendra moins de temps que la lecture de ce texte).<\/p>\n<p><strong>Si vous le pouvez, choisissez un soutien mensuel. Merci.<\/strong><\/p>\n<p><a target=\"_blank\" href=\"https:\/\/reporterre.net\/dons\" class=\"bt_soutenir\">Je soutiens <i>Reporterre<\/i><\/a><\/p>\n<\/p><\/div>\n<div class=\"encart encart_vert noprint montre_1023\">\n<div class=\"infolettre-form-container noprint\">\n<p>Abonnez-vous \u00e0 la lettre d\u2019info de Reporterre<\/p>\n<\/div><\/div>\n<\/aside>\n<aside class=\"boite_apresarticle encart_note\">\n<h4>Apr\u00e8s cet article<\/h4>\n<p>      <a target=\"_blank\" href=\"https:\/\/reporterre.net\/Budget-2025-Attal-sort-la-cisaille-et-sacrifie-encore-l-ecologie\" class=\"lien_article\">\n      <picture class=\"vignette_gauche\"><source type=\"image\/webp\" srcset=\"https:\/\/reporterre.net\/local\/cache-gd2\/1a\/237ec97af6f6613af4c97b0eef426b.jpg@.webp?1730133918\"><img decoding=\"async\" src=\"https:\/\/reporterre.net\/local\/cache-gd2\/1a\/237ec97af6f6613af4c97b0eef426b.jpg?1730133918\" width=\"450\" height=\"300\" alt=\"\" class=\"marge12\" loading=\"lazy\"\/><br \/>\n<\/source><\/picture>\n<p class=\"libelle\">\n<p>      \u00c9conomie\n    <\/p>\n<p class=\"titre pol20\">Budget 2025\u00a0: Attal sort la cisaille et sacrifie (encore) l\u2019\u00e9cologie<\/p>\n<p>      <\/a><br \/>\n    <\/aside>\n<aside class=\"boite_complement texte\">\n<p>      <!-- zone_forum --><br \/>\n          <\/aside>\n<aside class=\"boite_lireaussi noprint\">\n<\/aside>\n<aside class=\"colonne\">\n<div class=\"article_info cache_1023 noprint\">\n        <span class=\"date\">15 novembre 2024  \u00e0 16h41<\/span><\/p>\n<p class=\"duree_lecture\">\n        Dur\u00e9e de lecture : 2 minutes\n      <\/p>\n<\/p><\/div>\n<div class=\"bloc_infolettre\">\n<div class=\"infolettre-form-container noprint\">\n<p>Abonnez-vous \u00e0 la lettre d\u2019info de Reporterre<\/p>\n<\/div><\/div>\n<\/aside>\n<div id=\"galerie\">\n  <img decoding=\"async\" src=\"\" class=\"principale\" id=\"principale\"\/><\/p>\n<p id=\"legende\">legende<\/p>\n<\/div>\n<footer class=\"noprint\">\n<\/footer>\n<\/div>\n<p><br \/>\n<br \/><a href=\"https:\/\/reporterre.net\/Budget-2025-745-millions-d-euros-en-moins-pour-l-Ecologie\" target=\"_blank\"\">Source link <\/a><\/p>\n","protected":false},"excerpt":{"rendered":"<p>Le gouvernement a d\u00e9pos\u00e9 un amendement \u00e0 la loi de finances 2025 alourdissant les coupes budg\u00e9taires de la mission \u00c9cologie, d\u00e9veloppement et mobilit\u00e9 durable. &#8211; Flickr \/ CC BY 2.0&hellip; <\/p>\n","protected":false},"author":1,"featured_media":194,"comment_status":"open","ping_status":"open","sticky":false,"template":"","format":"standard","meta":{"footnotes":""},"categories":[1],"tags":[],"class_list":["post-193","post","type-post","status-publish","format-standard","has-post-thumbnail","hentry","category-non-classe"],"_links":{"self":[{"href":"https:\/\/monde25.info\/index.php\/wp-json\/wp\/v2\/posts\/193","targetHints":{"allow":["GET"]}}],"collection":[{"href":"https:\/\/monde25.info\/index.php\/wp-json\/wp\/v2\/posts"}],"about":[{"href":"https:\/\/monde25.info\/index.php\/wp-json\/wp\/v2\/types\/post"}],"author":[{"embeddable":true,"href":"https:\/\/monde25.info\/index.php\/wp-json\/wp\/v2\/users\/1"}],"replies":[{"embeddable":true,"href":"https:\/\/monde25.info\/index.php\/wp-json\/wp\/v2\/comments?post=193"}],"version-history":[{"count":0,"href":"https:\/\/monde25.info\/index.php\/wp-json\/wp\/v2\/posts\/193\/revisions"}],"wp:featuredmedia":[{"embeddable":true,"href":"https:\/\/monde25.info\/index.php\/wp-json\/wp\/v2\/media\/194"}],"wp:attachment":[{"href":"https:\/\/monde25.info\/index.php\/wp-json\/wp\/v2\/media?parent=193"}],"wp:term":[{"taxonomy":"category","embeddable":true,"href":"https:\/\/monde25.info\/index.php\/wp-json\/wp\/v2\/categories?post=193"},{"taxonomy":"post_tag","embeddable":true,"href":"https:\/\/monde25.info\/index.php\/wp-json\/wp\/v2\/tags?post=193"}],"curies":[{"name":"wp","href":"https:\/\/api.w.org\/{rel}","templated":true}]}}