{"id":19300,"date":"2025-11-13T00:12:37","date_gmt":"2025-11-12T23:12:37","guid":{"rendered":"https:\/\/monde25.info\/index.php\/2025\/11\/13\/medias-et-culture-face-a-lextremisme-la-campagne-europeenne-contre-le-groupe-des-freres-musulmans\/"},"modified":"2025-11-13T00:12:37","modified_gmt":"2025-11-12T23:12:37","slug":"medias-et-culture-face-a-lextremisme-la-campagne-europeenne-contre-le-groupe-des-freres-musulmans","status":"publish","type":"post","link":"https:\/\/monde25.info\/index.php\/2025\/11\/13\/medias-et-culture-face-a-lextremisme-la-campagne-europeenne-contre-le-groupe-des-freres-musulmans\/","title":{"rendered":"M\u00e9dias et culture face \u00e0 l\u2019extr\u00e9misme\u2026 La campagne europ\u00e9enne contre le groupe des Fr\u00e8res musulmans"},"content":{"rendered":"<p> <br \/>\n<\/p>\n<div>\n<ol class=\"campaign-loop campaign-list\">\n<li id=\"campaign-482494\" class=\"post-482494 campaign type-campaign status-publish hentry campaign-has-goal campaign-has-not-achieved-goal campaign-has-end-date campaign-has-not-ended\">\n\t<a target=\"_blank\" href=\"https:\/\/reseauinternational.net\/campaigns\/campagne-de-dons-septembre-octobre-2025\/\"><\/p>\n<h3>Campagne de dons Octobre 2025<\/h3>\n<p>\t\t\t<\/a><\/p>\n<p>\n\tAppel aux dons \u2013 Votre soutien nous est indispensable pour continuer \u00e0 vous fournir le meilleur de l\u2019information internationale alternative. C\u2019est gr\u00e2ce \u00e0 vos dons que nous pourrons maintenir le cap pour une information plurielle et r\u00e9ellement alternative. Nous comptons sur vous.<\/p>\n<p>\n<span class=\"amount\">20 261,00\u00a0\u20ac<\/span> de l\u2019objectif de <span class=\"goal-amount\">25 000,00\u00a0\u20ac<\/span> atteint<\/p>\n<\/li>\n<\/ol>\n<p>Dans un mouvement sans pr\u00e9c\u00e9dent, une s\u00e9rie de veill\u00e9es de protestation a \u00e9t\u00e9 lanc\u00e9e dans plusieurs villes europ\u00e9ennes, \u00e0 partir de Vienne et Prague, contre le groupe des Fr\u00e8res musulmans, r\u00e9clamant sa classification comme organisation terroriste. Ces mouvements, qui s\u2019inscrivent dans une campagne m\u00e9diatique du 11 au 24 novembre 2025, repr\u00e9sentent un tournant dans la mani\u00e8re de faire face \u00e0 la pens\u00e9e extr\u00e9miste en Europe, car leurs objectifs ne se limitent pas aux aspects s\u00e9curitaires ou l\u00e9gaux, mais s\u2019\u00e9tendent aux dimensions m\u00e9diatiques, culturelles et de sensibilisation, en insistant sur l\u2019importance d\u2019orienter \u00e0 la fois les communaut\u00e9s musulmanes et les Europ\u00e9ens vers une compr\u00e9hension profonde des risques li\u00e9s au discours religieux extr\u00e9miste.<\/p>\n<p>La campagne m\u00e9diatique accompagnant les veill\u00e9es de protestation se concentre sur la r\u00e9v\u00e9lation de l\u2019exploitation de la religion comme outil pour \u00e9tendre l\u2019influence politique et sociale, et met en lumi\u00e8re les m\u00e9thodes de recrutement des jeunes dans des conflits politiques sans rapport avec les valeurs mod\u00e9r\u00e9es de l\u2019islam.<\/p>\n<p>Les d\u00e9clarations officielles de la campagne indiquent que les groupes extr\u00e9mistes ne repr\u00e9sentent pas les musulmans mod\u00e9r\u00e9s, et que l\u2019expansion de la pens\u00e9e extr\u00e9miste nuit \u00e0 l\u2019image des communaut\u00e9s musulmanes et constitue une menace directe pour la coexistence entre diff\u00e9rentes religions et cultures en Europe.<\/p>\n<p>Du point de vue culturel, la campagne vise \u00e0 renforcer le concept de coexistence et de tol\u00e9rance, et \u00e0 r\u00e9affirmer les valeurs fondamentales de l\u2019islam mod\u00e9r\u00e9, telles que la justice, la mis\u00e9ricorde et le respect de l\u2019autre. Cela s\u2019inscrit dans le contexte de la confrontation des efforts d\u00e9ploy\u00e9s par les groupes extr\u00e9mistes pour m\u00ealer religion et politique, et exploiter les activit\u00e9s religieuses et caritatives pour imposer une agenda id\u00e9ologique aux soci\u00e9t\u00e9s europ\u00e9ennes.<\/p>\n<p>La campagne explique que la protection des mosqu\u00e9es et des centres culturels contre l\u2019exploitation politique n\u2019est pas seulement une question de s\u00e9curit\u00e9, mais une affaire culturelle et sociale li\u00e9e \u00e0 la pr\u00e9servation de l\u2019identit\u00e9 religieuse authentique et \u00e0 la protection des jeunes contre le glissement vers des conflits qui ne refl\u00e8tent pas leurs valeurs.<\/p>\n<p>Les m\u00e9dias jouent un r\u00f4le pivotal dans cette campagne, en couvrant les veill\u00e9es de protestation et en mettant en lumi\u00e8re leurs objectifs, en plus de fournir des analyses approfondies sur les m\u00e9thodes des groupes extr\u00e9mistes pour infiltrer les soci\u00e9t\u00e9s europ\u00e9ennes. La couverture m\u00e9diatique vise \u00e0 sensibiliser l\u2019opinion publique aux dangers de la pens\u00e9e extr\u00e9miste et \u00e0 r\u00e9v\u00e9ler l\u2019exploitation de la religion \u00e0 des fins politiques, contribuant ainsi \u00e0 construire une base populaire soutenant les mesures l\u00e9gales et s\u00e9curitaires visant \u00e0 contrer ces groupes.<\/p>\n<p>Les m\u00e9dias se positionnent ici non seulement comme un outil de transmission des faits, mais comme une plateforme culturelle et de sensibilisation contribuant \u00e0 fa\u00e7onner la conscience soci\u00e9tale sur l\u2019importance de prot\u00e9ger la coexistence et la paix sociale.<\/p>\n<p>La campagne inclut \u00e9galement des programmes de sensibilisation dirig\u00e9s directement vers les jeunes et les communaut\u00e9s musulmanes, pour les \u00e9duquer \u00e0 distinguer la religion en tant que valeur spirituelle d\u2019un outil d\u2019exploitation politique.<\/p>\n<p>Ces programmes comprennent des ateliers, des cercles de discussion et des initiatives \u00e9ducatives, visant \u00e0 renforcer la r\u00e9sistance intellectuelle des jeunes contre toute tentative de recrutement ou de les pousser vers des conflits \u00e9loign\u00e9s de leurs valeurs fondamentales. Cet accent \u00e9ducatif et culturel refl\u00e8te l\u2019importance d\u2019int\u00e9grer l\u2019\u00e9ducation et les m\u00e9dias dans une strat\u00e9gie globale de lutte contre l\u2019extr\u00e9misme.<\/p>\n<p>La campagne insiste \u00e9galement sur l\u2019importance de renforcer la coop\u00e9ration entre les gouvernements et les organisations de la soci\u00e9t\u00e9 civile, pour s\u2019assurer que les efforts de lutte contre l\u2019extr\u00e9misme ne se limitent pas aux mesures s\u00e9curitaires et l\u00e9gales, mais incluent \u00e9galement la construction d\u2019un environnement m\u00e9diatique et culturel conscient.<\/p>\n<p>Elle met l\u2019accent sur la n\u00e9cessit\u00e9 de soutenir les victimes de la violence r\u00e9sultant des activit\u00e9s des groupes extr\u00e9mistes, consid\u00e9rant cela comme une partie d\u2019une strat\u00e9gie culturelle pour cr\u00e9er une soci\u00e9t\u00e9 plus r\u00e9sistante \u00e0 l\u2019extr\u00e9misme, et garantissant la protection des droits de l\u2019homme et la coexistence entre diff\u00e9rentes sectes et communaut\u00e9s.<\/p>\n<p>D\u2019un point de vue strat\u00e9gique, les veill\u00e9es de protestation et les m\u00e9dias qui les accompagnent se r\u00e9v\u00e8lent comme des outils de pression efficaces sur les d\u00e9cideurs europ\u00e9ens pour adopter des politiques plus fermes envers les groupes extr\u00e9mistes.<\/p>\n<p>Les organisateurs soulignent que le renforcement de la sensibilisation m\u00e9diatique et culturelle contribue \u00e0 cr\u00e9er une pression populaire croissante, poussant les gouvernements \u00e0 prendre des mesures concr\u00e8tes, telles que la classification officielle des groupes comme terroristes, le gel de leurs actifs et la poursuite de leurs leaders devant les tribunaux internationaux.<\/p>\n<p>La campagne affirme que la soci\u00e9t\u00e9 europ\u00e9enne est devenue plus consciente des dangers de la pens\u00e9e extr\u00e9miste, et que l\u2019emploi des m\u00e9dias et de la culture pour affronter ce ph\u00e9nom\u00e8ne repr\u00e9sente une partie essentielle d\u2019une strat\u00e9gie int\u00e9gr\u00e9e pour prot\u00e9ger la coexistence et la paix sociale. Les messages transmis par les veill\u00e9es et les mouvements m\u00e9diatiques ne sont pas de simples avertissements symboliques, mais refl\u00e8tent la capacit\u00e9 des soci\u00e9t\u00e9s \u00e0 affronter les menaces intellectuelles et politiques, et \u00e0 renforcer une culture d\u2019appartenance civique et de citoyennet\u00e9 responsable.<\/p>\n<p>En conclusion, la campagne europ\u00e9enne contre le groupe des Fr\u00e8res musulmans montre comment les m\u00e9dias, la culture et la sensibilisation soci\u00e9tale peuvent \u00eatre int\u00e9gr\u00e9s dans une strat\u00e9gie globale de lutte contre l\u2019extr\u00e9misme. Les veill\u00e9es de protestation repr\u00e9sentent un outil symbolique et efficace, tandis que les m\u00e9dias jouent un r\u00f4le pivotal dans l\u2019orientation de l\u2019opinion publique et renforcent la capacit\u00e9 des jeunes et des communaut\u00e9s \u00e0 comprendre les risques et \u00e0 se prot\u00e9ger de l\u2019exploitation de la religion \u00e0 des fins politiques ou id\u00e9ologiques.<\/p>\n<p>La campagne confirme que la protection des soci\u00e9t\u00e9s contre l\u2019extr\u00e9misme n\u00e9cessite l\u2019int\u00e9gration des efforts s\u00e9curitaires et l\u00e9gaux avec des programmes m\u00e9diatiques, culturels et \u00e9ducatifs, pour que l\u2019Europe soit plus capable de r\u00e9sister aux menaces intellectuelles et de garantir la continuit\u00e9 de la coexistence pacifique entre les diff\u00e9rents composants culturels et religieux du continent.<\/p>\n<h5 class=\"wp-block-heading has-text-align-center\">*<\/h5>\n<p><strong><em>Les opinions exprim\u00e9es dans ce contenu n\u2019engagent que la responsabilit\u00e9 de l\u2019auteur<\/em>.<\/strong><\/p>\n<div class=\"sharedaddy sd-block sd-like jetpack-likes-widget-wrapper jetpack-likes-widget-unloaded\" id=\"like-post-wrapper-237719536-493860-6914ff5d4a4b3\" data-src=\"https:\/\/widgets.wp.com\/likes\/?ver=15.0.2#blog_id=237719536&amp;post_id=493860&amp;origin=reseauinternational.net&amp;obj_id=237719536-493860-6914ff5d4a4b3\" data-name=\"like-post-frame-237719536-493860-6914ff5d4a4b3\" data-title=\"Aimer ou rebloguer\">\n<h3 class=\"sd-title\">J\u2019aime \u00e7a\u00a0:<\/h3>\n<p><span class=\"button\"><span>J\u2019aime<\/span><\/span> <span class=\"loading\">chargement\u2026<\/span><\/p>\n<p><span class=\"sd-text-color\"\/><a target=\"_blank\" class=\"sd-link-color\"\/><\/div>\n<p><meta itemscope=\"\" itemprop=\"mainEntityOfPage\" itemtype=\"https:\/\/schema.org\/WebPage\" itemid=\"https:\/\/reseauinternational.net\/medias-et-culture-face-a-lextremisme-la-campagne-europeenne-contre-le-groupe-des-freres-musulmans\/\"\/><meta itemprop=\"headline\" content=\"M\u00e9dias et culture face \u00e0 l\u2019extr\u00e9misme\u2026 La campagne europ\u00e9enne contre le groupe des Fr\u00e8res musulmans\"\/><span style=\"display: none;\" itemprop=\"author\" itemscope=\"\" itemtype=\"https:\/\/schema.org\/Person\"><meta itemprop=\"name\" content=\"R\u00e9seau International\"\/><\/span><span style=\"display: none;\" itemprop=\"image\" itemscope=\"\" itemtype=\"https:\/\/schema.org\/ImageObject\"><meta itemprop=\"url\" content=\"https:\/\/i0.wp.com\/reseauinternational.net\/wp-content\/uploads\/2025\/11\/europe-20251112.jpg?fit=800%2C467&amp;ssl=1\"\/><meta itemprop=\"width\" content=\"800\"\/><meta itemprop=\"height\" content=\"467\"\/><\/span><span style=\"display: none;\" itemprop=\"publisher\" itemscope=\"\" itemtype=\"https:\/\/schema.org\/Organization\"><span style=\"display: none;\" itemprop=\"logo\" itemscope=\"\" itemtype=\"https:\/\/schema.org\/ImageObject\"><meta itemprop=\"url\" content=\"https:\/\/reseauinternational.net\/wp-content\/uploads\/2022\/06\/Capture-de\u0301cran-2022-06-14-a\u0300-16.51.07.png\"\/><\/span><meta itemprop=\"name\" content=\"R\u00e9seau International\"\/><\/span><meta itemprop=\"datePublished\" content=\"2025-11-12T20:41:16+00:00\"\/><meta itemprop=\"dateModified\" content=\"2025-11-12T20:41:26+00:00\"\/><\/div>\n<p><br \/>\n<br \/><a href=\"https:\/\/reseauinternational.net\/medias-et-culture-face-a-lextremisme-la-campagne-europeenne-contre-le-groupe-des-freres-musulmans\/\" target=\"_blank\"\">Source link <\/a><\/p>\n","protected":false},"excerpt":{"rendered":"<p>Campagne de dons Octobre 2025 Appel aux dons \u2013 Votre soutien nous est indispensable pour continuer \u00e0 vous fournir le meilleur de l\u2019information internationale alternative. C\u2019est gr\u00e2ce \u00e0 vos dons&hellip; <\/p>\n","protected":false},"author":1,"featured_media":19301,"comment_status":"open","ping_status":"open","sticky":false,"template":"","format":"standard","meta":{"footnotes":""},"categories":[1],"tags":[],"class_list":["post-19300","post","type-post","status-publish","format-standard","has-post-thumbnail","hentry","category-non-classe"],"_links":{"self":[{"href":"https:\/\/monde25.info\/index.php\/wp-json\/wp\/v2\/posts\/19300","targetHints":{"allow":["GET"]}}],"collection":[{"href":"https:\/\/monde25.info\/index.php\/wp-json\/wp\/v2\/posts"}],"about":[{"href":"https:\/\/monde25.info\/index.php\/wp-json\/wp\/v2\/types\/post"}],"author":[{"embeddable":true,"href":"https:\/\/monde25.info\/index.php\/wp-json\/wp\/v2\/users\/1"}],"replies":[{"embeddable":true,"href":"https:\/\/monde25.info\/index.php\/wp-json\/wp\/v2\/comments?post=19300"}],"version-history":[{"count":0,"href":"https:\/\/monde25.info\/index.php\/wp-json\/wp\/v2\/posts\/19300\/revisions"}],"wp:featuredmedia":[{"embeddable":true,"href":"https:\/\/monde25.info\/index.php\/wp-json\/wp\/v2\/media\/19301"}],"wp:attachment":[{"href":"https:\/\/monde25.info\/index.php\/wp-json\/wp\/v2\/media?parent=19300"}],"wp:term":[{"taxonomy":"category","embeddable":true,"href":"https:\/\/monde25.info\/index.php\/wp-json\/wp\/v2\/categories?post=19300"},{"taxonomy":"post_tag","embeddable":true,"href":"https:\/\/monde25.info\/index.php\/wp-json\/wp\/v2\/tags?post=19300"}],"curies":[{"name":"wp","href":"https:\/\/api.w.org\/{rel}","templated":true}]}}