{"id":19305,"date":"2025-11-13T01:51:40","date_gmt":"2025-11-13T00:51:40","guid":{"rendered":"https:\/\/monde25.info\/index.php\/2025\/11\/13\/le-samaritain-qui-a-franchi-les-murs-pour-atteindre-la-liberte\/"},"modified":"2025-11-13T01:51:40","modified_gmt":"2025-11-13T00:51:40","slug":"le-samaritain-qui-a-franchi-les-murs-pour-atteindre-la-liberte","status":"publish","type":"post","link":"https:\/\/monde25.info\/index.php\/2025\/11\/13\/le-samaritain-qui-a-franchi-les-murs-pour-atteindre-la-liberte\/","title":{"rendered":"le Samaritain qui a franchi les murs pour atteindre la libert\u00e9."},"content":{"rendered":"<p> <br \/>\n<\/p>\n<div id=\"\">\n<p>Le matin du 13 octobre 2025, Nader Saleh Sadaqa franchit les portes de la captivit\u00e9 apr\u00e8s vingt et un ans d\u2019emprisonnement.<\/p>\n<p>Son visage portait la lassitude des longues ann\u00e9es pass\u00e9es derri\u00e8re les barreaux, pourtant l\u2019\u00e9tincelle de d\u00e9termination dans ses yeux ne s\u2019\u00e9tait pas \u00e9teinte. Sa lib\u00e9ration n\u2019\u00e9tait pas seulement la fin d\u2019une peine de prison, c\u2019\u00e9tait la cl\u00f4ture d\u2019un chapitre d\u2019une histoire palestinienne unique, dont le h\u00e9ros \u00e9tait issu d\u2019une petite communaut\u00e9 mais croyait que l\u2019appartenance \u00e0 sa patrie est plus vaste que toute identit\u00e9 \u00e9troite.<\/p>\n<p><strong>Fils du mont Garizim<\/strong><\/p>\n<p>Nader Sadaqa est n\u00e9 en 1977 sur les pentes du mont Garizim \u00e0 Naplouse, parmi les maisons de la communaut\u00e9 samaritaine, qui s\u2019accroche encore \u00e0 ses traditions ancestrales.<\/p>\n<p>Il a grandi dans un petit groupe qui parle \u00e0 la fois l\u2019h\u00e9breu ancien et l\u2019arabe, vivant entre deux mondes, mais jamais loin des luttes de la terre et des gens qui les entouraient.<\/p>\n<p>Il disait souvent \u00e0 ses amis\u00a0: \u00ab\u00a0Les Samaritains font partie de la Palestine. Ces montagnes connaissent tous nos noms, anciens et nouveaux.\u00a0\u00bb<\/p>\n<p>\u00c0 l\u2019\u00e9cole de Naplouse, l\u2019enfant tranquille \u00e9tait attir\u00e9 par la lecture et l\u2019histoire, mais une ville sous occupation laisse peu de place \u00e0 l\u2019enfance. Pendant la Premi\u00e8re Intifada, Nader \u00e9tait l\u2019un de ces gar\u00e7ons qui lan\u00e7aient des pierres sur des soldats lourdement arm\u00e9s.<\/p>\n<p>Au moment de la Seconde Intifada, son nom \u00e9tait devenu connu au sein du Front populaire de lib\u00e9ration de la Palestine (FPLP), o\u00f9 il \u00e9tait apparu comme un commandant de terrain dans les Brigades Abou Ali Moustafa.<\/p>\n<p><strong>Le chemin vers la cellule<\/strong><\/p>\n<p>En 2004, apr\u00e8s deux ans de cavale, Nader fut captur\u00e9 par les forces isra\u00e9liennes lors d\u2019une vaste op\u00e9ration militaire dans le camp de r\u00e9fugi\u00e9s d\u2019A\u00efn Beit al-Ma\u2019.<\/p>\n<p>Les accusations \u00e9taient nombreuses\u00a0: appartenance \u00e0 une organisation interdite, planification d\u2019op\u00e9rations et participation \u00e0 des attaques contre l\u2019arm\u00e9e isra\u00e9lienne.<\/p>\n<p>Pour Nader, ces accusations \u00e9taient une reconnaissance silencieuse qu\u2019il n\u2019\u00e9tait jamais rest\u00e9 silencieux face \u00e0 l\u2019injustice.<\/p>\n<p>Il re\u00e7ut une peine s\u00e9v\u00e8re, six peines de prison \u00e0 perp\u00e9tuit\u00e9 plus quarante-cinq ann\u00e9es suppl\u00e9mentaires, ce qui faisait de lui l\u2019un de ceux qu\u2019Isra\u00ebl pensait ne jamais revoir la libert\u00e9.<\/p>\n<p>Mais \u00e0 l\u2019int\u00e9rieur de la prison, Nader n\u2019\u00e9tait pas qu\u2019un simple nom sur la liste des d\u00e9tenus. Il devint connu comme \u00ab\u00a0le penseur des prisonniers\u00a0\u00bb.<\/p>\n<p>Il donnait des conf\u00e9rences, \u00e9crivait sur l\u2019histoire et participait \u00e0 chaque gr\u00e8ve de la faim collective. Il disait \u00e0 ses cod\u00e9tenus\u00a0: \u00ab\u00a0La prison ne tue pas une personne, elle r\u00e9v\u00e8le sa vraie nature.\u00a0\u00bb<\/p>\n<p><strong>Le prisonnier samaritain<\/strong><\/p>\n<p>L\u2019histoire de Nader \u00e9tait unique, m\u00eame entre les murs de la prison\u00a0; il \u00e9tait le seul prisonnier samaritain dans les ge\u00f4les isra\u00e9liennes. Son parcours distinct suscitait la curiosit\u00e9 parmi les Isra\u00e9liens, mais il en fit un pont de d\u00e9fi.<\/p>\n<p>Il refusait que ses origines soient utilis\u00e9es pour justiquer de l\u2019indulgence ou de la sympathie et r\u00e9p\u00e9tait toujours\u00a0: \u00ab\u00a0Je suis samaritain par h\u00e9ritage, palestinien dans l\u2019\u00e2me et l\u2019occupation ne distingue pas un sang d\u2019un autre.\u00a0\u00bb<\/p>\n<p><strong>De l\u2019isolement \u00e0 la lumi\u00e8re<\/strong><\/p>\n<p>Nader fut plac\u00e9 \u00e0 plusieurs reprises en isolement cellulaire, accus\u00e9 d\u2019avoir communiqu\u00e9 avec son cod\u00e9tenu Ahmad Sa\u2019adate, le secr\u00e9taire g\u00e9n\u00e9ral du FPLP.<\/p>\n<p>Dans sa longue isolation, il \u00e9crivit de nombreuses r\u00e9flexions sur la libert\u00e9 et la dignit\u00e9. Interrog\u00e9 apr\u00e8s sa lib\u00e9ration sur ces jours, il dit calmement\u00a0: \u00ab\u00a0La solitude n\u2019effraie pas ceux qui se connaissent. J\u2019\u00e9coutais mon propre souffle et le comptais, juste pour me rappeler que j\u2019\u00e9tais encore en vie.\u00a0\u00bb<\/p>\n<p><strong>Le moment de la libert\u00e9<\/strong><\/p>\n<p>Lors de l\u2019\u00e9change de prisonniers qui a suivi l\u2019accord de cessez-le-feu \u00e0 Gaza, le nom de Nader Sadaqa figurait parmi les lib\u00e9rations inattendues.<\/p>\n<p>Isra\u00ebl avait refus\u00e9 de le lib\u00e9rer lors d\u2019\u00e9changes pr\u00e9c\u00e9dents, mais c\u00e9da cette fois aux conditions de la r\u00e9sistance.<\/p>\n<p>Lorsqu\u2019il fut lib\u00e9r\u00e9, Isra\u00ebl interdit \u00e0 sa famille de c\u00e9l\u00e9brer\u00a0; ils n\u2019eurent m\u00eame pas le droit de l\u2019accueillir \u00e0 Naplouse. Au lieu de cela, Nader fut transf\u00e9r\u00e9 dans la bande de Gaza parmi une liste de personnes expuls\u00e9es.<\/p>\n<p>L\u00e0-bas, la foule l\u2019accueillit avec des larmes, des fleurs et des chants, un m\u00e9lange de joie et de respect.<\/p>\n<p>C\u2019\u00e9tait comme assister \u00e0 un petit miracle\u00a0: un homme issu de l\u2019une des plus petites communaut\u00e9s religieuses du monde, lib\u00e9r\u00e9 des cellules les plus profondes d\u2019Isra\u00ebl gr\u00e2ce \u00e0 la lutte de son peuple.<\/p>\n<p><strong>Apr\u00e8s la libert\u00e9<\/strong><\/p>\n<p>Aujourd\u2019hui, Nader Sadaqa vit \u00e0 Gaza, parmi d\u2019anciens prisonniers lib\u00e9r\u00e9s avant lui. Il tente lentement de retrouver les d\u00e9tails d\u2019une vie qui lui a \u00e9t\u00e9 vol\u00e9e.<\/p>\n<p>Dans sa premi\u00e8re d\u00e9claration apr\u00e8s sa lib\u00e9ration, il a d\u00e9clar\u00e9\u00a0: \u00ab\u00a0Je ne suis pas sorti de prison pour me reposer, je suis sorti pour continuer le chemin avec ceux qui croient que la libert\u00e9 n\u2019est jamais accord\u00e9e\u00a0; elle est saisie.\u00a0\u00bb<\/p>\n<p>Dans ses traits se lit l\u2019histoire de toute la Palestine\u00a0: la diversit\u00e9, la r\u00e9silience et une capacit\u00e9 extraordinaire \u00e0 endurer.<\/p>\n<p>Nader Sadaqa n\u2019est pas qu\u2019un prisonnier lib\u00e9r\u00e9, il est un t\u00e9moignage vivant que la v\u00e9ritable identit\u00e9 se forge par la position prise, et non par le sang. Et que lorsque la libert\u00e9 arrive, elle ne distingue pas entre samaritain, musulman ou chr\u00e9tien, elle frappe \u00e0 chaque porte avec le m\u00eame nom\u00a0: Palestinien.<\/p>\n<p>Traduction\u00a0: Le Grand Soir.<\/p>\n<\/div>\n<p><br \/>\n<br \/><a href=\"https:\/\/www.legrandsoir.info\/nader-sadaqa-le-samaritain-qui-a-franchi-les-murs-pour-atteindre-la-liberte.html\" target=\"_blank\"\">Source link <\/a><\/p>\n","protected":false},"excerpt":{"rendered":"<p>Le matin du 13 octobre 2025, Nader Saleh Sadaqa franchit les portes de la captivit\u00e9 apr\u00e8s vingt et un ans d\u2019emprisonnement. Son visage portait la lassitude des longues ann\u00e9es pass\u00e9es&hellip; <\/p>\n","protected":false},"author":1,"featured_media":19306,"comment_status":"open","ping_status":"open","sticky":false,"template":"","format":"standard","meta":{"footnotes":""},"categories":[1],"tags":[],"class_list":["post-19305","post","type-post","status-publish","format-standard","has-post-thumbnail","hentry","category-non-classe"],"_links":{"self":[{"href":"https:\/\/monde25.info\/index.php\/wp-json\/wp\/v2\/posts\/19305","targetHints":{"allow":["GET"]}}],"collection":[{"href":"https:\/\/monde25.info\/index.php\/wp-json\/wp\/v2\/posts"}],"about":[{"href":"https:\/\/monde25.info\/index.php\/wp-json\/wp\/v2\/types\/post"}],"author":[{"embeddable":true,"href":"https:\/\/monde25.info\/index.php\/wp-json\/wp\/v2\/users\/1"}],"replies":[{"embeddable":true,"href":"https:\/\/monde25.info\/index.php\/wp-json\/wp\/v2\/comments?post=19305"}],"version-history":[{"count":0,"href":"https:\/\/monde25.info\/index.php\/wp-json\/wp\/v2\/posts\/19305\/revisions"}],"wp:featuredmedia":[{"embeddable":true,"href":"https:\/\/monde25.info\/index.php\/wp-json\/wp\/v2\/media\/19306"}],"wp:attachment":[{"href":"https:\/\/monde25.info\/index.php\/wp-json\/wp\/v2\/media?parent=19305"}],"wp:term":[{"taxonomy":"category","embeddable":true,"href":"https:\/\/monde25.info\/index.php\/wp-json\/wp\/v2\/categories?post=19305"},{"taxonomy":"post_tag","embeddable":true,"href":"https:\/\/monde25.info\/index.php\/wp-json\/wp\/v2\/tags?post=19305"}],"curies":[{"name":"wp","href":"https:\/\/api.w.org\/{rel}","templated":true}]}}