{"id":19308,"date":"2025-11-13T03:30:15","date_gmt":"2025-11-13T02:30:15","guid":{"rendered":"https:\/\/monde25.info\/index.php\/2025\/11\/13\/viktor-lespion-russe-100-fabrique-par-lexpress-avec-vos-impots\/"},"modified":"2025-11-13T03:30:15","modified_gmt":"2025-11-13T02:30:15","slug":"viktor-lespion-russe-100-fabrique-par-lexpress-avec-vos-impots","status":"publish","type":"post","link":"https:\/\/monde25.info\/index.php\/2025\/11\/13\/viktor-lespion-russe-100-fabrique-par-lexpress-avec-vos-impots\/","title":{"rendered":"Viktor : l\u2019espion russe 100% fabriqu\u00e9 par L\u2019Express avec vos imp\u00f4ts"},"content":{"rendered":"<p> <br \/>\n<\/p>\n<div>\n<ol class=\"campaign-loop campaign-list\">\n<li id=\"campaign-482494\" class=\"post-482494 campaign type-campaign status-publish hentry campaign-has-goal campaign-has-not-achieved-goal campaign-has-end-date campaign-has-not-ended\">\n\t<a target=\"_blank\" href=\"https:\/\/reseauinternational.net\/campaigns\/campagne-de-dons-septembre-octobre-2025\/\"><\/p>\n<h3>Campagne de dons Octobre 2025<\/h3>\n<p>\t\t\t<\/a><\/p>\n<p>\n\tAppel aux dons \u2013 Votre soutien nous est indispensable pour continuer \u00e0 vous fournir le meilleur de l\u2019information internationale alternative. C\u2019est gr\u00e2ce \u00e0 vos dons que nous pourrons maintenir le cap pour une information plurielle et r\u00e9ellement alternative. Nous comptons sur vous.<\/p>\n<p>\n<span class=\"amount\">20 261,00\u00a0\u20ac<\/span> de l\u2019objectif de <span class=\"goal-amount\">25 000,00\u00a0\u20ac<\/span> atteint<\/p>\n<\/li>\n<\/ol>\n<h6 class=\"wp-block-heading\"><strong>Quand le storytelling remplace le journalisme<\/strong><\/h6>\n<p>par <strong>Mounir Kilani<\/strong><\/p>\n<p>Le 8 novembre 2025, <em>L\u2019Express<\/em> publie un t\u00e9moignage anonyme pr\u00e9sent\u00e9 comme \u00ab<em>gla\u00e7ant<\/em>\u00bb\u202f: Viktor, jeune Russe, employ\u00e9 sur une base militaire, serait devenu espion pour la l\u00e9gion \u00abLibert\u00e9 de la Russie\u00bb apr\u00e8s le \u00abmassacre de Boutcha\u00bb.<br \/>Mais derri\u00e8re l\u2019\u00e9motion, une question essentielle\u202f: o\u00f9 s\u2019arr\u00eate le journalisme et o\u00f9 commence la narration \u00e9motionnelle\u202f?<\/p>\n<h5 class=\"wp-block-heading\"><strong>Un r\u00e9cit s\u00e9duisant, mais sans substance v\u00e9rifiable<\/strong><\/h5>\n<p>Viktor. Un nom, un \u00e2ge incertain, une base militaire invisible. Selon <em>L\u2019Express<\/em>, ce jeune Russe serait pass\u00e9 du patriotisme \u00e0 la r\u00e9sistance apr\u00e8s les \u00e9v\u00e9nements de Boutcha, devenant espion pour la l\u00e9gion \u00abLibert\u00e9 de la Russie\u00bb et transmettant informations et colis \u00e0 l\u2019arm\u00e9e ukrainienne via un certain \u00abC\u00e9sar\u00bb.<br \/>Le r\u00e9cit, qualifi\u00e9 de \u00ab<em>gla\u00e7ant<\/em>\u00bb, captive\u202f: patriotisme trahi, massacre subi, engagement h\u00e9ro\u00efque.<br \/>Mais la tension dramatique ne suffit pas \u00e0 faire d\u2019une histoire un reportage.<\/p>\n<h5 class=\"wp-block-heading\"><strong>Un t\u00e9moignage sans preuves mat\u00e9rielles<\/strong><\/h5>\n<p>Le t\u00e9moignage a \u00e9t\u00e9 recueilli via Signal, sans cam\u00e9ra, sans lieu identifiable, et relu par le t\u00e9moin pour \u00e9viter toute identification. Aucun document, photo ou message ne permet de corroborer ses affirmations. <em>L\u2019Express<\/em> \u00e9crit\u202f: \u00ab<em>Nous avons \u00e9chang\u00e9 pendant plusieurs mois<\/em>\u00bb \u2013 mais aucune v\u00e9rification externe n\u2019est mentionn\u00e9e.<br \/>L\u2019article se contente du \u00abil a dit\u00bb, transformant le r\u00e9cit en produit narratif plut\u00f4t qu\u2019en enqu\u00eate v\u00e9rifi\u00e9e.<br \/>M\u00eame la l\u00e9gion \u00abLibert\u00e9 de la Russie\u00bb et le personnage de C\u00e9sar, bien connus des m\u00e9dias, ne suffisent pas \u00e0 confirmer l\u2019existence r\u00e9elle de Viktor ni ses activit\u00e9s.<\/p>\n<h5 class=\"wp-block-heading\"><strong>Une investigation d\u00e9faillante<\/strong><\/h5>\n<p>Les d\u00e9tails fournis \u2013 a\u00e9rodromes, bombardiers, transferts de colis \u2013 restent des g\u00e9n\u00e9ralit\u00e9s\u202f: pas de noms, pas de dates, pas de coordonn\u00e9es.<br \/>Dans un v\u00e9ritable reportage d\u2019investigation, des preuves anonymis\u00e9es ou des sources crois\u00e9es auraient \u00e9t\u00e9 n\u00e9cessaires.<br \/>Ici, tout repose sur la tension dramatique et l\u2019empathie. Le sch\u00e9ma narratif est classique\u202f: patriote tromp\u00e9 par la propagande, confrontation avec un \u00e9v\u00e9nement tragique, puis engagement dans la dissidence.<br \/>L\u2019histoire humanise le \u00abbon camp\u00bb, tout en demeurant intouchable sur le plan des faits.<\/p>\n<h5 class=\"wp-block-heading\"><strong>Boutcha\u202f: un pivot\u00a0\u00e9motionnel<\/strong><\/h5>\n<p>Boutcha, pr\u00e9sent\u00e9 comme d\u00e9clencheur moral, illustre la construction \u00e9motionnelle du r\u00e9cit.<br \/>Les images et reportages m\u00e9diatiques ont circul\u00e9, mais aucune enqu\u00eate internationale ind\u00e9pendante n\u2019a confirm\u00e9 les responsabilit\u00e9s exactes.<br \/>Utiliser Boutcha comme pivot moral transforme un \u00e9v\u00e9nement controvers\u00e9 en instrument narratif, invitant le lecteur \u00e0 ressentir plut\u00f4t qu\u2019\u00e0 v\u00e9rifier.<\/p>\n<h5 class=\"wp-block-heading\"><strong>Contexte\u202f: la guerre de l\u2019information<\/strong><\/h5>\n<p>Ce r\u00e9cit s\u2019inscrit dans un contexte plus large\u202f: la guerre de l\u2019information.<br \/>L\u2019Ukraine et ses alli\u00e9s cherchent \u00e0 d\u00e9montrer l\u2019existence d\u2019une dissidence interne russe pour renforcer le soutien occidental.<br \/>Les m\u00e9dias occidentaux, en qu\u00eate de r\u00e9cits humains forts, publient ces t\u00e9moignages anonymes sans toujours pouvoir les v\u00e9rifier.<br \/>Pendant ce temps, la Russie r\u00e9prime s\u00e9v\u00e8rement tout \u00e9cart pour \u00abdiscr\u00e9dit de l\u2019arm\u00e9e\u00bb, tandis que le nombre r\u00e9el de d\u00e9serteurs reste marginal.<br \/>Dans ce climat, chaque mot devient une arme\u202f: l\u2019\u00e9motion sert de vecteur strat\u00e9gique.<\/p>\n<h5 class=\"wp-block-heading\"><strong>Une faute \u00e9thique majeure<\/strong><\/h5>\n<p>Publier un r\u00e9cit anonyme et inv\u00e9rifi\u00e9 sous couvert d\u2019investigation n\u2019est pas un simple manquement\u202f: c\u2019est une faute \u00e9thique majeure, avec des cons\u00e9quences tangibles.<br \/>En donnant \u00e0 Viktor la cr\u00e9dibilit\u00e9 d\u2019un h\u00e9ros, <em>L\u2019Express<\/em> et son correspondant transforment la narration en outil de propagande, contribuant \u00e0 un climat o\u00f9 la d\u00e9sinformation influence l\u2019opinion et les d\u00e9cisions politiques.<br \/>Ces pratiques m\u00e9diatiques, loin d\u2019\u00eatre neutres, participent \u00e0 une forme de brouillage informationnel qui alimente indirectement la poursuite du conflit.<\/p>\n<h5 class=\"wp-block-heading\"><strong>Violation de la d\u00e9ontologie journalistique<\/strong><\/h5>\n<p>Ces m\u00e9thodes contreviennent \u00e0 plusieurs principes de la Charte de Munich (1971)\u202f:<\/p>\n<ul class=\"wp-block-list\">\n<li>\u00abRespecter la v\u00e9rit\u00e9, quelles qu\u2019en puissent \u00eatre les cons\u00e9quences\u00bb\u202f;<br \/>\u00abPublier seulement les informations dont l\u2019origine est connue\u00bb\u202f;<br \/>\u00abRectifier toute information publi\u00e9e qui se r\u00e9v\u00e8le inexacte\u00bb.<\/li>\n<\/ul>\n<p>En diffusant un t\u00e9moignage inv\u00e9rifiable sous un vernis d\u2019investigation, le m\u00e9dia s\u2019\u00e9carte de ces obligations fondamentales.<br \/>C\u2019est un manquement grave \u00e0 la d\u00e9ontologie, d\u2019autant plus probl\u00e9matique lorsqu\u2019il est financ\u00e9 par l\u2019argent public.<\/p>\n<h5 class=\"wp-block-heading\"><strong>Financement public et responsabilit\u00e9 morale<\/strong><\/h5>\n<p><em>L\u2019Express<\/em> per\u00e7oit entre 800\u202f000 et 1 million d\u2019euros de subventions publiques en 2025.<br \/>Autrement dit, l\u2019imp\u00f4t des citoyens finance, en partie, des r\u00e9cits non v\u00e9rifi\u00e9s, construits pour \u00e9mouvoir plut\u00f4t que pour informer.<br \/>Cette situation interroge la responsabilit\u00e9 morale et politique\u202f: l\u2019\u00c9tat doit-il subventionner des productions m\u00e9diatiques qui s\u2019\u00e9cartent des r\u00e8gles fondamentales du journalisme\u202f?<\/p>\n<h5 class=\"wp-block-heading\"><strong>L\u2019Express\u202f: un m\u00e9dia institutionnalis\u00e9<\/strong><\/h5>\n<p>Le propri\u00e9taire de <em>L\u2019Express<\/em>, Alain Weill, dirige un empire m\u00e9diatique incluant <em>BFM<\/em>, <em>RMC<\/em>, et plusieurs cha\u00eenes de flux.<br \/>Ce syst\u00e8me m\u00e9diatique, concentr\u00e9 et interconnect\u00e9, favorise une homog\u00e9n\u00e9it\u00e9 \u00e9ditoriale o\u00f9 l\u2019\u00e9motion et la mise en sc\u00e8ne priment sur la v\u00e9rification.<br \/>Le cas Viktor illustre ce glissement\u202f: un r\u00e9cit spectaculaire publi\u00e9 sans le filtre du doute.<\/p>\n<h5 class=\"wp-block-heading\"><strong>Un m\u00e9lange de v\u00e9rit\u00e9s et de fiction<\/strong><\/h5>\n<p>Il ne s\u2019agit pas de nier la r\u00e9pression russe ni la r\u00e9alit\u00e9 du conflit\u202f: la l\u00e9gion \u00abLibert\u00e9 de la Russie\u00bb existe, les sanctions pour haute trahison sont r\u00e9elles, et la propagande d\u2019\u00c9tat russe est document\u00e9e.<br \/>Mais en m\u00ealant v\u00e9rit\u00e9s g\u00e9n\u00e9rales et affirmations inv\u00e9rifiables, <em>L\u2019Express<\/em> cr\u00e9e l\u2019illusion d\u2019un reportage cr\u00e9dible l\u00e0 o\u00f9 il n\u2019y a qu\u2019un storytelling de guerre.<\/p>\n<h5 class=\"wp-block-heading\"><strong>Questions fondamentales<\/strong><\/h5>\n<p>Ce m\u00e9lange de narration et de propagande soul\u00e8ve plusieurs questions\u202f:<br \/>Qu\u2019est-ce que le journalisme\u202f?<br \/>Jusqu\u2019o\u00f9 peut-on publier des r\u00e9cits anonymes sans preuve\u202f?<br \/>Et surtout, le lecteur sait-il que l\u2019article repose sur une construction narrative, et non sur des faits \u00e9tablis\u202f?<\/p>\n<h5 class=\"wp-block-heading\"><strong>Le constat final<\/strong><\/h5>\n<p>L\u2019article de <em>L\u2019Express<\/em> sur Viktor n\u2019est pas un reportage d\u2019investigation, mais un exercice de narration \u00e9motionnelle.<br \/>Il illustre comment certains m\u00e9dias peuvent transformer des faits g\u00e9n\u00e9raux et des \u00e9v\u00e9nements controvers\u00e9s en fiction persuasive, fa\u00e7onnant l\u2019opinion publique dans un conflit o\u00f9 la r\u00e9alit\u00e9 et la narration se confondent.<br \/>La responsabilit\u00e9 morale et d\u00e9ontologique des r\u00e9dactions doit \u00eatre examin\u00e9e, afin que le droit du public \u00e0 une information fiable soit enfin respect\u00e9.<\/p>\n<h5 class=\"wp-block-heading\"><strong>Quand la guerre devient un spectacle<\/strong><\/h5>\n<p>L\u2019affaire Viktor d\u00e9passe le simple cas journalistique.<br \/>Elle r\u00e9v\u00e8le une d\u00e9rive plus profonde\u202f: celle d\u2019un journalisme transform\u00e9 en spectacle \u00e9motionnel.<br \/>Sous la pression de la guerre de l\u2019information, les principes \u00e9thiques se dissolvent dans le r\u00e9cit.<br \/>En publiant un t\u00e9moignage fantomatique, <em>L\u2019Express<\/em> n\u2019a pas seulement manqu\u00e9 \u00e0 son devoir de v\u00e9rification\u202f: il a contribu\u00e9 \u00e0 brouiller la fronti\u00e8re entre information et propagande.<br \/>Et dans un monde o\u00f9 les mots peuvent tuer, la v\u00e9rit\u00e9 reste la premi\u00e8re victime.<\/p>\n<p><strong>Sources<\/strong><\/p>\n<p><strong>\u2022 <\/strong>Aides publiques \u00e0 <em>L\u2019Express<\/em> \u2013 donn\u00e9es officielles Minist\u00e8re de la Culture (2023-2025)<br \/><em>L\u2019Express<\/em> a per\u00e7u 1 013 846 \u20ac en 2023 et 926 514 \u20ac en 2024 (fonds pluralisme + distribution).<br \/><a target=\"_blank\" href=\"https:\/\/data.culture.gouv.fr\/explore\/dataset\/aides-a-la-presse-classement-des-titres-de-presse-aides\/table\/?sort=-montant_2023&amp;q=l%27express\">https:\/\/data.culture.gouv.fr\/explore\/dataset\/aides-a-la-presse-classement-des-titres-de-presse-aides\/table\/?sort=-montant_2023&amp;q=l%27express<\/a><\/p>\n<p><strong>\u2022 <\/strong>Charte de Munich (D\u00e9claration des devoirs et droits des journalistes, 1971) \u2013 texte int\u00e9gral officiel<br \/><a target=\"_blank\" href=\"https:\/\/graphism.fr\/wp-content\/uploads\/2017\/03\/charte_de_munich.pdf\">https:\/\/graphism.fr\/wp-content\/uploads\/2017\/03\/charte_de_munich.pdf<\/a><\/p>\n<div class=\"sharedaddy sd-block sd-like jetpack-likes-widget-wrapper jetpack-likes-widget-unloaded\" id=\"like-post-wrapper-237719536-493824-69152df4e5fc1\" data-src=\"https:\/\/widgets.wp.com\/likes\/?ver=15.0.2#blog_id=237719536&amp;post_id=493824&amp;origin=reseauinternational.net&amp;obj_id=237719536-493824-69152df4e5fc1\" data-name=\"like-post-frame-237719536-493824-69152df4e5fc1\" data-title=\"Aimer ou rebloguer\">\n<h3 class=\"sd-title\">J\u2019aime \u00e7a\u00a0:<\/h3>\n<p><span class=\"button\"><span>J\u2019aime<\/span><\/span> <span class=\"loading\">chargement\u2026<\/span><\/p>\n<p><span class=\"sd-text-color\"\/><a target=\"_blank\" class=\"sd-link-color\"\/><\/div>\n<p><meta itemscope=\"\" itemprop=\"mainEntityOfPage\" itemtype=\"https:\/\/schema.org\/WebPage\" itemid=\"https:\/\/reseauinternational.net\/viktor-lespion-russe-100-fabrique-par-lexpress-avec-vos-impots\/\"\/><meta itemprop=\"headline\" content=\"Viktor : l\u2019espion russe 100% fabriqu\u00e9 par L\u2019Express avec vos imp\u00f4ts\"\/><span style=\"display: none;\" itemprop=\"author\" itemscope=\"\" itemtype=\"https:\/\/schema.org\/Person\"><meta itemprop=\"name\" content=\"R\u00e9seau International\"\/><\/span><span style=\"display: none;\" itemprop=\"image\" itemscope=\"\" itemtype=\"https:\/\/schema.org\/ImageObject\"><meta itemprop=\"url\" content=\"https:\/\/i0.wp.com\/reseauinternational.net\/wp-content\/uploads\/2025\/11\/Sans-titre-23-5.png?fit=800%2C467&amp;ssl=1\"\/><meta itemprop=\"width\" content=\"800\"\/><meta itemprop=\"height\" content=\"467\"\/><\/span><span style=\"display: none;\" itemprop=\"publisher\" itemscope=\"\" itemtype=\"https:\/\/schema.org\/Organization\"><span style=\"display: none;\" itemprop=\"logo\" itemscope=\"\" itemtype=\"https:\/\/schema.org\/ImageObject\"><meta itemprop=\"url\" content=\"https:\/\/reseauinternational.net\/wp-content\/uploads\/2022\/06\/Capture-de\u0301cran-2022-06-14-a\u0300-16.51.07.png\"\/><\/span><meta itemprop=\"name\" content=\"R\u00e9seau International\"\/><\/span><meta itemprop=\"datePublished\" content=\"2025-11-12T12:31:23+00:00\"\/><meta itemprop=\"dateModified\" content=\"2025-11-12T12:31:52+00:00\"\/><\/div>\n<p><br \/>\n<br \/><a href=\"https:\/\/reseauinternational.net\/viktor-lespion-russe-100-fabrique-par-lexpress-avec-vos-impots\/\" target=\"_blank\"\">Source link <\/a><\/p>\n","protected":false},"excerpt":{"rendered":"<p>Campagne de dons Octobre 2025 Appel aux dons \u2013 Votre soutien nous est indispensable pour continuer \u00e0 vous fournir le meilleur de l\u2019information internationale alternative. C\u2019est gr\u00e2ce \u00e0 vos dons&hellip; <\/p>\n","protected":false},"author":1,"featured_media":19309,"comment_status":"open","ping_status":"open","sticky":false,"template":"","format":"standard","meta":{"footnotes":""},"categories":[1],"tags":[],"class_list":["post-19308","post","type-post","status-publish","format-standard","has-post-thumbnail","hentry","category-non-classe"],"_links":{"self":[{"href":"https:\/\/monde25.info\/index.php\/wp-json\/wp\/v2\/posts\/19308","targetHints":{"allow":["GET"]}}],"collection":[{"href":"https:\/\/monde25.info\/index.php\/wp-json\/wp\/v2\/posts"}],"about":[{"href":"https:\/\/monde25.info\/index.php\/wp-json\/wp\/v2\/types\/post"}],"author":[{"embeddable":true,"href":"https:\/\/monde25.info\/index.php\/wp-json\/wp\/v2\/users\/1"}],"replies":[{"embeddable":true,"href":"https:\/\/monde25.info\/index.php\/wp-json\/wp\/v2\/comments?post=19308"}],"version-history":[{"count":0,"href":"https:\/\/monde25.info\/index.php\/wp-json\/wp\/v2\/posts\/19308\/revisions"}],"wp:featuredmedia":[{"embeddable":true,"href":"https:\/\/monde25.info\/index.php\/wp-json\/wp\/v2\/media\/19309"}],"wp:attachment":[{"href":"https:\/\/monde25.info\/index.php\/wp-json\/wp\/v2\/media?parent=19308"}],"wp:term":[{"taxonomy":"category","embeddable":true,"href":"https:\/\/monde25.info\/index.php\/wp-json\/wp\/v2\/categories?post=19308"},{"taxonomy":"post_tag","embeddable":true,"href":"https:\/\/monde25.info\/index.php\/wp-json\/wp\/v2\/tags?post=19308"}],"curies":[{"name":"wp","href":"https:\/\/api.w.org\/{rel}","templated":true}]}}