{"id":1931,"date":"2024-12-10T22:49:10","date_gmt":"2024-12-10T21:49:10","guid":{"rendered":"https:\/\/monde25.info\/index.php\/2024\/12\/10\/proche-et-moyen-orient-la-syrie\/"},"modified":"2024-12-10T22:49:10","modified_gmt":"2024-12-10T21:49:10","slug":"proche-et-moyen-orient-la-syrie","status":"publish","type":"post","link":"https:\/\/monde25.info\/index.php\/2024\/12\/10\/proche-et-moyen-orient-la-syrie\/","title":{"rendered":"Proche et Moyen Orient : la Syrie"},"content":{"rendered":"<p> <br \/>\n<\/p>\n<div>\n<ol class=\"campaign-loop campaign-list\">\n<li id=\"campaign-433393\" class=\"post-433393 campaign type-campaign status-publish hentry campaign-has-goal campaign-has-not-achieved-goal campaign-has-end-date campaign-has-not-ended\">\n\t<a target=\"_blank\" href=\"https:\/\/reseauinternational.net\/campaigns\/campagne-de-dons-decembre-2024\/\"><\/p>\n<h3>Campagne de dons D\u00e9cembre 2024<\/h3>\n<p>\t\t\t<\/a><\/p>\n<p>\n\tChers amis lecteurs, R\u00e9seau International a de nouveau besoin de vous. Gr\u00e2ce \u00e0 vous, nous avons pu nous doter d\u2019un serveur plus s\u00e9curis\u00e9, avec des capacit\u00e9s bien plus aptes \u00e0 g\u00e9rer la tr\u00e8s grosse taille des donn\u00e9es du site et son important trafic. C\u2019est gr\u00e2ce \u00e0 vos dons que nous pouvons garder notre ind\u00e9pendance et\u00a0 vous fournir le meilleur de l\u2019information internationale alternative. Votre soutien nous est indispensable; nous comptons sur vous.<\/p>\n<p>\n<span class=\"amount\">3 161,00\u00a0\u20ac<\/span> de l\u2019objectif de <span class=\"goal-amount\">25 000,00\u00a0\u20ac<\/span> atteint<\/p>\n<\/li>\n<\/ol>\n<p>par <strong>Dominique Delawarde<\/strong><\/p>\n<p><strong>La prise de contr\u00f4le \u00e9clair de la Syrie <\/strong>par une coalition des oppositions au r\u00e9gime de Bachar El Assad constitue incontestablement une <strong>belle victoire pour le camp des n\u00e9ocons isra\u00e9lo-USOTAN. <\/strong>Elle a \u00e9t\u00e9 rendue possible par la conjonction des facteurs \u00e9num\u00e9r\u00e9s ci-apr\u00e8s.<\/p>\n<p>\u2013 La Syrie \u00e9tait tr\u00e8s affaiblie par 13 ann\u00e9es de guerre civile et de sanctions \u00e9conomiques qui avaient gravement affect\u00e9 les populations civiles, pr\u00eates \u00e0 se tourner vers n\u2019importe quelle solution nouvelle pouvant apporter un espoir, m\u00eame incertain.<\/p>\n<p>Le lecteur notera que cet affaiblissement \u00e9conomique de l\u2019\u00c9tat syrien \u00e9tait aussi <strong>tr\u00e8s largement li\u00e9 \u00e0 l\u2019occupation du territoire de la Syrie par l\u2019Arm\u00e9e des \u00c9tats-Unis sous le pr\u00e9texte mensonger de combattre le terrorisme.<\/strong> Les \u00c9tats-Unis qui n\u2019avaient pas \u00e9t\u00e9 invit\u00e9s par le gouvernement l\u00e9gal du pays, seul reconnu \u00e0 l\u2019ONU, \u00e9taient donc en contravention flagrante avec le droit international, en occupant ill\u00e9galement un pays souverain.<\/p>\n<p>En fait, ce corps exp\u00e9ditionnaire US n\u2019a jamais vraiment combattu le terrorisme, bien au contraire. Il s\u2019est content\u00e9 d\u2019armer, d\u2019entra\u00eener, d\u2019instrumentaliser les terroristes dans le seul but de combattre et de renverser Bachar El Assad. Ils ont largement contribu\u00e9 \u00e0 r\u00e9pandre le <strong>\u00abchaos constructif ou cr\u00e9ateur\u00bb<\/strong> cher \u00e0 Condoleeza Rice et \u00e0 Georges Friedman\u00a0 <a target=\"_blank\" href=\"https:\/\/fr.wikipedia.org\/wiki\/Chaos_cr%C3%A9ateur\" target=\"_blank\" rel=\"noopener\" title=\"\">https:\/\/fr.wikipedia.org\/wiki\/Chaos_cr %C3%A9ateur<\/a> .<\/p>\n<p>Par ailleurs, les Forces Arm\u00e9es US \u00e9tablies en Syrie se sont organis\u00e9es pour piller les ressources p\u00e9troli\u00e8res du pays et pour d\u00e9truire ou polluer les r\u00e9coltes par des bombardements. <strong>Le but <\/strong>\u00e0 atteindre \u00e9tant<strong> d\u2019appauvrir le pays et d\u2019interdire son auto-subsistance pour amener les populations civiles d\u00e9sesp\u00e9r\u00e9es \u00e0 se r\u00e9volter contre la gouvernance de Bachar El Assad. C\u2019est ce qui a fini par arriver ces jours derniers.<\/strong><\/p>\n<p>\u2013 Dans la charge \u00e9clair men\u00e9e contre la Syrie, l\u2019opposition au r\u00e9gime de Bachar el Assad \u00e9tait largement soutenue, financ\u00e9e, \u00e9quip\u00e9e, arm\u00e9e, entra\u00een\u00e9e et <strong>m\u00eame<u> encadr\u00e9e<\/u> et <u>renseign\u00e9e<\/u> par la coalition isra\u00e9lo-US-OTAN,<\/strong> les premiers r\u00f4les \u00e9tant tenus par Isra\u00ebl et son proxy US, ainsi que par une Turquie dont le chef d\u2019\u00c9tat \u00e9tait personnellement int\u00e9ress\u00e9 au succ\u00e8s de cette op\u00e9ration.<\/p>\n<p><strong>\u2013 Les principaux soutiens du r\u00e9gime de Bachar El Assad avaient d\u2019autres priorit\u00e9s qui rendaient leur intervention difficile.<\/strong> Le Hezbollah \u00e9tait engag\u00e9 contre les forces isra\u00e9liennes pour assurer la d\u00e9fense du territoire libanais et pouvait difficilement intervenir sur un deuxi\u00e8me front en Syrie. La Russie ne pouvait divertir une partie de ses forces du th\u00e9\u00e2tre ukrainien, alors m\u00eame qu\u2019elle souhaitait y intensifier son effort pour conqu\u00e9rir un maximum de territoires avant une \u00e9ventuelle ouverture de n\u00e9gociation. L\u2019Iran ne souhaitait ni disperser, ni user ses forces et risquer d\u2019en manquer lors d\u2019une confrontation majeure qui pourrait survenir demain contre une coalition isra\u00e9lo-US.<\/p>\n<p><strong>Les grands perdants de cette belle op\u00e9ration<\/strong> isra\u00e9lo-US-OTAN sont bien s\u00fbr, <strong>d\u2019abord, les Palestiniens<\/strong> qui voient certains de leurs principaux soutiens affaiblis et surtout qui ont vu <strong>les m\u00e9dias d\u00e9tourner leur attention vers la Syrie, ce qui permet au g\u00e9nocide dont ils sont les victimes de se poursuivre dans un silence m\u00e9diatique assourdissant.<\/strong><\/p>\n<p><strong>Le Hezbollah figure lui aussi parmi les perdants<\/strong> puisqu\u2019il se voit coup\u00e9 de sa base arri\u00e8re et de ses soutiens iraniens. Plus g\u00e9n\u00e9ralement, l\u2019axe de la r\u00e9sistance du croissant chiite qui allait de T\u00e9h\u00e9ran \u00e0 Beyrouth en passant par Bagdad et Damas est incontestablement affaibli, car coup\u00e9 en deux et <strong>l\u2019Iran a montr\u00e9 ses limites<\/strong> en choisissant, sans doute avec raison, de ne pas intervenir.<\/p>\n<p>Enfin, <strong>l\u2019image de la Russie ne sort pas forc\u00e9ment grandie, aux yeux de la majorit\u00e9 plan\u00e9taire, en laissant tomber un alli\u00e9 de longue date.<\/strong> En outre, elle risque de perdre ses deux bases de Tartous et de Hmeimim, ce qui constituera(it), pour elle, un revers strat\u00e9gique majeur.<\/p>\n<p><strong>La grande gagnante est incontestablement la gouvernance g\u00e9nocidaire d\u2019Isra\u00ebl<\/strong> qui a pos\u00e9 les bases des futures \u00e9tapes menant au \u00abGrand Isra\u00ebl\u00bb et r\u00e9ussi \u00e0 divertir les m\u00e9dias de l\u2019op\u00e9ration de nettoyage ethnique en cours en Palestine. Ne doutons pas que des annexions nouvelles de terres syriennes par Isra\u00ebl seront r\u00e9alis\u00e9es dans les prochains mois, notamment dans le Golan syrien, sous le pr\u00e9texte pr\u00e9visible de ne pas voir de m\u00e9chants islamistes s\u2019installer \u00e0 ses fronti\u00e8res.<\/p>\n<p>J\u2019avais \u00e9crit tout cela de mani\u00e8re tr\u00e8s pr\u00e9cise en <strong>avril 2017<\/strong>. <a target=\"_blank\" href=\"https:\/\/reseauinternational.net\/usa-syrie-france-israel-pour-mieux-comprendre-le-conflit-syriengeneral-2s-dominique-delawarde\" target=\"_blank\" rel=\"noopener\" title=\"\">https:\/\/reseauinternational.net\/usa-syrie-france-israel-pour-mieux-comprendre-le-conflit-syriengeneral-2s-dominique-delawarde<\/a><\/p>\n<p>Ce qui est arriv\u00e9 aujourd\u2019hui me donne raison, en tout cas sur les objectifs \u00e0 long terme d\u2019Isra\u00ebl.<\/p>\n<p>La Turquie de Erdogan sort \u00e9galement gagnante de cette op\u00e9ration, m\u00eame si son r\u00f4le dans cette op\u00e9ration n\u2019aura probablement pas \u00e9t\u00e9 tr\u00e8s appr\u00e9ci\u00e9 par Moscou et T\u00e9h\u00e9ran.<\/p>\n<p>Ce renversement du r\u00e9gime de Bachar El Assad <strong>n\u2019est donc, en aucun cas, le r\u00e9sultat des actions men\u00e9es par une pr\u00e9tendue coalition des oppositions,<\/strong> mais c\u2019est, sans l\u2019ombre d\u2019un doute, <strong>le r\u00e9sultat de l\u2019action, en coulisse, d\u2019une coalition de quatre \u00c9tats : Isra\u00ebl <\/strong><em>(Mossad)<\/em><strong>, meneur de Jeu ; ses proxies US <\/strong><em>(CIA)<\/em><strong> UK (<\/strong><em>MI6<\/em><strong>) et la Turquie. <\/strong>Sans le soutien coordonn\u00e9 de ces quatre \u00c9tats, le r\u00e9gime <strong>la\u00efc<\/strong> syrien serait toujours en place. Il est regrettable que nos m\u00e9dias nous servent un tout autre narratif. Pour m\u00e9moire revoir cette interview de Roland Dumas : <a target=\"_blank\" href=\"https:\/\/www.youtube.com\/watch?v=5MdffXCDZUI\" target=\"_blank\" rel=\"noopener\" title=\"\">https:\/\/www.youtube.com\/watch?v=5MdffXCDZUI<\/a><\/p>\n<p>Pour les journalistes na\u00effs, ou qui font semblant de l\u2019\u00eatre, <a target=\"_blank\" href=\"https:\/\/www.dailymotion.com\/video\/xidrjq\" target=\"_blank\" rel=\"noopener\" title=\"\">https:\/\/www.dailymotion.com\/video\/xidrjq<\/a><\/p>\n<p>Et avec un peu plus de d\u00e9tails <a target=\"_blank\" href=\"https:\/\/www.dailymotion.com\/video\/xlp2d6\" target=\"_blank\" rel=\"noopener\" title=\"\">https:\/\/www.dailymotion.com\/video\/xlp2d6<\/a><\/p>\n<div class=\"wp-block-image\">\n<figure class=\"alignright size-full is-resized\"><img data-recalc-dims=\"1\" decoding=\"async\" width=\"85\" height=\"97\" src=\"https:\/\/i0.wp.com\/reseauinternational.net\/wp-content\/uploads\/2024\/12\/Syrie-20241211.jpg?resize=85%2C97&amp;ssl=1\" alt=\"\" class=\"wp-image-434599\" style=\"width:136px;height:auto\" loading=\"lazy\"\/><\/figure>\n<\/div>\n<p>Enfin, cette photo extraite d\u2019une vid\u00e9o prise en Syrie, il y a 48h, en dit long.<\/p>\n<p><strong>Si certains de mes lecteurs n\u2019avaient toujours pas compris \u00e0 ce stade, je ne peux plus rien pour eux.<\/strong><\/p>\n<p><strong>Et maintenant ?<\/strong><\/p>\n<p>Il est peu probable que les Occidentaux, apr\u00e8s l\u2019avoir instrumentalis\u00e9 pour renverser le r\u00e9gime syrien, acceptent que Hayat Tahrir al-Cham (HTS),\u00a0 class\u00e9 terroriste par l\u2019ONU, les USA, l\u2019UE et la Russie puisse exercer le pouvoir bien longtemps en Syrie, aux fronti\u00e8res m\u00eame d\u2019Isra\u00ebl. Les Forces isra\u00e9liennes ont d\u00e9j\u00e0 p\u00e9n\u00e9tr\u00e9 en Syrie et occupent une large part du Golan. Il para\u00eet peu probable qu\u2019elles s\u2019en retirent un jour<strong>. Les Isra\u00e9liens ont d\u00e9j\u00e0 effectu\u00e9 250 frappes sur la Syrie depuis la prise de pouvoir par HTS. Les chars isra\u00e9liens sont d\u00e9sormais \u00e0 moins de 20 kilom\u00e8tres de Damas. <\/strong><a target=\"_blank\" href=\"https:\/\/tass.com\/world\/1884873\" target=\"_blank\" rel=\"noopener\" title=\"\">https:\/\/tass.com\/world\/1884873<\/a><\/p>\n<p>Il est encore trop t\u00f4t pour donner des pronostics sur l\u2019avenir de la Syrie. La seule conviction qui est la mienne, c\u2019est qu\u2019Isra\u00ebl cherchera, comme toujours, \u00e0 grignoter toujours plus de terre syrienne sur le Golan et ailleurs au pr\u00e9texte que l\u2019installation d\u2019islamistes \u00e0 ses fronti\u00e8res\u00a0 constitue une menace grave pour sa s\u00e9curit\u00e9 nationale. Isra\u00ebl a d\u00e9j\u00e0 d\u2019ailleurs commenc\u00e9 \u00e0 \u00e9largir sa \u00abzone tampon\u00bb sur le Golan \u2026. <strong>La violence au Proche Orient est donc loin d\u2019\u00eatre \u00e9teinte.<\/strong><\/p>\n<p>La finalisation du projet \u00e0 long terme \u00abEretz Isra\u00ebl\u00bb qui a toujours pr\u00e9valu depuis la cr\u00e9ation de l\u2019\u00c9tat devrait constituer un fil directeur pour tous ceux qui r\u00e9fl\u00e9chissent aux \u00e9quilibres g\u00e9opolitiques de la r\u00e9gion.\u00a0 <strong>HTS restera probablement beaucoup moins longtemps au pouvoir que la dynastie Assad. <\/strong>Isra\u00ebl saura se d\u00e9barrasser d\u2019HTS, le moment venu, apr\u00e8s l\u2019avoir utilis\u00e9 comme proxy.<\/p>\n<p>\u2013 <strong>Je suis intervenu \u00e0 plusieurs reprises<\/strong> sur des cha\u00eenes alternatives sur ce sujet syrien :<\/p>\n<p><strong>au Canada :<\/strong><a target=\"_blank\" href=\"https:\/\/youtu.be\/OTjLKs8c8Mc\"> <\/a><a target=\"_blank\" href=\"https:\/\/youtu.be\/OTjLKs8c8Mc\" target=\"_blank\" rel=\"noopener\" title=\"\"><strong>https:\/\/youtu.be\/OTjLKs8c8Mc<\/strong><\/a><strong>?\u00a0\u00a0\u00a0\u00a0\u00a0\u00a0\u00a0<\/strong><\/p>\n<p><strong>et\u00a0 Sur G\u00e9opolitique Profonde : <\/strong><a target=\"_blank\" href=\"https:\/\/youtu.be\/cHV8YLWzUUk?list=PLaMPnw9iEsepNc7QwxXVLyxT66hVCviwf&amp;t=7162\" target=\"_blank\" rel=\"noopener\" title=\"\"><strong>https:\/\/youtu.be\/<\/strong><\/a><a target=\"_blank\" href=\"https:\/\/youtu.be\/cHV8YLWzUUk?list=PLaMPnw9iEsepNc7QwxXVLyxT66hVCviwf&amp;t=7162\"><strong>cHV8YLWzUUk?list=PLaMPnw9iEsepNc7QwxXVLyxT66hVCviwf&amp;t=7162<\/strong><\/a><\/p>\n<p><a target=\"_blank\" href=\"https:\/\/reseauinternational.net\/author\/delawarde\/\" target=\"_blank\" rel=\"noopener\" title=\"Dominique Delawarde\">Dominique Delawarde<\/a><\/p>\n<div class=\"sharedaddy sd-block sd-like jetpack-likes-widget-wrapper jetpack-likes-widget-unloaded\" id=\"like-post-wrapper-237719536-434594-6758b3fc4f61e\" data-src=\"https:\/\/widgets.wp.com\/likes\/?ver=14.1#blog_id=237719536&amp;post_id=434594&amp;origin=reseauinternational.net&amp;obj_id=237719536-434594-6758b3fc4f61e&amp;n=1\" data-name=\"like-post-frame-237719536-434594-6758b3fc4f61e\" data-title=\"Aimer ou rebloguer\">\n<h3 class=\"sd-title\">J\u2019aime \u00e7a\u00a0:<\/h3>\n<p><span class=\"button\"><span>J\u2019aime<\/span><\/span> <span class=\"loading\">chargement\u2026<\/span><\/p>\n<p><span class=\"sd-text-color\"\/><a target=\"_blank\" class=\"sd-link-color\"\/><\/div>\n<p><meta itemscope=\"\" itemprop=\"mainEntityOfPage\" itemtype=\"https:\/\/schema.org\/WebPage\" itemid=\"https:\/\/reseauinternational.net\/proche-et-moyen-orient-la-syrie\/\"\/><meta itemprop=\"headline\" content=\"Proche et Moyen Orient : la Syrie\"\/><span style=\"display: none;\" itemprop=\"author\" itemscope=\"\" itemtype=\"https:\/\/schema.org\/Person\"><meta itemprop=\"name\" content=\"G\u00e9n\u00e9ral Dominique Delawarde\"\/><\/span><span style=\"display: none;\" itemprop=\"image\" itemscope=\"\" itemtype=\"https:\/\/schema.org\/ImageObject\"><meta itemprop=\"url\" content=\"https:\/\/i0.wp.com\/reseauinternational.net\/wp-content\/uploads\/2024\/12\/Syrie-20241210.jpg?fit=800%2C467&amp;ssl=1\"\/><meta itemprop=\"width\" content=\"800\"\/><meta itemprop=\"height\" content=\"467\"\/><\/span><span style=\"display: none;\" itemprop=\"publisher\" itemscope=\"\" itemtype=\"https:\/\/schema.org\/Organization\"><span style=\"display: none;\" itemprop=\"logo\" itemscope=\"\" itemtype=\"https:\/\/schema.org\/ImageObject\"><meta itemprop=\"url\" content=\"https:\/\/reseauinternational.net\/wp-content\/uploads\/2022\/06\/Capture-de\u0301cran-2022-06-14-a\u0300-16.51.07.png\"\/><\/span><meta itemprop=\"name\" content=\"G\u00e9n\u00e9ral Dominique Delawarde\"\/><\/span><meta itemprop=\"datePublished\" content=\"2024-12-10T22:31:11+00:00\"\/><meta itemprop=\"dateModified\" content=\"2024-12-10T22:31:27+00:00\"\/><\/div>\n<p><br \/>\n<br \/><a href=\"https:\/\/reseauinternational.net\/proche-et-moyen-orient-la-syrie\/\" target=\"_blank\"\">Source link <\/a><\/p>\n","protected":false},"excerpt":{"rendered":"<p>Campagne de dons D\u00e9cembre 2024 Chers amis lecteurs, R\u00e9seau International a de nouveau besoin de vous. Gr\u00e2ce \u00e0 vous, nous avons pu nous doter d\u2019un serveur plus s\u00e9curis\u00e9, avec des&hellip; <\/p>\n","protected":false},"author":1,"featured_media":1932,"comment_status":"open","ping_status":"open","sticky":false,"template":"","format":"standard","meta":{"footnotes":""},"categories":[1],"tags":[],"class_list":["post-1931","post","type-post","status-publish","format-standard","has-post-thumbnail","hentry","category-non-classe"],"_links":{"self":[{"href":"https:\/\/monde25.info\/index.php\/wp-json\/wp\/v2\/posts\/1931","targetHints":{"allow":["GET"]}}],"collection":[{"href":"https:\/\/monde25.info\/index.php\/wp-json\/wp\/v2\/posts"}],"about":[{"href":"https:\/\/monde25.info\/index.php\/wp-json\/wp\/v2\/types\/post"}],"author":[{"embeddable":true,"href":"https:\/\/monde25.info\/index.php\/wp-json\/wp\/v2\/users\/1"}],"replies":[{"embeddable":true,"href":"https:\/\/monde25.info\/index.php\/wp-json\/wp\/v2\/comments?post=1931"}],"version-history":[{"count":0,"href":"https:\/\/monde25.info\/index.php\/wp-json\/wp\/v2\/posts\/1931\/revisions"}],"wp:featuredmedia":[{"embeddable":true,"href":"https:\/\/monde25.info\/index.php\/wp-json\/wp\/v2\/media\/1932"}],"wp:attachment":[{"href":"https:\/\/monde25.info\/index.php\/wp-json\/wp\/v2\/media?parent=1931"}],"wp:term":[{"taxonomy":"category","embeddable":true,"href":"https:\/\/monde25.info\/index.php\/wp-json\/wp\/v2\/categories?post=1931"},{"taxonomy":"post_tag","embeddable":true,"href":"https:\/\/monde25.info\/index.php\/wp-json\/wp\/v2\/tags?post=1931"}],"curies":[{"name":"wp","href":"https:\/\/api.w.org\/{rel}","templated":true}]}}