{"id":19314,"date":"2025-11-13T07:21:04","date_gmt":"2025-11-13T06:21:04","guid":{"rendered":"https:\/\/monde25.info\/index.php\/2025\/11\/13\/ce-vote-qui-pourrait-demanteler-le-droit-social-et-environnemental-de-leurope\/"},"modified":"2025-11-13T07:21:04","modified_gmt":"2025-11-13T06:21:04","slug":"ce-vote-qui-pourrait-demanteler-le-droit-social-et-environnemental-de-leurope","status":"publish","type":"post","link":"https:\/\/monde25.info\/index.php\/2025\/11\/13\/ce-vote-qui-pourrait-demanteler-le-droit-social-et-environnemental-de-leurope\/","title":{"rendered":"Ce vote qui pourrait \u00ab\u00a0d\u00e9manteler le droit social et environnemental\u00a0\u00bb de l&#039;Europe"},"content":{"rendered":"<p> <br \/>\n<br \/><img loading=\"lazy\" decoding=\"async\" src=\"https:\/\/reporterre.net\/local\/cache-vignettes\/L700xH467\/afp__20251112__83tl9g3__v1__highres__belgiumeupoliticsparliament_resized-b9f93.jpg?1762963051\" class=\"spip_logo\" width=\"700\" height=\"467\" alt=\"\" \/><\/p>\n<p>En pleine <span class=\"caps\">COP30<\/span>, l&rsquo;Union europ\u00e9enne pourrait saborder ses propres engagements climatiques. Swann Bommier, de l&rsquo;<span class=\"caps\">ONG<\/span> Bloom, d\u00e9nonce une \u00ab<small class=\"fine d-inline\">\u00a0<\/small>reddition historique<small class=\"fine d-inline\">\u00a0<\/small>\u00bb face aux lobbies p\u00e9troliers et aux forces conservatrices. <br class=\"autobr\" \/> Est-ce la fin du Green Deal<small class=\"fine d-inline\">\u00a0<\/small>? Alors que s&rsquo;ouvre la <span class=\"caps\">COP30<\/span> \u00e0 Bel\u00e9m, au Br\u00e9sil, l&rsquo;Union europ\u00e9enne s&rsquo;appr\u00eate \u00e0 tourner le dos \u00e0 ses engagements climatiques. Ce jeudi 13\u00a0novembre, deux votes cruciaux auront lieu \u00e0 Bruxelles\u00a0: au Parlement europ\u00e9en, l&rsquo;adoption du premier paquet\u00a0(\u2026)<\/p>\n<p>                    <a target=\"_blank\" href=\"https:\/\/reporterre.net\/Ces-deux-votes-qui-pourraient-aneantir-le-Green-Deal-europeen?utm_source=RSS&amp;utm_medium=RSS\">Lire la suite<\/a><\/p>\n<p>                    &#8211;<br \/>\n                        <a target=\"_blank\" href=\"https:\/\/reporterre.net\/Entretien-19\" rel=\"directory\">Entretien<\/a><\/p>\n<p>                    \/<br \/>\n                        <a target=\"_blank\" href=\"https:\/\/reporterre.net\/Climat-18\" rel=\"tag\">Climat <\/a><br \/>\n                    ,<br \/>\n                        <a target=\"_blank\" href=\"https:\/\/reporterre.net\/Europe\" rel=\"tag\">Europe<\/a><br \/>\n                    ,<br \/>\n                        <a target=\"_blank\" href=\"https:\/\/reporterre.net\/Politique\" rel=\"tag\">Politique<\/a><br \/>\n<br \/><br \/>\n<br \/><a href=\"https:\/\/reporterre.net\/Ces-deux-votes-qui-pourraient-aneantir-le-Green-Deal-europeen\" target=\"_blank\"\">Source link <\/a><\/p>\n","protected":false},"excerpt":{"rendered":"<p>En pleine COP30, l&rsquo;Union europ\u00e9enne pourrait saborder ses propres engagements climatiques. Swann Bommier, de l&rsquo;ONG Bloom, d\u00e9nonce une \u00ab\u00a0reddition historique\u00a0\u00bb face aux lobbies p\u00e9troliers et aux forces conservatrices. Est-ce la&hellip; <\/p>\n","protected":false},"author":1,"featured_media":0,"comment_status":"open","ping_status":"open","sticky":false,"template":"","format":"standard","meta":{"footnotes":""},"categories":[1],"tags":[],"class_list":["post-19314","post","type-post","status-publish","format-standard","hentry","category-non-classe"],"_links":{"self":[{"href":"https:\/\/monde25.info\/index.php\/wp-json\/wp\/v2\/posts\/19314","targetHints":{"allow":["GET"]}}],"collection":[{"href":"https:\/\/monde25.info\/index.php\/wp-json\/wp\/v2\/posts"}],"about":[{"href":"https:\/\/monde25.info\/index.php\/wp-json\/wp\/v2\/types\/post"}],"author":[{"embeddable":true,"href":"https:\/\/monde25.info\/index.php\/wp-json\/wp\/v2\/users\/1"}],"replies":[{"embeddable":true,"href":"https:\/\/monde25.info\/index.php\/wp-json\/wp\/v2\/comments?post=19314"}],"version-history":[{"count":0,"href":"https:\/\/monde25.info\/index.php\/wp-json\/wp\/v2\/posts\/19314\/revisions"}],"wp:attachment":[{"href":"https:\/\/monde25.info\/index.php\/wp-json\/wp\/v2\/media?parent=19314"}],"wp:term":[{"taxonomy":"category","embeddable":true,"href":"https:\/\/monde25.info\/index.php\/wp-json\/wp\/v2\/categories?post=19314"},{"taxonomy":"post_tag","embeddable":true,"href":"https:\/\/monde25.info\/index.php\/wp-json\/wp\/v2\/tags?post=19314"}],"curies":[{"name":"wp","href":"https:\/\/api.w.org\/{rel}","templated":true}]}}