{"id":19315,"date":"2025-11-13T07:53:55","date_gmt":"2025-11-13T06:53:55","guid":{"rendered":"https:\/\/monde25.info\/index.php\/2025\/11\/13\/la-revolution-sera-bioregionale\/"},"modified":"2025-11-13T07:53:55","modified_gmt":"2025-11-13T06:53:55","slug":"la-revolution-sera-bioregionale","status":"publish","type":"post","link":"https:\/\/monde25.info\/index.php\/2025\/11\/13\/la-revolution-sera-bioregionale\/","title":{"rendered":"\u00ab La r\u00e9volution sera bior\u00e9gionale ! \u00bb"},"content":{"rendered":"<p> <br \/>\n<\/p>\n<div>\n<h4><strong>De consultant urbain \u00e0 cofondateur d\u2019un \u00e9covillage en Bretagne, Jean-Christophe Anna a tout quitt\u00e9 pour b\u00e2tir un autre mod\u00e8le de soci\u00e9t\u00e9. \u00c0 travers L\u2019Archipel du Vivant et son MOOC sur la bior\u00e9gion, il propose une alternative radicale \u00e0 la transition \u00e9cologique : <a target=\"_blank\" href=\"https:\/\/mrmondialisation.org\/pour-survivre-creons-des-micro-societes-autogerees-interview-avec-jean-christophe-anna\/\">reconstruire le monde \u00e0 partir du vivant.<\/a><\/strong><\/h4>\n<p><span style=\"font-weight: 400;\">Changer le monde \u00e0 l\u2019\u00e9chelle plan\u00e9taire ? Une illusion, selon Jean-Christophe Anna. <\/span><span style=\"font-weight: 400;\">Pour lui, la v\u00e9ritable r\u00e9volution se joue <\/span><b>localement, o<\/b><span style=\"font-weight: 400;\"><strong>\u00f9 les humains et non-humains r\u00e9apprennent \u00e0 cohabiter, voire \u00e0 r\u00e9habiter. <\/strong><\/span><span style=\"font-weight: 400;\">Entre utopie concr\u00e8te et philosophie politique, il d\u00e9fend <strong>la bior\u00e9gion comme <a target=\"_blank\" href=\"https:\/\/mrmondialisation.org\/un-souffle-despoir-face-aux-effondrements\/\">r\u00e9ponse cr\u00e9dible \u00e0 l\u2019effondrement \u00e9cologique et social en cours. <\/a><\/strong><\/span><\/p>\n<figure id=\"attachment_1148495\" aria-describedby=\"caption-attachment-1148495\" style=\"width: 1024px\" class=\"wp-caption alignnone\"><img fetchpriority=\"high\" decoding=\"async\" class=\"wp-image-1148495 size-medium\" src=\"https:\/\/mrmondialisation.org\/wp-content\/uploads\/2025\/11\/gros-plan-anna-1024x536.png\" alt=\"Jean Christophe Anna, et son beau tatouage anarchiste. Avec toutes autorisations. \" width=\"1024\" height=\"536\" srcset=\"https:\/\/mrmondialisation.org\/wp-content\/uploads\/2025\/11\/gros-plan-anna-1024x536.png 1024w, https:\/\/mrmondialisation.org\/wp-content\/uploads\/2025\/11\/gros-plan-anna-768x402.png 768w, https:\/\/mrmondialisation.org\/wp-content\/uploads\/2025\/11\/gros-plan-anna-696x364.png 696w, https:\/\/mrmondialisation.org\/wp-content\/uploads\/2025\/11\/gros-plan-anna-1068x559.png 1068w, https:\/\/mrmondialisation.org\/wp-content\/uploads\/2025\/11\/gros-plan-anna-803x420.png 803w, https:\/\/mrmondialisation.org\/wp-content\/uploads\/2025\/11\/gros-plan-anna.png 1500w\" sizes=\"(max-width: 1024px) 100vw, 1024px\"\/><figcaption id=\"caption-attachment-1148495\" class=\"wp-caption-text\">Jean Christophe Anna. Avec toutes autorisations.<\/figcaption><\/figure>\n<h4><b>Mr Mondialisation : Pour commencer, pouvez-vous nous raconter votre parcours en quelques mots ?<\/b><\/h4>\n<p><strong>Jean-Christophe Anna :<\/strong><em><span style=\"font-weight: 400;\"> \u00ab Je me d\u00e9finis comme <strong>un rebelle amoureux du vivant et un utopiste bior\u00e9gionaliste.<\/strong> Avant, j\u2019\u00e9tais un maillon du syst\u00e8me, tout en \u00e9tant conscient que nous vivions dans une soci\u00e9t\u00e9 compl\u00e8tement folle et profond\u00e9ment in\u00e9galitaire.<\/span><\/em><\/p>\n<p><em><span style=\"font-weight: 400;\">En 2017, j\u2019ai op\u00e9r\u00e9 une bascule aussi profonde que radicale. <strong>J\u2019ai d\u2019abord adopt\u00e9 tous les petits gestes : bannir le plastique, privil\u00e9gier le local, bio et de saison, renoncer \u00e0 l\u2019avion\u2026 <\/strong><\/span><span style=\"font-weight: 400;\"><strong>Apr\u00e8s avoir \u00e9t\u00e9 v\u00e9g\u00e9tarien pendant un an, je suis devenu <a target=\"_blank\" href=\"https:\/\/mrmondialisation.org\/un-bref-abecedaire-du-veganisme\/\">v\u00e9gan<\/a> et <a target=\"_blank\" href=\"https:\/\/mrmondialisation.org\/tribune-il-y-a-bien-une-propagande-speciste-dans-les-ecoles\/\">antisp\u00e9ciste<\/a> \u00e0 l\u2019automne 2018.<\/strong><\/span><\/em><\/p>\n<p><em><span style=\"font-weight: 400;\">Cela n\u2019a pas \u00e9t\u00e9 sans cons\u00e9quence sur mes proches. Aujourd\u2019hui, je passe chaque semaine d\u2019un univers \u00e0 l\u2019autre. Je vis entre deux mondes que tout oppose : <\/span><span style=\"font-weight: 400;\"><strong>une semaine ancr\u00e9e dans le vivant, o\u00f9 j\u2019habite dans une tiny house sans eau ni \u00e9lectricit\u00e9, au sein d\u2019un \u00e9covillage que j\u2019ai cofond\u00e9 en centre Bretagne<\/strong>\u00a0;<\/span>\u00a0<span style=\"font-weight: 400;\">et une semaine \u00e0 Strasbourg, m\u00e9tropole urbaine avec sa pollution, ses injonctions \u00e0 la consommation et ses rondes de policiers, gendarmes et militaires, o\u00f9 j\u2019ai la garde altern\u00e9e de mon fils de 14 ans. <\/span><span style=\"font-weight: 400;\">D\u2019un c\u00f4t\u00e9, le monde de demain en train d\u2019\u00e9merger ; de l\u2019autre, celui d\u2019aujourd\u2019hui, en cours d\u2019effondrement. \u00bb<\/span><\/em><\/p>\n<h4><b>Mr Mondialisation : Qu\u2019est-ce qui vous a amen\u00e9 \u00e0 cr\u00e9er L\u2019Archipel du Vivant ?<\/b><\/h4>\n<p><span style=\"font-weight: 400;\"><strong>Jean-Christophe Anna :<\/strong><\/span> <em><span style=\"font-weight: 400;\">\u00ab <a target=\"_blank\" href=\"https:\/\/archipelduvivant.org\/\">L\u2019Archipel du Vivant<\/a> est l\u2019aboutissement d\u2019une intense r\u00e9flexion de trois ans, ponctu\u00e9e d\u2019exp\u00e9riences diverses et vari\u00e9es et de belles rencontres. <\/span><\/em><\/p>\n<p><em><span style=\"font-weight: 400;\">D\u00e8s ma bascule, j\u2019ai rapidement compris que nous nous trompions de combat : <\/span><b>le climat n\u2019est qu\u2019un sympt\u00f4me<\/b><span style=\"font-weight: 400;\"> et un facteur aggravant de la catastrophe \u00e9cologique. <strong>Mais c\u2019est le vivant qui est extermin\u00e9 par la quasi-totalit\u00e9 des activit\u00e9s humaines. Le climat ne dispara\u00eetra pas, il se d\u00e9r\u00e8gle. Le vivant quant \u00e0 lui est en danger de mort.<\/strong><\/span><\/em><\/p>\n<p><em><span style=\"font-weight: 400;\">Il faut alors tout repenser pour instaurer un <a target=\"_blank\" href=\"https:\/\/mrmondialisation.org\/mondialisation-neoliberale-ennemi-de-la-democratie\/\">syst\u00e8me politique v\u00e9ritablement d\u00e9mocratique<\/a> fond\u00e9 sur <\/span><b>de petites unit\u00e9s locales<\/b><span style=\"font-weight: 400;\"> (les communes) plut\u00f4t que sur l\u2019\u00c9tat-nation et sa <a target=\"_blank\" href=\"https:\/\/mrmondialisation.org\/des-alternatives-a-la-democratie-representative-existent\/\">d\u00e9mocratie repr\u00e9sentative<\/a> qui ni repr\u00e9sentative, ni d\u00e9mocratique.<\/span><\/em><\/p>\n<h4><b>Mr Mondialisation : Concr\u00e8tement, que faites-vous \u00e0 travers L\u2019Archipel du Vivant ?\u00a0\u00a0<\/b><\/h4>\n<p><span style=\"font-weight: 400;\"><strong>Jean-Christophe Anna :<\/strong><\/span> <em><span style=\"font-weight: 400;\">\u00ab <a target=\"_blank\" href=\"https:\/\/archipelduvivant.org\/\">L\u2019Archipel du Vivant<\/a> est une ONG dont la raison d\u2019\u00eatre est <strong>de cr\u00e9er une soci\u00e9t\u00e9 au service du vivant en contribuant \u00e0 l\u2019\u00e9mergence de bior\u00e9gions.<\/strong><\/span><\/em><\/p>\n<p><em><span style=\"font-weight: 400;\">Nous poursuivons deux missions. <\/span><\/em><em><span style=\"font-weight: 400;\">D\u2019un c\u00f4t\u00e9, <strong>notre site internet vise \u00e0 informer pour permettre une meilleure appr\u00e9hension de la catastrophe \u00e9cologique et la d\u00e9couverte du monde alternatif.<\/strong> <\/span><\/em><\/p>\n<div class=\"td-a-rec td-a-rec-id-content_inline  tdi_1 td_block_template_1\">\n<span class=\"td-adspot-title\">&#8211; Pour une information libre ! &#8211;<\/span><a target=\"_blank\" href=\"https:\/\/fr.tipeee.com\/mr-mondialisation\" class=\"tipeee-project-small\">Soutenir Mr Japanization sur Tipeee<\/a>\n<\/div>\n<p><em><span style=\"font-weight: 400;\">De l\u2019autre, notre <a target=\"_blank\" href=\"https:\/\/archipelduvivant.org\/le-mooc-bioregion\/\">Mooc \u00ab\u00a0Bior\u00e9gion \u2013 Comment habiter autrement la Terre\u00a0\u00bb<\/a> qui est une formation en ligne de 7 semaines et <a target=\"_blank\" href=\"https:\/\/www.ecoledesvivants.org\/ateliers\/biotopie\/\">notre aventure immersive \u00ab\u00a0Biotopie \u2013 l\u2019utopie bior\u00e9gionale\u00a0\u00bb de 5 jours en pr\u00e9sentiel <\/a>\u00e0 l\u2019\u00e9cole des Vivants, fond\u00e9e par Alain Damasio, ont pour objectif <strong>d\u2019impulser une dynamique bior\u00e9gionale dans les territoires.<\/strong>\u00a0<\/span><\/em><\/p>\n<figure id=\"attachment_1160564\" aria-describedby=\"caption-attachment-1160564\" style=\"width: 1024px\" class=\"wp-caption alignnone\"><img loading=\"lazy\" decoding=\"async\" class=\"wp-image-1160564\" src=\"https:\/\/mrmondialisation.org\/wp-content\/uploads\/2025\/11\/cartographie-vous-zeste-ici-chez-vous-11zon-1524x856.jpg\" alt=\"Carte r\u00e9alis\u00e9e \u00e0 la Zeste (\u00c9cole des vivants) lors de la formation immersive - avec toutes autorisations - Jean Christophe Anna\" width=\"1024\" height=\"575\" srcset=\"https:\/\/mrmondialisation.org\/wp-content\/uploads\/2025\/11\/cartographie-vous-zeste-ici-chez-vous-11zon-1524x856.jpg 1524w, https:\/\/mrmondialisation.org\/wp-content\/uploads\/2025\/11\/cartographie-vous-zeste-ici-chez-vous-11zon-1024x575.jpg 1024w, https:\/\/mrmondialisation.org\/wp-content\/uploads\/2025\/11\/cartographie-vous-zeste-ici-chez-vous-11zon-768x431.jpg 768w, https:\/\/mrmondialisation.org\/wp-content\/uploads\/2025\/11\/cartographie-vous-zeste-ici-chez-vous-11zon-1536x862.jpg 1536w, https:\/\/mrmondialisation.org\/wp-content\/uploads\/2025\/11\/cartographie-vous-zeste-ici-chez-vous-11zon-2048x1150.jpg 2048w, https:\/\/mrmondialisation.org\/wp-content\/uploads\/2025\/11\/cartographie-vous-zeste-ici-chez-vous-11zon-696x391.jpg 696w, https:\/\/mrmondialisation.org\/wp-content\/uploads\/2025\/11\/cartographie-vous-zeste-ici-chez-vous-11zon-1068x600.jpg 1068w, https:\/\/mrmondialisation.org\/wp-content\/uploads\/2025\/11\/cartographie-vous-zeste-ici-chez-vous-11zon-748x420.jpg 748w\" sizes=\"auto, (max-width: 1024px) 100vw, 1024px\"\/><figcaption id=\"caption-attachment-1160564\" class=\"wp-caption-text\">Carte r\u00e9alis\u00e9e \u00e0 la Zeste (\u00c9cole des vivants) lors de la formation immersive \u2013 avec toutes autorisations \u2013 Jean Christophe Anna<\/figcaption><\/figure>\n<p><em><span style=\"font-weight: 400;\">Une multitude de ces initiatives existent dans les ruralit\u00e9s, en marge du syst\u00e8me dominant \u2014 \u00e9covillages, <a target=\"_blank\" href=\"https:\/\/mrmondialisation.org\/var-ecolieu-lutter-precarite-alimentaire\/\">\u00e9colieux<\/a>, recycleries, caf\u00e9s associatifs, repair caf\u00e9s, \u00e9piceries solidaires, <a target=\"_blank\" href=\"https:\/\/mrmondialisation.org\/82-monnaies-locales-en-france-ces-leviers-de-transitions-territoriales\/\">monnaies locales<\/a>, ZAD\u2026 <\/span><\/em><strong>Cependant, ces initiatives restent \u00e9parpill\u00e9es, encore trop isol\u00e9es les unes des autres.<\/strong><\/p>\n<p><span style=\"font-weight: 400;\"><em>Bien entendu, elles peuvent s\u2019unir pour organiser une f\u00eate de village ou un \u00e9v\u00e9nement culturel. Mais <strong>elles ne font pas syst\u00e8me dans une perspective de r\u00e9silience pour affronter l\u2019effondrement et encore moins dans un objectif politique d\u2019autonomie, d\u2019autod\u00e9termination, d\u2019affranchissement des institutions et de l\u2019\u00c9tat-nation. <\/strong><\/em><\/span><em><span style=\"font-weight: 400;\">Notre objectif est donc de <\/span><b>mettre en lien ces initiatives, de les \u00ab\u00a0<\/b><b>archip\u00e9liser\u00a0\u00bb<\/b><\/em><span style=\"font-weight: 400;\"><em>\u00a0pour les amener \u00e0 s\u2019organiser politiquement.<\/em> <\/span><\/p>\n<p><span style=\"font-weight: 400;\"><em>\u00c9co-anarchiste, l\u2019utopie bior\u00e9gionale puise ses racines chez \u00c9lis\u00e9e Reclus et Pierre Kropotkine. Elle a justement pour vocation finale de faire s\u00e9cession avec l\u2019\u00c9tat-nation. <\/em><em>\u00bb<\/em><\/span><\/p>\n<p><iframe loading=\"lazy\" title=\"Qui est-ce ?  Elis\u00e9e Reclus\" width=\"1110\" height=\"624\" src=\"https:\/\/www.youtube.com\/embed\/fufDhzDgqXw?feature=oembed\" frameborder=\"0\" allow=\"accelerometer; autoplay; clipboard-write; encrypted-media; gyroscope; picture-in-picture; web-share\" referrerpolicy=\"strict-origin-when-cross-origin\" allowfullscreen><\/iframe><\/p>\n<h4><strong>Mr Mondialisation : Quelles sont les origines du bior\u00e9gionalisme ?\u00a0<\/strong><\/h4>\n<p><span style=\"font-weight: 400;\"><strong>Jean-Christophe Anna :<\/strong><\/span> <em><span style=\"font-weight: 400;\"><strong>\u00ab La bior\u00e9gion originelle est nord-am\u00e9ricaine. Elle est n\u00e9e au milieu des ann\u00e9es 1970. <\/strong><\/span><span style=\"font-weight: 400;\">En France, ce concept est port\u00e9 par quelques personnes et quelques organisations : <a target=\"_blank\" href=\"https:\/\/mrmondialisation.org\/societe-post-metropoles-fin-villes\/\">Guillaume Faburel<\/a> (Soci\u00e9t\u00e9 \u00e9cologique du post-urbain), Mathias Rollot, le collectif Hydromondes, et enfin Agn\u00e8s Sina\u00ef, Yves Cochet et Beno\u00eet Th\u00e9vard (Institut Momentum). <\/span><span style=\"font-weight: 400;\">Nous ne sommes encore qu\u2019une poign\u00e9e \u00e0 travailler dessus.<\/span><\/em><\/p>\n<p><em><span style=\"font-weight: 400;\">La premi\u00e8re d\u00e9finition de la bior\u00e9gion est l\u2019\u0153uvre d\u2019<\/span><a target=\"_blank\" href=\"https:\/\/www.cambridge.org\/core\/journals\/environmental-conservation\/article\/abs\/bioregions-towards-bioregional-strategy-for-human-cultures\/B85A50F189EDCDB2F80283055173A986\"><span style=\"font-weight: 400;\">Allen Van Newkirk<\/span><\/a><span style=\"font-weight: 400;\"> en 1975, l\u2019ann\u00e9e de ma naissance. Nous avons donc, la bior\u00e9gion et moi, f\u00eat\u00e9 nos 50 ans cette ann\u00e9e ! <\/span><\/em><strong><em>Ce mouvement a abouti \u00e0 la r\u00e9daction d\u2019un texte v\u00e9ritablement fondateur du bior\u00e9gionalisme, co\u00e9crit par Peter Berg et Raymond Dasmann : <a target=\"_blank\" href=\"https:\/\/www.taylorfrancis.com\/chapters\/edit\/10.4324\/9781315890074-4\/reinhabiting-california-peter-berg-raymond-dasmann\">Reinhabiting California<\/a> publi\u00e9 en 1977.<\/em><\/strong><\/p>\n<p><em><span style=\"font-weight: 400;\"><strong>Anticapitaliste, anti-\u00e9tatique, anti-nationaliste et anti-raciste, le bior\u00e9gionalisme entretient une tr\u00e8s grande proximit\u00e9 avec d\u2019autres courants \u00e9cologistes<\/strong> : l\u2019antisp\u00e9cisme et l\u2019\u00e9cologie d\u00e9coloniale, le municipalisme libertaire et le d\u00e9croissantisme, l\u2019\u00e9cologie profonde et l<\/span><a target=\"_blank\" href=\"https:\/\/mrmondialisation.org\/lecologie-rajoute-une-charge-mentale-aux-femmes-et-lecofeminisme-vient-y-mettre-fin-solene-ducretot-interview\/\"><span style=\"font-weight: 400;\">\u2019\u00e9cof\u00e9minisme<\/span><\/a><span style=\"font-weight: 400;\">.\u00a0<\/span><\/em><em><span style=\"font-weight: 400;\">Comme le pense Doug Aberley, le bior\u00e9gionalisme incarne <strong>une v\u00e9ritable d\u00e9marche de r\u00e9sistance susceptible d\u2019agr\u00e9ger l\u2019ensemble des luttes \u00e9cologiques, sociales et culturelles. \u00bb<\/strong><\/span><\/em><\/p>\n<h4><strong>Mr Mondialisation : Qu\u2019est-ce que la bior\u00e9gion ?\u00a0<\/strong><\/h4>\n<p><strong>Jean-Christophe Anna :<\/strong><strong> <em>\u00ab <\/em><\/strong><em><strong>Une bior\u00e9gion, c\u2019est une r\u00e9gion de vie<\/strong><strong>, un territoire caract\u00e9ris\u00e9 par le vivant qu\u2019il h\u00e9berge, par les formes de vie qui y habitent et son harmonie \u00e9cosyst\u00e9mique,<\/strong> hydrographique, g\u00e9ographique, topographique et climatique. La bior\u00e9gion s\u2019affranchit donc des fronti\u00e8res artificielles, administratives humaines pour \u00e9pouser les contours du vivant.\u00a0<\/em><\/p>\n<blockquote>\n<p><em><strong>\u00ab La bior\u00e9gion est aussi une utopie, un projet politique d\u2019autod\u00e9termination : une mani\u00e8re de repenser comment les humains habitent et r\u00e9habitent un territoire en respectant le vivant. \u00bb<\/strong><\/em><\/p>\n<\/blockquote>\n<p><em><span style=\"font-weight: 400;\"><strong>La bior\u00e9gion se caract\u00e9rise par la souverainet\u00e9 et l\u2019autonomie de la plus petite unit\u00e9 politique pour tout sujet qui rel\u00e8ve de son p\u00e9rim\u00e8tre.<\/strong> <\/span><\/em><em><span style=\"font-weight: 400;\">Seules les questions qui concernent toute la bior\u00e9gion ou la conf\u00e9d\u00e9ration de bior\u00e9gions, celles relatives par exemple \u00e0 la sant\u00e9, l\u2019\u00e9ducation ou la justice, sont trait\u00e9es au niveau de chaque bior\u00e9gion ou au niveau de la conf\u00e9d\u00e9ration.<\/span><\/em><\/p>\n<p><em><span style=\"font-weight: 400;\"><strong> Dans une logique de d\u00e9mocratie directe, chaque unit\u00e9 politique locale est syst\u00e9matiquement sond\u00e9e avant la prise de toute d\u00e9cision.<\/strong> Plusieurs allers-retours entre l\u2019assembl\u00e9e globale et l\u2019unit\u00e9 locale vont alors se succ\u00e9der avant que la d\u00e9cision soit adopt\u00e9e.<\/span><\/em><\/p>\n<p><em><span style=\"font-weight: 400;\"><strong>Au Chiapas zapatiste dont l\u2019organisation politique est proche de la philosophie bior\u00e9gionale, les mandats sont courts, imp\u00e9ratifs, r\u00e9vocables, non reconductibles et non r\u00e9tribu\u00e9s.<\/strong> Ils sont exerc\u00e9s par des personnes qui ne sont en aucun cas des professionnels de la politique. \u00bb<\/span><\/em><\/p>\n<p><img loading=\"lazy\" decoding=\"async\" class=\"alignnone wp-image-1148739\" src=\"https:\/\/mrmondialisation.org\/wp-content\/uploads\/2025\/11\/la-bio-region-cest-quoi.png\" alt=\"\" width=\"1024\" height=\"1024\" srcset=\"https:\/\/mrmondialisation.org\/wp-content\/uploads\/2025\/11\/la-bio-region-cest-quoi.png 1080w, https:\/\/mrmondialisation.org\/wp-content\/uploads\/2025\/11\/la-bio-region-cest-quoi-1024x1024.png 1024w, https:\/\/mrmondialisation.org\/wp-content\/uploads\/2025\/11\/la-bio-region-cest-quoi-150x150.png 150w, https:\/\/mrmondialisation.org\/wp-content\/uploads\/2025\/11\/la-bio-region-cest-quoi-768x768.png 768w, https:\/\/mrmondialisation.org\/wp-content\/uploads\/2025\/11\/la-bio-region-cest-quoi-696x696.png 696w, https:\/\/mrmondialisation.org\/wp-content\/uploads\/2025\/11\/la-bio-region-cest-quoi-1068x1068.png 1068w, https:\/\/mrmondialisation.org\/wp-content\/uploads\/2025\/11\/la-bio-region-cest-quoi-420x420.png 420w\" sizes=\"auto, (max-width: 1024px) 100vw, 1024px\"\/><\/p>\n<h4><b>Mr Mondialisation : La bior\u00e9gion ne peut-elle pas, malgr\u00e9 elle, recouvrir une dimension d\u2019exclusion ?\u00a0<\/b><\/h4>\n<p><span style=\"font-weight: 400;\"><strong>Jean-Christophe Anna :<\/strong><\/span> <em><span style=\"font-weight: 400;\">\u00ab Contrairement \u00e0 l\u2019\u00c9tat-nation dont les fronti\u00e8res sont cens\u00e9es le mettre \u00e0 l\u2019abri de toute menace \u00e9trang\u00e8re ou aux id\u00e9es de repli sur soi v\u00e9hicul\u00e9es par l\u2019extr\u00eame droite, <strong>la bior\u00e9gion <\/strong><\/span><b>n\u2019est pas un territoire ferm\u00e9<\/b><span style=\"font-weight: 400;\">. <\/span><\/em><\/p>\n<p><em><strong>Elle n\u2019a pas vocation \u00e0 se prot\u00e9ger de l\u2019ext\u00e9rieur, mais \u00e0 <\/strong><b>accueillir l\u2019alt\u00e9rit\u00e9, <\/b><span style=\"font-weight: 400;\">notamment les personnes migrantes, et pas uniquement les r\u00e9fugi\u00e9\u00b7es climatiques, mais aussi les personnes qui quitteront les villes lorsque ces derni\u00e8res seront devenues inhabitables. <\/span><\/em><strong><em>La bior\u00e9gion constituera alors un espace refuge.<\/em><\/strong><\/p>\n<p><em><span style=\"font-weight: 400;\">En outre, la bior\u00e9gion a \u00e9galement pour ambition de cr\u00e9er <strong>une soci\u00e9t\u00e9 lib\u00e9r\u00e9e de tout rapport de pouvoir et de domination,<\/strong> aussi bien entre humains et non humains que dans les rapports inter-humains. \u00bb<\/span><\/em><\/p>\n<h4><b>Mr Mondialisation : Vous avez r\u00e9cemment lanc\u00e9 un MOOC, racontez-nous ?\u00a0<\/b><\/h4>\n<p><span style=\"font-weight: 400;\"><strong>Jean-Christophe <\/strong><\/span><span style=\"font-weight: 400;\"><strong>Anna : <\/strong><\/span><em><span style=\"font-weight: 400;\">\u00ab Apr\u00e8s de nombreux \u00e9changes avec Guillaume Faburel \u2013 avec qui j\u2019ai travaill\u00e9 au sein de la Soci\u00e9t\u00e9 \u00e9cologique du post-urbain, <strong>nous avons, en 2022, co-organis\u00e9 deux s\u00e9minaires d\u00e9di\u00e9s sp\u00e9cifiquement \u00e0 la bior\u00e9gion,<\/strong> avec plusieurs associations dont le R\u00e9seau RELIER, l\u2019Institut <\/span>Momentum, HALEM ou encore le Mouvement Colibris<span style=\"font-weight: 400;\">.\u00a0 <\/span><\/em><\/p>\n<p><em><span style=\"font-weight: 400;\">Il en est sorti l\u2019appel \u00ab\u00a0<\/span><span style=\"font-weight: 400;\"><a target=\"_blank\" href=\"https:\/\/www.post-urbain.org\/_files\/ugd\/38e931_dbb82a3135ea40cdaafd4e41f3b29b57.pdf\">Concevoir une bior\u00e9gion depuis son espace \u00e9cologique de vie.<\/a>\u00ab\u00a0<\/span><span style=\"font-weight: 400;\"><br \/><\/span><span style=\"font-weight: 400;\">Nous avons d\u00e9fini plusieurs rep\u00e8res adapt\u00e9s \u00e0 la configuration g\u00e9ographique europ\u00e9enne et \u00e0 la descente \u00e9nerg\u00e9tique et mat\u00e9rielle li\u00e9e \u00e0 l\u2019effondrement de notre civilisation : <\/span><\/em><strong><em>un diam\u00e8tre de 20 \u00e0 30 km (selon la topographie), <\/em><em>20 000 \u00e0 40 000 habitants, <\/em><em>environ 4 300 m\u00b2 par personne pour garantir l\u2019autonomie (alimentation, chauffage, habitat). <\/em><\/strong><em><span style=\"font-weight: 400;\">Tout le monde ne va pas n\u00e9cessairement mettre les mains dans la terre pour la cultiver, mais <strong>cette surface individuelle est viable, \u00e0 condition bien s\u00fbr que l\u2019artificialisation cesse un jour.<\/strong><\/span><\/em><\/p>\n<p><em><span style=\"font-weight: 400;\">N<\/span><\/em><em><span style=\"font-weight: 400;\">ous avons alors eu l\u2019id\u00e9e de <strong>concevoir un Mooc afin de toucher un maximum de monde avec une formule en ligne<\/strong> plus souple qu\u2019une formation classique physique. <strong>La premi\u00e8re session a d\u00e9but\u00e9<\/strong><\/span><strong> en janvier 2024 et nous venons d\u2019achever la quatri\u00e8me session. \u00bb<\/strong><\/em><\/p>\n<h4><b>Mr Mondialisation : Comment se d\u00e9roule le MOOC ?<\/b><\/h4>\n<p><span style=\"font-weight: 400;\"><strong>Jean-Christophe <\/strong><\/span><span style=\"font-weight: 400;\"><strong>Anna : <\/strong><\/span><em><span style=\"font-weight: 400;\">\u00ab MOOC signifie <\/span><\/em><span style=\"font-weight: 400;\">Massive Open Oline Course<\/span><em><span style=\"font-weight: 400;\">, donc en fran\u00e7ais \u00ab\u00a0une formation en ligne, ouverte \u00e0 toutes et tous.\u00a0\u00bb <\/span><span style=\"font-weight: 400;\">Avec ce MOOC, <strong>nous proposons une d\u00e9couverte th\u00e9orique de<\/strong><\/span><strong> l\u2019utopie bior\u00e9gionale.\u00a0<\/strong><\/em><\/p>\n<p><em><span style=\"font-weight: 400;\">Il s\u2019articule autour de <\/span><b>cinq grands enjeux<\/b><span style=\"font-weight: 400;\"> : <\/span><span style=\"font-weight: 400;\">L\u2019extermination du vivant, n<\/span><span style=\"font-weight: 400;\">otre mani\u00e8re d\u2019habiter la Terre (ville, m\u00e9tropole\u2026), l<\/span><span style=\"font-weight: 400;\">\u2019effondrement et les risques syst\u00e9miques, l<\/span><span style=\"font-weight: 400;\">es dominations et les oppressions syst\u00e9miques et pour finir l<\/span><span style=\"font-weight: 400;\">e d\u00e9ni d\u00e9mocratique. <\/span><\/em><em><strong>Chaque semaine, les participant\u00b7es explorent des modules et sous-modules multim\u00e9dias,<\/strong> \u00e0 savoir trois sous-modules par module, un d\u00e9fi \u00e0 relever, et une rubrique \u00ab\u00a0pour aller plus loin\u00a0\u00bb.<\/em><\/p>\n<p><em><span style=\"font-weight: 400;\">S\u2019appuyant sur du contenu th\u00e9orique, notre <a target=\"_blank\" href=\"https:\/\/archipelduvivant.org\/le-mooc-bioregion\/\">Mooc Bior\u00e9gion<\/a> a \u00e9galement une forte dimension interactive avec <strong>des visios hebdomadaires et une communaut\u00e9 en ligne sur <a target=\"_blank\" href=\"https:\/\/mattermost.com\/\">Mattermost<\/a>.<\/strong> Les participant\u00b7es peuvent ainsi interagir directement. D\u2019autant plus que toutes les personnes inscrites aux diff\u00e9rentes sessions du Mooc sont localis\u00e9es sur une carte <a target=\"_blank\" href=\"https:\/\/gogocarto.fr\/projects\">GogoCarto<\/a>. Plusieurs d\u2019entre elles se sont d\u00e9j\u00e0 rencontr\u00e9es sur leur territoire.<\/span><\/em><\/p>\n<p><em><span style=\"font-weight: 400;\">Le tout repr\u00e9sente environ <\/span><b>20 heures d\u2019au<\/b><strong>toformation pour la formule basique, et jusqu\u2019\u00e0 40 heures<\/strong><span style=\"font-weight: 400;\"><strong> pour la formule enrichie.<\/strong> Les contenus restent accessibles pendant plusieurs mois jusqu\u2019\u00e0 la session suivante. Les visios sont anim\u00e9es par des facilitatrices et des <\/span><b>facilitateurs form\u00e9\u00b7es par <a target=\"_blank\" href=\"https:\/\/fertiles.co\/\">Fertiles<\/a><\/b><span style=\"font-weight: 400;\">. Cette ann\u00e9e, <strong>nous avons ajout\u00e9 une approche \u00e9motionnelle en abordant chacun des cinq grands enjeux, avec des questions comme \u00ab\u00a0Comment vivez-vous l\u2019extermination du vivant ?\u00a0\u00bb<\/strong><\/span><\/em><\/p>\n<p><em><span style=\"font-weight: 400;\">Les retours sont tr\u00e8s positifs : nous adaptons le contenu au fil des sessions. <\/span><\/em><em><span style=\"font-weight: 400;\">\u00c0 ce jour, <\/span><b>340 \u00e0 350 personnes<\/b><span style=\"font-weight: 400;\"> ont particip\u00e9 au MOOC. \u00bb<\/span><\/em><\/p>\n<h4><b>Mr Mondialisation : Combien co\u00fbte votre Mooc ?\u00a0<\/b><\/h4>\n<p><span style=\"font-weight: 400;\"><strong>Jean-Christophe Anna :<\/strong><em> \u00ab Il fonctionne sur le principe d\u2019une <\/em><\/span><em><b>participation libre et consciente<\/b><span style=\"font-weight: 400;\">. <\/span><span style=\"font-weight: 400;\">Lors de chaque session, nous comptons entre 60 et 80 personnes inscrites. Parmi elles, environ 25 \u00e0 40 personnes s\u2019engagent vraiment dans le Mooc jusqu\u2019au bout. Ce sont elles qui contribuent financi\u00e8rement. \u00bb<\/span><\/em><\/p>\n<h4><b>Mr Mondialisation : Vous proposez \u00e9galement une aventure immersive. De quoi s\u2019agit-il ?<\/b><\/h4>\n<p><span style=\"font-weight: 400;\"><strong>Jean-Christophe Anna :<\/strong> <em>\u00ab<\/em> <em>Afin de compl\u00e9ter cette premi\u00e8re approche bior\u00e9gionale th\u00e9orique en ligne, nous invitons les participantes et participants <strong>\u00e0 prolonger l\u2019exp\u00e9rience dans une aventure immersive op\u00e9rationnelle qui se d\u00e9roule en pr\u00e9sentiel sur 5 jours.<\/strong><\/em><\/span><\/p>\n<blockquote>\n<p><strong><em>\u00ab La prochaine \u00e9dition de cette aventure \u00ab\u00a0Biotopie\u00a0\u00bb aura lieu du 23 au 29 novembre en Centre-Bretagne, \u00e0 Mellionnec. \u00bb<\/em><\/strong><\/p>\n<\/blockquote>\n<p><em><span style=\"font-weight: 400;\">Ce sera une immersion compl\u00e8te, avec <\/span><b>un escape game<\/b><span style=\"font-weight: 400;\"> pour trouver des r\u00e9ponses concr\u00e8tes aux immenses d\u00e9fis \u00e0 relever, <\/span><b>un jeu de l\u2019entraide, propos\u00e9 par notre partenaire Adaptation Radicale,<\/b><span style=\"font-weight: 400;\"> simulant un effondrement, <\/span><span style=\"font-weight: 400;\">une r\u00e9flexion collective sur les habitudes, les besoins, les atouts et faiblesses, les leviers et les freins, <\/span><span style=\"font-weight: 400;\">la co-construction d\u2019une strat\u00e9gie bior\u00e9gionale, <\/span><b>une cartographie cr\u00e9ative<\/b><span style=\"font-weight: 400;\"> du territoire bior\u00e9gional, <\/span><b>l\u2019\u00e9criture d\u2019un r\u00e9cit utopique et sa mise en sc\u00e8ne th\u00e9\u00e2trale avec notre partenaire futurs proches, <\/b><b>une reconnexion au vivant en for\u00eat<\/b><span style=\"font-weight: 400;\"> avec notre partenaire Identi\u2019Terre, <\/span><b>la d\u00e9couverte d\u2019initiatives alternatives locales et <\/b><b>des soir\u00e9es conviviales et artistiques, notamment avec notre partenaire Frissons Sauvages. \u00bb<\/b><\/em><\/p>\n<h4><strong>Mr Mondialisation : Quelle est votre ambition avec ces formations ?\u00a0<\/strong><\/h4>\n<p><span style=\"font-weight: 400;\"><strong>Jean-Christophe Anna : <\/strong><\/span><em><span style=\"font-weight: 400;\">\u00ab <\/span><span style=\"font-weight: 400;\">Notre ambition est de donner aux participantes et participants une <strong>bo\u00eete \u00e0 outils afin d\u2019impulser une dynamique bior\u00e9gionale dans leurs territoires respectifs.<\/strong><\/span><\/em><\/p>\n<p><em><span style=\"font-weight: 400;\"><strong>Dans l\u2019id\u00e9al, il faudrait que plusieurs bior\u00e9gions d\u00e9clarent leur ind\u00e9pendance de mani\u00e8re simultan\u00e9e ou rapproch\u00e9e dans le temps au moment-m\u00eame o\u00f9 l\u2019effondrement atteindra son stade ultime.<\/strong> Ou du moins qu\u2019elles d\u00e9stabilisent l\u2019\u00c9tat.<\/span><span style=\"font-weight: 400;\"><br \/><\/span><span style=\"font-weight: 400;\">Car si une bior\u00e9gion devait avoir des vell\u00e9it\u00e9s s\u00e9cessionnistes de mani\u00e8re trop isol\u00e9e, elle serait imm\u00e9diatement \u00e9cras\u00e9e par les forces de l\u2019ordre en subissant la folie r\u00e9pressive totalement d\u00e9complex\u00e9e du gouvernement fran\u00e7ais. \u00bb<\/span><\/em><\/p>\n<h4><b>Mr Mondialisation : Et votre livre alors\u202f?\u00a0<\/b><\/h4>\n<p><span style=\"font-weight: 400;\"><strong>Jean-Christophe Anna : <\/strong><em>\u00ab Apr\u00e8s deux premiers livres pour y partager mon constat <\/em><a target=\"_blank\" href=\"https:\/\/archipelduvivant.org\/nos-livres\/le-climat-nest-pas-le-bon-combat\/\">Le climat n\u2019est pas le bon combat<\/a><em>,\u00a0et un autre<\/em> <a target=\"_blank\" href=\"https:\/\/archipelduvivant.org\/nos-livres\/ecrivons-ensemble-un-nouveau-recit-pour-sauver-la-vie\/\">\u00c9crivons ensemble un nouveau r\u00e9cit pour sauver la vie<\/a><em>, je travaille actuellement sur un <\/em><\/span><em><b>r\u00e9cit utopique d\u2019anticipation.<\/b><\/em><\/p>\n<p><em><span style=\"font-weight: 400;\">L\u2019action principale de ce roman se d\u00e9roule en 2047. <strong>L\u2019\u00e8re bior\u00e9gionale a succ\u00e9d\u00e9 \u00e0 l\u2019ancienne \u00e8re, celle du syst\u00e8me dominant actuel qui s\u2019est effondr\u00e9 et des \u00c9tats-nations qui ont disparu.<\/strong> On y d\u00e9couvre les diff\u00e9rentes facettes d\u2019une conf\u00e9d\u00e9ration de trois bior\u00e9gions, 12 ans apr\u00e8s leur d\u00e9claration d\u2019ind\u00e9pendance. <\/span><span style=\"font-weight: 400;\">C\u2019est \u00e0 nous d\u00e9sormais d\u2019\u00e9crire un nouveau r\u00e9cit collectif, d\u2019inventer nos propres r\u00e8gles pour nous mettre au service du vivant ! \u00bb<\/span><\/em><\/p>\n<p style=\"text-align: right;\"><em>\u2013\u00a0 Propos recueillis par <strong>Maureen Damman<\/strong><\/em><\/p>\n<div class=\"td-a-rec td-a-rec-id-content_bottom  tdi_2 td_block_template_1\">\n<span class=\"td-adspot-title\">&#8211; Cet article gratuit et ind\u00e9pendant existe gr\u00e2ce \u00e0 vous &#8211;<\/span><\/p>\n<div class=\"td-all-devices\">\n    <a target=\"_blank\" href=\"https:\/\/mrmondialisation.org\/donation\/\" title=\"Faire_un_don\"><img decoding=\"async\" class=\"donationArticle\" src=\"https:\/\/mrmondialisation.org\/wp-content\/uploads\/2022\/12\/220405-flikalicious-final.jpg\" alt=\"Donation\"\/><\/a>\n<\/div>\n<\/div><\/div>\n<p><br \/>\n<br \/><a href=\"https:\/\/mrmondialisation.org\/jean-christophe-anna-revolution-bioregionale\/\" target=\"_blank\"\">Source link <\/a><\/p>\n","protected":false},"excerpt":{"rendered":"<p>De consultant urbain \u00e0 cofondateur d\u2019un \u00e9covillage en Bretagne, Jean-Christophe Anna a tout quitt\u00e9 pour b\u00e2tir un autre mod\u00e8le de soci\u00e9t\u00e9. \u00c0 travers L\u2019Archipel du Vivant et son MOOC sur&hellip; <\/p>\n","protected":false},"author":1,"featured_media":19316,"comment_status":"open","ping_status":"open","sticky":false,"template":"","format":"standard","meta":{"footnotes":""},"categories":[1],"tags":[],"class_list":["post-19315","post","type-post","status-publish","format-standard","has-post-thumbnail","hentry","category-non-classe"],"_links":{"self":[{"href":"https:\/\/monde25.info\/index.php\/wp-json\/wp\/v2\/posts\/19315","targetHints":{"allow":["GET"]}}],"collection":[{"href":"https:\/\/monde25.info\/index.php\/wp-json\/wp\/v2\/posts"}],"about":[{"href":"https:\/\/monde25.info\/index.php\/wp-json\/wp\/v2\/types\/post"}],"author":[{"embeddable":true,"href":"https:\/\/monde25.info\/index.php\/wp-json\/wp\/v2\/users\/1"}],"replies":[{"embeddable":true,"href":"https:\/\/monde25.info\/index.php\/wp-json\/wp\/v2\/comments?post=19315"}],"version-history":[{"count":0,"href":"https:\/\/monde25.info\/index.php\/wp-json\/wp\/v2\/posts\/19315\/revisions"}],"wp:featuredmedia":[{"embeddable":true,"href":"https:\/\/monde25.info\/index.php\/wp-json\/wp\/v2\/media\/19316"}],"wp:attachment":[{"href":"https:\/\/monde25.info\/index.php\/wp-json\/wp\/v2\/media?parent=19315"}],"wp:term":[{"taxonomy":"category","embeddable":true,"href":"https:\/\/monde25.info\/index.php\/wp-json\/wp\/v2\/categories?post=19315"},{"taxonomy":"post_tag","embeddable":true,"href":"https:\/\/monde25.info\/index.php\/wp-json\/wp\/v2\/tags?post=19315"}],"curies":[{"name":"wp","href":"https:\/\/api.w.org\/{rel}","templated":true}]}}