{"id":19325,"date":"2025-11-13T11:14:01","date_gmt":"2025-11-13T10:14:01","guid":{"rendered":"https:\/\/monde25.info\/index.php\/2025\/11\/13\/en-norvege-ces-autochtones-manifestent-toutes-les-semaines-pour-la-palestine\/"},"modified":"2025-11-13T11:14:01","modified_gmt":"2025-11-13T10:14:01","slug":"en-norvege-ces-autochtones-manifestent-toutes-les-semaines-pour-la-palestine","status":"publish","type":"post","link":"https:\/\/monde25.info\/index.php\/2025\/11\/13\/en-norvege-ces-autochtones-manifestent-toutes-les-semaines-pour-la-palestine\/","title":{"rendered":"En Norv\u00e8ge, ces autochtones manifestent toutes les semaines pour la Palestine"},"content":{"rendered":"<p> <br \/>\n<br \/><img loading=\"lazy\" decoding=\"async\" src=\"https:\/\/reporterre.net\/local\/cache-vignettes\/L700xH467\/tromso-24-pernot-60c36.jpg?1763020800\" class=\"spip_logo\" width=\"700\" height=\"467\" alt=\"\" \/><\/p>\n<p>Jumel\u00e9e avec Gaza depuis 2001, la ville norv\u00e9gienne Troms\u00f8 manifeste chaque semaine depuis deux ans pour d\u00e9noncer le g\u00e9nocide. Parmi eux, des autochtones s\u00e1mis qui \u00ab<small class=\"fine d-inline\">\u00a0<\/small>s&rsquo;identifient \u00e0 la cause palestinienne<small class=\"fine d-inline\">\u00a0<\/small>\u00bb. <br class=\"autobr\" \/><br \/>\nTroms\u00f8 (Norv\u00e8ge \/ S\u00e1pmi), reportage <br class=\"autobr\" \/><br \/>\nChaque samedi depuis deux ans, des keffiehs et des drapeaux palestiniens flottent dans le vent arctique de Troms\u00f8, plus grande ville du grand nord norv\u00e9gien. Des touristes, venus profiter des aurores bor\u00e9ales et des baleines, regardent le d\u00e9fil\u00e9\u00a0(\u2026)<\/p>\n<p>                    <a target=\"_blank\" href=\"https:\/\/reporterre.net\/En-Norvege-ces-autochtones-manifestent-toutes-les-semaines-pour-la-Palestine?utm_source=RSS&amp;utm_medium=RSS\">Lire la suite<\/a><\/p>\n<p>                    &#8211;<br \/>\n                        <a target=\"_blank\" href=\"https:\/\/reporterre.net\/Reportage\" rel=\"directory\">Reportage<\/a><\/p>\n<p>                    \/<br \/>\n                        <a target=\"_blank\" href=\"https:\/\/reporterre.net\/International\" rel=\"tag\">Monde<\/a><br \/>\n<br \/><br \/>\n<br \/><a href=\"https:\/\/reporterre.net\/En-Norvege-ces-autochtones-manifestent-toutes-les-semaines-pour-la-Palestine\" target=\"_blank\"\">Source link <\/a><\/p>\n","protected":false},"excerpt":{"rendered":"<p>Jumel\u00e9e avec Gaza depuis 2001, la ville norv\u00e9gienne Troms\u00f8 manifeste chaque semaine depuis deux ans pour d\u00e9noncer le g\u00e9nocide. Parmi eux, des autochtones s\u00e1mis qui \u00ab\u00a0s&rsquo;identifient \u00e0 la cause palestinienne\u00a0\u00bb.&hellip; <\/p>\n","protected":false},"author":1,"featured_media":0,"comment_status":"open","ping_status":"open","sticky":false,"template":"","format":"standard","meta":{"footnotes":""},"categories":[1],"tags":[],"class_list":["post-19325","post","type-post","status-publish","format-standard","hentry","category-non-classe"],"_links":{"self":[{"href":"https:\/\/monde25.info\/index.php\/wp-json\/wp\/v2\/posts\/19325","targetHints":{"allow":["GET"]}}],"collection":[{"href":"https:\/\/monde25.info\/index.php\/wp-json\/wp\/v2\/posts"}],"about":[{"href":"https:\/\/monde25.info\/index.php\/wp-json\/wp\/v2\/types\/post"}],"author":[{"embeddable":true,"href":"https:\/\/monde25.info\/index.php\/wp-json\/wp\/v2\/users\/1"}],"replies":[{"embeddable":true,"href":"https:\/\/monde25.info\/index.php\/wp-json\/wp\/v2\/comments?post=19325"}],"version-history":[{"count":0,"href":"https:\/\/monde25.info\/index.php\/wp-json\/wp\/v2\/posts\/19325\/revisions"}],"wp:attachment":[{"href":"https:\/\/monde25.info\/index.php\/wp-json\/wp\/v2\/media?parent=19325"}],"wp:term":[{"taxonomy":"category","embeddable":true,"href":"https:\/\/monde25.info\/index.php\/wp-json\/wp\/v2\/categories?post=19325"},{"taxonomy":"post_tag","embeddable":true,"href":"https:\/\/monde25.info\/index.php\/wp-json\/wp\/v2\/tags?post=19325"}],"curies":[{"name":"wp","href":"https:\/\/api.w.org\/{rel}","templated":true}]}}