{"id":19326,"date":"2025-11-13T11:47:48","date_gmt":"2025-11-13T10:47:48","guid":{"rendered":"https:\/\/monde25.info\/index.php\/2025\/11\/13\/le-president-algerien-a-gracie-lecrivain-boualem-sansal-a-la-demande-de-lallemagne\/"},"modified":"2025-11-13T11:47:48","modified_gmt":"2025-11-13T10:47:48","slug":"le-president-algerien-a-gracie-lecrivain-boualem-sansal-a-la-demande-de-lallemagne","status":"publish","type":"post","link":"https:\/\/monde25.info\/index.php\/2025\/11\/13\/le-president-algerien-a-gracie-lecrivain-boualem-sansal-a-la-demande-de-lallemagne\/","title":{"rendered":"Le pr\u00e9sident alg\u00e9rien a graci\u00e9 l\u2019\u00e9crivain Boualem Sansal \u00e0 la demande de l\u2019Allemagne"},"content":{"rendered":"<p> <br \/>\n<\/p>\n<div>\n<ol class=\"campaign-loop campaign-list\">\n<li id=\"campaign-482494\" class=\"post-482494 campaign type-campaign status-publish hentry campaign-has-goal campaign-has-not-achieved-goal campaign-has-end-date campaign-has-not-ended\">\n\t<a target=\"_blank\" href=\"https:\/\/reseauinternational.net\/campaigns\/campagne-de-dons-septembre-octobre-2025\/\"><\/p>\n<h3>Campagne de dons Octobre 2025<\/h3>\n<p>\t\t\t<\/a><\/p>\n<p>\n\tAppel aux dons \u2013 Votre soutien nous est indispensable pour continuer \u00e0 vous fournir le meilleur de l\u2019information internationale alternative. C\u2019est gr\u00e2ce \u00e0 vos dons que nous pourrons maintenir le cap pour une information plurielle et r\u00e9ellement alternative. Nous comptons sur vous.<\/p>\n<p>\n<span class=\"amount\">20 261,00\u00a0\u20ac<\/span> de l\u2019objectif de <span class=\"goal-amount\">25 000,00\u00a0\u20ac<\/span> atteint<\/p>\n<\/li>\n<\/ol>\n<p>par <strong>Evguenia Mylnikova<\/strong><\/p>\n<p>Le pr\u00e9sident de l\u2019Alg\u00e9rie, Abdelmadjid Tebboune, a acc\u00e9d\u00e9 \u00e0 la demande du pr\u00e9sident de la R\u00e9publique f\u00e9d\u00e9rale d\u2019Allemagne, Frank-Walter Steinmeier, visant \u00e0 accorder une gr\u00e2ce \u00e0 l\u2019\u00e9crivain Boualem Sansal pour des raisons humanitaires. C\u2019est ce qui\u00a0<a target=\"_blank\" href=\"https:\/\/x.com\/\" target=\"_blank\" rel=\"noopener\" title=\"\">ressort<\/a>\u00a0d\u2019une d\u00e9claration du gouvernement alg\u00e9rien.<\/p>\n<p>\u00ab<em>En application de l\u2019article 91, paragraphe 8, de la Constitution et apr\u00e8s consultation l\u00e9gale, le pr\u00e9sident de la R\u00e9publique a d\u00e9cid\u00e9 de r\u00e9pondre favorablement \u00e0 la demande (\u2026) du pr\u00e9sident de la R\u00e9publique f\u00e9d\u00e9rale d\u2019Allemagne<\/em>\u00bb, indique la d\u00e9claration.<\/p>\n<p>La demande, comme l\u2019a pr\u00e9cis\u00e9 le gouvernement, a \u00e9t\u00e9 examin\u00e9e \u00ab<em>avec une attention particuli\u00e8re compte tenu de sa nature et de ses fondements humanitaires<\/em>\u00bb. Conform\u00e9ment \u00e0 l\u2019accord, la partie allemande se chargera du transfert et du traitement m\u00e9dical de l\u2019\u00e9crivain.<\/p>\n<p>L\u2019\u00e9crivain franco-alg\u00e9rien Boualem Sansal avait \u00e9t\u00e9 arr\u00eat\u00e9 en novembre 2024 \u00e0 l\u2019a\u00e9roport d\u2019Alger apr\u00e8s avoir d\u00e9clar\u00e9, dans une interview \u00e0 un m\u00e9dia fran\u00e7ais, que, durant la p\u00e9riode coloniale, la France avait injustement c\u00e9d\u00e9 \u00e0 l\u2019Alg\u00e9rie un territoire appartenant au Maroc. Cette d\u00e9claration a \u00e9t\u00e9 per\u00e7ue par l\u2019Alg\u00e9rie comme une atteinte \u00e0 l\u2019unit\u00e9 nationale.<\/p>\n<p>En mars, Sansal avait \u00e9t\u00e9 condamn\u00e9 \u00e0 cinq ans de prison ferme et \u00e0 une amende de 500 000 dinars alg\u00e9riens (3730 dollars) pour atteinte \u00e0 l\u2019int\u00e9grit\u00e9 territoriale de l\u2019Alg\u00e9rie.<\/p>\n<p>Par la suite, le pr\u00e9sident fran\u00e7ais Emmanuel Macron\u00a0<a target=\"_blank\" href=\"https:\/\/afrinz.ru\/fr\/2025\/04\/emmanuel-macron-a-exhorte-le-president-algerien-a-faire-preuve-de-clemence-a-legard-de-lecrivain-emprisonne-boualem-sansal\" target=\"_blank\" rel=\"noopener\" title=\"\">avait appel\u00e9<\/a>\u00a0\u00e0 un geste de \u00ab<em>mis\u00e9ricorde et d\u2019humanit\u00e9<\/em>\u00bb envers l\u2019\u00e9crivain franco-alg\u00e9rien emprisonn\u00e9 Boualem Sansal lors d\u2019une conversation t\u00e9l\u00e9phonique avec le pr\u00e9sident alg\u00e9rien Abdelmadjid Tebboune.<\/p>\n<p>source : <a target=\"_blank\" href=\"https:\/\/afrinz.ru\/fr\/2025\/11\/le-president-algerien-a-gracie-lecrivain-boualem-sansal-a-la-demande-de-lallemagne\/\" target=\"_blank\" rel=\"noopener\" title=\"African Initiative\">African Initiative<\/a><\/p>\n<div class=\"sharedaddy sd-block sd-like jetpack-likes-widget-wrapper jetpack-likes-widget-unloaded\" id=\"like-post-wrapper-237719536-493870-6915b0ab1d228\" data-src=\"https:\/\/widgets.wp.com\/likes\/?ver=15.0.2#blog_id=237719536&amp;post_id=493870&amp;origin=reseauinternational.net&amp;obj_id=237719536-493870-6915b0ab1d228\" data-name=\"like-post-frame-237719536-493870-6915b0ab1d228\" data-title=\"Aimer ou rebloguer\">\n<h3 class=\"sd-title\">J\u2019aime \u00e7a\u00a0:<\/h3>\n<p><span class=\"button\"><span>J\u2019aime<\/span><\/span> <span class=\"loading\">chargement\u2026<\/span><\/p>\n<p><span class=\"sd-text-color\"\/><a target=\"_blank\" class=\"sd-link-color\"\/><\/div>\n<p><meta itemscope=\"\" itemprop=\"mainEntityOfPage\" itemtype=\"https:\/\/schema.org\/WebPage\" itemid=\"https:\/\/reseauinternational.net\/le-president-algerien-a-gracie-lecrivain-boualem-sansal-a-la-demande-de-lallemagne\/\"\/><meta itemprop=\"headline\" content=\"Le pr\u00e9sident alg\u00e9rien a graci\u00e9 l\u2019\u00e9crivain Boualem Sansal \u00e0 la demande de l\u2019Allemagne\"\/><span style=\"display: none;\" itemprop=\"author\" itemscope=\"\" itemtype=\"https:\/\/schema.org\/Person\"><meta itemprop=\"name\" content=\"R\u00e9seau International\"\/><\/span><span style=\"display: none;\" itemprop=\"image\" itemscope=\"\" itemtype=\"https:\/\/schema.org\/ImageObject\"><meta itemprop=\"url\" content=\"https:\/\/i0.wp.com\/reseauinternational.net\/wp-content\/uploads\/2025\/11\/Sansal-20251113.jpeg?fit=800%2C467&amp;ssl=1\"\/><meta itemprop=\"width\" content=\"800\"\/><meta itemprop=\"height\" content=\"467\"\/><\/span><span style=\"display: none;\" itemprop=\"publisher\" itemscope=\"\" itemtype=\"https:\/\/schema.org\/Organization\"><span style=\"display: none;\" itemprop=\"logo\" itemscope=\"\" itemtype=\"https:\/\/schema.org\/ImageObject\"><meta itemprop=\"url\" content=\"https:\/\/reseauinternational.net\/wp-content\/uploads\/2022\/06\/Capture-de\u0301cran-2022-06-14-a\u0300-16.51.07.png\"\/><\/span><meta itemprop=\"name\" content=\"R\u00e9seau International\"\/><\/span><meta itemprop=\"datePublished\" content=\"2025-11-13T10:03:19+00:00\"\/><meta itemprop=\"dateModified\" content=\"2025-11-13T10:03:41+00:00\"\/><\/div>\n<p><br \/>\n<br \/><a href=\"https:\/\/reseauinternational.net\/le-president-algerien-a-gracie-lecrivain-boualem-sansal-a-la-demande-de-lallemagne\/\" target=\"_blank\"\">Source link <\/a><\/p>\n","protected":false},"excerpt":{"rendered":"<p>Campagne de dons Octobre 2025 Appel aux dons \u2013 Votre soutien nous est indispensable pour continuer \u00e0 vous fournir le meilleur de l\u2019information internationale alternative. C\u2019est gr\u00e2ce \u00e0 vos dons&hellip; <\/p>\n","protected":false},"author":1,"featured_media":19327,"comment_status":"open","ping_status":"open","sticky":false,"template":"","format":"standard","meta":{"footnotes":""},"categories":[1],"tags":[],"class_list":["post-19326","post","type-post","status-publish","format-standard","has-post-thumbnail","hentry","category-non-classe"],"_links":{"self":[{"href":"https:\/\/monde25.info\/index.php\/wp-json\/wp\/v2\/posts\/19326","targetHints":{"allow":["GET"]}}],"collection":[{"href":"https:\/\/monde25.info\/index.php\/wp-json\/wp\/v2\/posts"}],"about":[{"href":"https:\/\/monde25.info\/index.php\/wp-json\/wp\/v2\/types\/post"}],"author":[{"embeddable":true,"href":"https:\/\/monde25.info\/index.php\/wp-json\/wp\/v2\/users\/1"}],"replies":[{"embeddable":true,"href":"https:\/\/monde25.info\/index.php\/wp-json\/wp\/v2\/comments?post=19326"}],"version-history":[{"count":0,"href":"https:\/\/monde25.info\/index.php\/wp-json\/wp\/v2\/posts\/19326\/revisions"}],"wp:featuredmedia":[{"embeddable":true,"href":"https:\/\/monde25.info\/index.php\/wp-json\/wp\/v2\/media\/19327"}],"wp:attachment":[{"href":"https:\/\/monde25.info\/index.php\/wp-json\/wp\/v2\/media?parent=19326"}],"wp:term":[{"taxonomy":"category","embeddable":true,"href":"https:\/\/monde25.info\/index.php\/wp-json\/wp\/v2\/categories?post=19326"},{"taxonomy":"post_tag","embeddable":true,"href":"https:\/\/monde25.info\/index.php\/wp-json\/wp\/v2\/tags?post=19326"}],"curies":[{"name":"wp","href":"https:\/\/api.w.org\/{rel}","templated":true}]}}