{"id":19330,"date":"2025-11-13T12:53:55","date_gmt":"2025-11-13T11:53:55","guid":{"rendered":"https:\/\/monde25.info\/index.php\/2025\/11\/13\/lunion-africaine-invite-donald-trump-a-reflechir-avant-de-parler-de-la-situation-au-nigeria-rt-en-francais\/"},"modified":"2025-11-13T12:53:55","modified_gmt":"2025-11-13T11:53:55","slug":"lunion-africaine-invite-donald-trump-a-reflechir-avant-de-parler-de-la-situation-au-nigeria-rt-en-francais","status":"publish","type":"post","link":"https:\/\/monde25.info\/index.php\/2025\/11\/13\/lunion-africaine-invite-donald-trump-a-reflechir-avant-de-parler-de-la-situation-au-nigeria-rt-en-francais\/","title":{"rendered":"L\u2019Union africaine invite Donald Trump \u00e0 \u00abr\u00e9fl\u00e9chir avant de parler\u00bb de la situation au Nigeria \u2014 RT en fran\u00e7ais"},"content":{"rendered":"<p> <br \/>\n<br \/><img decoding=\"async\" src=\"https:\/\/mf.b37mrtl.ru\/french\/images\/2025.11\/thumbnail\/6915abc787f3ec73d549eb42.jpg\" \/><\/p>\n<div>\n<p class=\"text__summary\">\n                                        Le pr\u00e9sident de la Commission de l\u2019Union africaine, Mahmoud Ali Youssouf, a rejet\u00e9 les accusations de Donald Trump \u00e9voquant un \u00abg\u00e9nocide\u00bb contre les chr\u00e9tiens au Nigeria. Il a affirm\u00e9 le 12 novembre \u00e0 New York qu\u2019aucune situation de ce type n\u2019existait dans le nord du pays, contrairement aux affirmations du pr\u00e9sident am\u00e9ricain.\n                                    <\/p>\n<p>Le pr\u00e9sident de la Commission de l\u2019Union africaine (UA), Mahmoud Ali Youssouf, a d\u00e9clar\u00e9 le 12 novembre \u00e0 New York qu\u2019il n\u2019y avait \u00ab\u00a0aucun g\u00e9nocide\u00a0\u00bb dans le nord du Nigeria, en r\u00e9ponse aux propos du pr\u00e9sident am\u00e9ricain Donald Trump. Ce dernier avait affirm\u00e9 que de \u00ab\u00a0tr\u00e8s grands nombres\u00a0\u00bb de chr\u00e9tiens y \u00e9taient tu\u00e9s et avait menac\u00e9 d\u2019une possible <a target=\"_blank\" href=\"https:\/\/francais.rt.com\/international\/126972-nigeria-trump-menace-intervention-armee-evoquant-meurtres-chretiens\">intervention militaire<\/a> am\u00e9ricaine.<\/p>\n<p>\u00ab\u00a0Ce qui se passe dans le nord du Nigeria n\u2019a rien \u00e0 voir avec les atrocit\u00e9s que nous avons pu observer au Soudan ou dans certaines r\u00e9gions de l\u2019est de la R\u00e9publique d\u00e9mocratique du Congo\u00a0\u00bb, a pr\u00e9cis\u00e9 Youssouf devant la presse aux Nations unies. Il a invit\u00e9 le pr\u00e9sident am\u00e9ricain \u00e0 \u00ab\u00a0r\u00e9fl\u00e9chir \u00e0 deux fois avant de faire de telles d\u00e9clarations\u00a0\u00bb, ajoutant que \u00ab\u00a0les premi\u00e8res victimes de Boko Haram sont des musulmans, pas des chr\u00e9tiens\u00a0\u00bb.<\/p>\n<p>Le groupe islamiste arm\u00e9 Boko Haram m\u00e8ne depuis quinze ans une insurrection meurtri\u00e8re dans le nord-est du Nigeria, faisant des dizaines de milliers de morts. Les experts en droits humains soulignent que la majorit\u00e9 des victimes sont musulmanes.<\/p>\n<h2>Abuja rejette les accusations de Trump<\/h2>\n<p>D\u00e9but novembre, Donald Trump avait affirm\u00e9 avoir demand\u00e9 au Pentagone de se pr\u00e9parer \u00e0 une action militaire rapide si le Nigeria \u00ab\u00a0\u00e9chouait \u00e0 prot\u00e9ger les chr\u00e9tiens\u00a0\u00bb. Il avait \u00e9galement menac\u00e9 de suspendre toute aide am\u00e9ricaine \u00e0 Abuja et promis de \u00ab\u00a0nettoyer compl\u00e8tement\u00a0\u00bb le pays des \u00ab\u00a0terroristes islamiques\u00a0\u00bb.<\/p>\n<p>Dans un communiqu\u00e9, le <a target=\"_blank\" href=\"https:\/\/francais.rt.com\/international\/127141-nigeria-conteste-chiffres-errones-vision-deformee-apres-accusation-americaine-persecutions-chretiens\">minist\u00e8re nig\u00e9rian<\/a> des Affaires \u00e9trang\u00e8res a r\u00e9affirm\u00e9 l\u2019engagement de son gouvernement \u00e0 lutter contre l\u2019extr\u00e9misme violent et a appel\u00e9 Washington \u00e0 maintenir des relations de coop\u00e9ration \u00e9troites. \u00ab\u00a0Le Nigeria continuera \u00e0 d\u00e9fendre tous ses citoyens, quelle que soit leur race, leur croyance ou leur religion\u00a0\u00bb, a indiqu\u00e9 le minist\u00e8re.<\/p>\n<\/div>\n<p><br \/>\n<br \/><a href=\"https:\/\/francais.rt.com\/afrique\/127348-union-africaine-invite-donald-trump-reflechir-avant-de-parler-nigeria\" target=\"_blank\"\">Source link <\/a><\/p>\n","protected":false},"excerpt":{"rendered":"<p>Le pr\u00e9sident de la Commission de l\u2019Union africaine, Mahmoud Ali Youssouf, a rejet\u00e9 les accusations de Donald Trump \u00e9voquant un \u00abg\u00e9nocide\u00bb contre les chr\u00e9tiens au Nigeria. Il a affirm\u00e9 le&hellip; <\/p>\n","protected":false},"author":1,"featured_media":19331,"comment_status":"open","ping_status":"open","sticky":false,"template":"","format":"standard","meta":{"footnotes":""},"categories":[1],"tags":[],"class_list":["post-19330","post","type-post","status-publish","format-standard","has-post-thumbnail","hentry","category-non-classe"],"_links":{"self":[{"href":"https:\/\/monde25.info\/index.php\/wp-json\/wp\/v2\/posts\/19330","targetHints":{"allow":["GET"]}}],"collection":[{"href":"https:\/\/monde25.info\/index.php\/wp-json\/wp\/v2\/posts"}],"about":[{"href":"https:\/\/monde25.info\/index.php\/wp-json\/wp\/v2\/types\/post"}],"author":[{"embeddable":true,"href":"https:\/\/monde25.info\/index.php\/wp-json\/wp\/v2\/users\/1"}],"replies":[{"embeddable":true,"href":"https:\/\/monde25.info\/index.php\/wp-json\/wp\/v2\/comments?post=19330"}],"version-history":[{"count":0,"href":"https:\/\/monde25.info\/index.php\/wp-json\/wp\/v2\/posts\/19330\/revisions"}],"wp:featuredmedia":[{"embeddable":true,"href":"https:\/\/monde25.info\/index.php\/wp-json\/wp\/v2\/media\/19331"}],"wp:attachment":[{"href":"https:\/\/monde25.info\/index.php\/wp-json\/wp\/v2\/media?parent=19330"}],"wp:term":[{"taxonomy":"category","embeddable":true,"href":"https:\/\/monde25.info\/index.php\/wp-json\/wp\/v2\/categories?post=19330"},{"taxonomy":"post_tag","embeddable":true,"href":"https:\/\/monde25.info\/index.php\/wp-json\/wp\/v2\/tags?post=19330"}],"curies":[{"name":"wp","href":"https:\/\/api.w.org\/{rel}","templated":true}]}}