{"id":19332,"date":"2025-11-13T15:38:50","date_gmt":"2025-11-13T14:38:50","guid":{"rendered":"https:\/\/monde25.info\/index.php\/2025\/11\/13\/patrick-viveret-face-au-13-novembre-choisir-detre-heureux-est-un-acte-de-resistance\/"},"modified":"2025-11-13T15:38:50","modified_gmt":"2025-11-13T14:38:50","slug":"patrick-viveret-face-au-13-novembre-choisir-detre-heureux-est-un-acte-de-resistance","status":"publish","type":"post","link":"https:\/\/monde25.info\/index.php\/2025\/11\/13\/patrick-viveret-face-au-13-novembre-choisir-detre-heureux-est-un-acte-de-resistance\/","title":{"rendered":"Patrick Viveret\u00a0: \u00ab\u00a0Face au 13-Novembre, choisir d&#039;\u00eatre heureux est un acte de r\u00e9sistance\u00a0\u00bb"},"content":{"rendered":"<p> <br \/>\n<br \/><img loading=\"lazy\" decoding=\"async\" src=\"https:\/\/reporterre.net\/local\/cache-vignettes\/L700xH467\/afp__20251113__hl_hcampos_2954896__v1__highres__francecommemorationnovember13attacks_resized-2c227.jpg?1763044350\" class=\"spip_logo\" width=\"700\" height=\"467\" alt=\"\" \/><\/p>\n<p>Dix ans apr\u00e8s le 13-Novembre, et face \u00e0 une \u00ab\u00a0crise de l&rsquo;avenir\u00a0\u00bb, le philosophe Patrick Viveret appelle \u00e0 rouvrir un imaginaire positif, de respect des identit\u00e9s et de lutte pour la d\u00e9fense du climat et de la biodiversit\u00e9. <br class=\"autobr\" \/> Patrick Viveret est philosophe. <br class=\"autobr\" \/> Reporterre &#8211; Au moment des attentats du 13\u00a0novembre 2015, vous pr\u00e9veniez, sur Reporterre\u00a0: \u00ab<small class=\"fine d-inline\">\u00a0<\/small>Si la logique de la guerre de civilisations s&rsquo;imposait aujourd&rsquo;hui en Europe, cela nous m\u00e8nerait \u00e0 des r\u00e9gressions sources de guerre civile<small class=\"fine d-inline\">\u00a0<\/small>\u00bb.\u00a0(\u2026)<\/p>\n<p>                    <a target=\"_blank\" href=\"https:\/\/reporterre.net\/Patrick-Viveret-Face-au-13-Novembre-choisir-d-etre-heureux-est-un-acte-de-resistance?utm_source=RSS&amp;utm_medium=RSS\">Lire la suite<\/a><\/p>\n<p>                    &#8211;<br \/>\n                        <a target=\"_blank\" href=\"https:\/\/reporterre.net\/Entretien-19\" rel=\"directory\">Entretien<\/a><\/p>\n<p>                    \/<br \/>\n                        <a target=\"_blank\" href=\"https:\/\/reporterre.net\/Politique\" rel=\"tag\">Politique<\/a><br \/>\n<br \/><br \/>\n<br \/><a href=\"https:\/\/reporterre.net\/Patrick-Viveret-Face-au-13-Novembre-choisir-d-etre-heureux-est-un-acte-de-resistance\" target=\"_blank\"\">Source link <\/a><\/p>\n","protected":false},"excerpt":{"rendered":"<p>Dix ans apr\u00e8s le 13-Novembre, et face \u00e0 une \u00ab\u00a0crise de l&rsquo;avenir\u00a0\u00bb, le philosophe Patrick Viveret appelle \u00e0 rouvrir un imaginaire positif, de respect des identit\u00e9s et de lutte pour&hellip; <\/p>\n","protected":false},"author":1,"featured_media":0,"comment_status":"open","ping_status":"open","sticky":false,"template":"","format":"standard","meta":{"footnotes":""},"categories":[1],"tags":[],"class_list":["post-19332","post","type-post","status-publish","format-standard","hentry","category-non-classe"],"_links":{"self":[{"href":"https:\/\/monde25.info\/index.php\/wp-json\/wp\/v2\/posts\/19332","targetHints":{"allow":["GET"]}}],"collection":[{"href":"https:\/\/monde25.info\/index.php\/wp-json\/wp\/v2\/posts"}],"about":[{"href":"https:\/\/monde25.info\/index.php\/wp-json\/wp\/v2\/types\/post"}],"author":[{"embeddable":true,"href":"https:\/\/monde25.info\/index.php\/wp-json\/wp\/v2\/users\/1"}],"replies":[{"embeddable":true,"href":"https:\/\/monde25.info\/index.php\/wp-json\/wp\/v2\/comments?post=19332"}],"version-history":[{"count":0,"href":"https:\/\/monde25.info\/index.php\/wp-json\/wp\/v2\/posts\/19332\/revisions"}],"wp:attachment":[{"href":"https:\/\/monde25.info\/index.php\/wp-json\/wp\/v2\/media?parent=19332"}],"wp:term":[{"taxonomy":"category","embeddable":true,"href":"https:\/\/monde25.info\/index.php\/wp-json\/wp\/v2\/categories?post=19332"},{"taxonomy":"post_tag","embeddable":true,"href":"https:\/\/monde25.info\/index.php\/wp-json\/wp\/v2\/tags?post=19332"}],"curies":[{"name":"wp","href":"https:\/\/api.w.org\/{rel}","templated":true}]}}