{"id":19333,"date":"2025-11-13T16:11:56","date_gmt":"2025-11-13T15:11:56","guid":{"rendered":"https:\/\/monde25.info\/index.php\/2025\/11\/13\/sur-la-page-du-figaro-on-fete-la-mort-de-42-personnes-noyees\/"},"modified":"2025-11-13T16:11:56","modified_gmt":"2025-11-13T15:11:56","slug":"sur-la-page-du-figaro-on-fete-la-mort-de-42-personnes-noyees","status":"publish","type":"post","link":"https:\/\/monde25.info\/index.php\/2025\/11\/13\/sur-la-page-du-figaro-on-fete-la-mort-de-42-personnes-noyees\/","title":{"rendered":"Sur la page du Figaro, on f\u00eate la mort de 42 personnes noy\u00e9es"},"content":{"rendered":"<p> <br \/>\n<\/p>\n<div>\n<h4 data-pm-slice=\"0 0 []\"><strong>On en est l\u00e0. \u00c9ruptions de joie et autres expressions de r\u00e9jouissances. 42 personnes se sont noy\u00e9es en mer suite \u00e0 un naufrage au large de la Libye, tr\u00e8s loin de la France. Mais voil\u00e0, ces personnes ne sont pas fran\u00e7aises, ce qui semble justifier des commentaires d\u2019une malfaisance confondante. L\u2019information publi\u00e9e par le Figaro a ainsi g\u00e9n\u00e9r\u00e9 de nombreux commentaires de joie sur le r\u00e9seau social du m\u00e9dia qui n\u2019effectue aucune mod\u00e9ration de ces propos tombant pourtant sous le coup de la Loi. Tour d\u2019horizon de cette haine devenue ordinaire sur fond de complotisme, de x\u00e9nophobie et de radicalisation. Bienvenue au Figaro.<\/strong><\/h4>\n<p><span id=\"more-1185581\"\/><br \/><a target=\"_blank\" href=\"https:\/\/mrmondialisation.org\/wp-content\/uploads\/2025\/11\/haine-en-ligne1.jpg\"><img fetchpriority=\"high\" decoding=\"async\" class=\"wp-image-1185604 size-full aligncenter\" src=\"https:\/\/mrmondialisation.org\/wp-content\/uploads\/2025\/11\/haine-en-ligne1.jpg\" alt=\"\" width=\"468\" height=\"538\" srcset=\"https:\/\/mrmondialisation.org\/wp-content\/uploads\/2025\/11\/haine-en-ligne1.jpg 468w, https:\/\/mrmondialisation.org\/wp-content\/uploads\/2025\/11\/haine-en-ligne1-365x420.jpg 365w\" sizes=\"(max-width: 468px) 100vw, 468px\"\/><\/a><img loading=\"lazy\" decoding=\"async\" class=\"wp-image-1185630 aligncenter\" src=\"https:\/\/mrmondialisation.org\/wp-content\/uploads\/2025\/11\/01.jpg\" alt=\"\" width=\"402\" height=\"203\" srcset=\"https:\/\/mrmondialisation.org\/wp-content\/uploads\/2025\/11\/01.jpg 857w, https:\/\/mrmondialisation.org\/wp-content\/uploads\/2025\/11\/01-768x389.jpg 768w, https:\/\/mrmondialisation.org\/wp-content\/uploads\/2025\/11\/01-696x352.jpg 696w, https:\/\/mrmondialisation.org\/wp-content\/uploads\/2025\/11\/01-829x420.jpg 829w\" sizes=\"auto, (max-width: 402px) 100vw, 402px\"\/><br \/>Hier 12 novembre 2025, le <a target=\"_blank\" href=\"https:\/\/www.lefigaro.fr\/international\/naufrage-au-large-de-la-libye-42-personnes-presumees-mortes-20251112\">Figaro titrait<\/a> : <strong>Naufrage au large de la Libye : 42 personnes pr\u00e9sum\u00e9es mortes. <\/strong>On apprend dans cet article que quarante-deux personnes sont d\u00e9c\u00e9d\u00e9es en mer apr\u00e8s le naufrage d\u2019une embarcation transportant plusieurs dizaines de migrants <strong>au large des c\u00f4tes libyennes<\/strong>, selon un communiqu\u00e9 des Nations unies. Tr\u00e8s loin de la France, donc.<\/p>\n<p>Ce type de nouvelle est tristement banal. <strong>Entre 2 000 et 3 000 personnes meurent chaque ann\u00e9e lors d\u2019une tentative de travers\u00e9e<\/strong> de la M\u00e9diterran\u00e9e, principalement vers l\u2019Italie, la Gr\u00e8ce ou l\u2019Espagne. De mani\u00e8re rituelle, Le Figaro informe son lectorat de la nouvelle. Mais ce n\u2019est pas de l\u2019\u00e9tonnement ou de la tristesse que ceci g\u00e9n\u00e8re, mais bien une effusion de joie. Et on ne parle pas de 2-3 messages isol\u00e9s. <strong>90% des commentaires f\u00eatent la mort dans d\u2019atroces souffrances d\u2019\u00eatres humains parfaitement anonymes<\/strong>. Hommes, femmes, enfants, vieillards. Une banalisation du mal qui en dit long sur l\u2019\u00e9tat de cette presse autant que de la mentalit\u00e9 venimeuse de celles et ceux qui la lisent.<\/p>\n<p><img loading=\"lazy\" decoding=\"async\" class=\" wp-image-1185631 aligncenter\" src=\"https:\/\/mrmondialisation.org\/wp-content\/uploads\/2025\/11\/02-1024x858.jpg\" alt=\"\" width=\"464\" height=\"389\" srcset=\"https:\/\/mrmondialisation.org\/wp-content\/uploads\/2025\/11\/02-1024x858.jpg 1024w, https:\/\/mrmondialisation.org\/wp-content\/uploads\/2025\/11\/02-768x643.jpg 768w, https:\/\/mrmondialisation.org\/wp-content\/uploads\/2025\/11\/02-696x583.jpg 696w, https:\/\/mrmondialisation.org\/wp-content\/uploads\/2025\/11\/02-1068x895.jpg 1068w, https:\/\/mrmondialisation.org\/wp-content\/uploads\/2025\/11\/02-501x420.jpg 501w, https:\/\/mrmondialisation.org\/wp-content\/uploads\/2025\/11\/02.jpg 1170w\" sizes=\"auto, (max-width: 464px) 100vw, 464px\"\/><a target=\"_blank\" href=\"https:\/\/mrmondialisation.org\/wp-content\/uploads\/2025\/11\/haine-en-ligne3.jpg\"><img loading=\"lazy\" decoding=\"async\" class=\"wp-image-1185632 aligncenter\" src=\"https:\/\/mrmondialisation.org\/wp-content\/uploads\/2025\/11\/03-1024x954.jpg\" alt=\"\" width=\"462\" height=\"430\" srcset=\"https:\/\/mrmondialisation.org\/wp-content\/uploads\/2025\/11\/03-1024x954.jpg 1024w, https:\/\/mrmondialisation.org\/wp-content\/uploads\/2025\/11\/03-768x715.jpg 768w, https:\/\/mrmondialisation.org\/wp-content\/uploads\/2025\/11\/03-696x648.jpg 696w, https:\/\/mrmondialisation.org\/wp-content\/uploads\/2025\/11\/03-1068x995.jpg 1068w, https:\/\/mrmondialisation.org\/wp-content\/uploads\/2025\/11\/03-451x420.jpg 451w, https:\/\/mrmondialisation.org\/wp-content\/uploads\/2025\/11\/03.jpg 1170w\" sizes=\"auto, (max-width: 462px) 100vw, 462px\"\/><\/a><a target=\"_blank\" href=\"https:\/\/mrmondialisation.org\/wp-content\/uploads\/2025\/11\/haine-en-ligne4.jpg\"><img loading=\"lazy\" decoding=\"async\" class=\"wp-image-1185633 aligncenter\" src=\"https:\/\/mrmondialisation.org\/wp-content\/uploads\/2025\/11\/04-666x1024.jpg\" alt=\"\" width=\"469\" height=\"721\" srcset=\"https:\/\/mrmondialisation.org\/wp-content\/uploads\/2025\/11\/04-666x1024.jpg 666w, https:\/\/mrmondialisation.org\/wp-content\/uploads\/2025\/11\/04-991x1524.jpg 991w, https:\/\/mrmondialisation.org\/wp-content\/uploads\/2025\/11\/04-768x1182.jpg 768w, https:\/\/mrmondialisation.org\/wp-content\/uploads\/2025\/11\/04-998x1536.jpg 998w, https:\/\/mrmondialisation.org\/wp-content\/uploads\/2025\/11\/04-696x1071.jpg 696w, https:\/\/mrmondialisation.org\/wp-content\/uploads\/2025\/11\/04-1068x1643.jpg 1068w, https:\/\/mrmondialisation.org\/wp-content\/uploads\/2025\/11\/04-273x420.jpg 273w, https:\/\/mrmondialisation.org\/wp-content\/uploads\/2025\/11\/04.jpg 1170w\" sizes=\"auto, (max-width: 469px) 100vw, 469px\"\/><\/a>Ces commentaires r\u00e9v\u00e8lent aussi <strong>les composantes d\u2019un narratif politique et m\u00e9diatique fond\u00e9 sur la d\u00e9sinformation, la haine et la d\u00e9shumanisation<\/strong>. Quoi qu\u2019on puisse individuellement penser des mouvements migratoires et des moyens de les g\u00e9rer, rien ne justifie un tel manque d\u2019humanit\u00e9. Par ailleurs, il existe des causes et des faits qui ne peuvent \u00eatre ignor\u00e9s. Parmi <strong>les intox et sophismes communs distill\u00e9s dans ces commentaires<\/strong>, on retrouve notamment : l\u2019id\u00e9e que <em>l\u2019arriv\u00e9e de migrants sur les c\u00f4t\u00e9s fran\u00e7aises serait massive<\/em>, la croyance que <em>des associations humanitaires \u00ab\u00a0subventionn\u00e9es\u00a0\u00bb faciliteraient l\u2019arriv\u00e9e des migrants<\/em> ou encore que <em>\u00ab\u00a0la gauche\u00a0\u00bb serait responsable de ces morts<\/em>\u2026 \u00c9tudions ces questions pour y voir plus clair.<\/p>\n<p><a target=\"_blank\" href=\"https:\/\/mrmondialisation.org\/wp-content\/uploads\/2025\/11\/haine-en-ligne6.jpg\"><img loading=\"lazy\" decoding=\"async\" class=\"wp-image-1185635 aligncenter\" src=\"https:\/\/mrmondialisation.org\/wp-content\/uploads\/2025\/11\/5.jpg\" alt=\"\" width=\"359\" height=\"201\" srcset=\"https:\/\/mrmondialisation.org\/wp-content\/uploads\/2025\/11\/5.jpg 943w, https:\/\/mrmondialisation.org\/wp-content\/uploads\/2025\/11\/5-768x430.jpg 768w, https:\/\/mrmondialisation.org\/wp-content\/uploads\/2025\/11\/5-696x390.jpg 696w, https:\/\/mrmondialisation.org\/wp-content\/uploads\/2025\/11\/5-750x420.jpg 750w\" sizes=\"auto, (max-width: 359px) 100vw, 359px\"\/><\/a><\/p>\n<h3><strong>FAIT : Les embarcations de migrants ne visent PAS la France<\/strong><\/h3>\n<p>Premi\u00e8re constatation, <strong>il n\u2019existe pas de route maritime directe vers la France<\/strong>. Pratiquement aucune de ces embarcations n\u2019arrivent sur les c\u00f4t\u00e9s fran\u00e7aises, bien surveill\u00e9es et plus difficiles d\u2019acc\u00e8s pour des raisons g\u00e9ographiques. Par ailleurs, <strong>l\u2019ouverture de ports pour les navires humanitaires est toujours bloqu\u00e9e par la France<\/strong>.<\/p>\n<p>Ainsi, le rapport <a target=\"_blank\" href=\"https:\/\/www.unhcr.org\/sites\/default\/files\/2024-06\/2023%20UNHCR-IOM%20Joint%20Annual%20overview_20240610.pdf\">UNHCR<\/a> \/ IOM \u00ab Joint Annual Overview \u00bb (2023) indique seulement 260 arriv\u00e9es sur les c\u00f4tes fran\u00e7aises sur 212 100 tentatives, soit 0,12%. La part des travers\u00e9es visant directement la France est <strong data-start=\"405\" data-end=\"436\">pratiquement nulle. C\u2019est tellement insignifiant que le rapport ne s\u2019attarde m\u00eame pas sur ces cas fran\u00e7ais. <\/strong>C\u2019est un fait, la France n\u2019est pas une cible pour les passeurs tant ses c\u00f4tes sont radicalement gard\u00e9es et les associations jug\u00e9es \u00ab\u00a0de gauche\u00a0\u00bb n\u2019ont pas le pouvoir d\u2019y changer quoi que ce soit.<\/p>\n<p><img loading=\"lazy\" decoding=\"async\" class=\" wp-image-1185636 aligncenter\" src=\"https:\/\/mrmondialisation.org\/wp-content\/uploads\/2025\/11\/6-1024x997.jpg\" alt=\"\" width=\"483\" height=\"471\" srcset=\"https:\/\/mrmondialisation.org\/wp-content\/uploads\/2025\/11\/6-1024x997.jpg 1024w, https:\/\/mrmondialisation.org\/wp-content\/uploads\/2025\/11\/6-768x748.jpg 768w, https:\/\/mrmondialisation.org\/wp-content\/uploads\/2025\/11\/6-696x678.jpg 696w, https:\/\/mrmondialisation.org\/wp-content\/uploads\/2025\/11\/6-1068x1040.jpg 1068w, https:\/\/mrmondialisation.org\/wp-content\/uploads\/2025\/11\/6-431x420.jpg 431w, https:\/\/mrmondialisation.org\/wp-content\/uploads\/2025\/11\/6.jpg 1170w\" sizes=\"auto, (max-width: 483px) 100vw, 483px\"\/><\/p>\n<h3><strong>FAIT : Les associations humanitaires sont rares, non-subventionn\u00e9es et sans pouvoir politique<\/strong><\/h3>\n<p>C\u2019est <strong>une autre intox persistante<\/strong> : celle qui voudrait que \u00ab les ONG \u00bb soient financ\u00e9es par l\u2019\u00c9tat ou l\u2019Union europ\u00e9enne pour encourager les migrations. C\u2019est totalement faux. En r\u00e9alit\u00e9,<strong> ces structures humanitaires sont quasi inexistantes en M\u00e9diterran\u00e9e fran\u00e7aise<\/strong>, et ne re\u00e7oivent aucune subvention publique pour leurs op\u00e9rations de sauvetage.<br \/>Les quelques navires humanitaires qui sillonnent encore la M\u00e9diterran\u00e9e ne remplissent pas les doigts d\u2019une main.<\/p>\n<p><img loading=\"lazy\" decoding=\"async\" class=\"wp-image-1185637 aligncenter\" src=\"https:\/\/mrmondialisation.org\/wp-content\/uploads\/2025\/11\/7-991x1024.jpg\" alt=\"\" width=\"467\" height=\"483\" srcset=\"https:\/\/mrmondialisation.org\/wp-content\/uploads\/2025\/11\/7-991x1024.jpg 991w, https:\/\/mrmondialisation.org\/wp-content\/uploads\/2025\/11\/7-768x794.jpg 768w, https:\/\/mrmondialisation.org\/wp-content\/uploads\/2025\/11\/7-696x719.jpg 696w, https:\/\/mrmondialisation.org\/wp-content\/uploads\/2025\/11\/7-1068x1104.jpg 1068w, https:\/\/mrmondialisation.org\/wp-content\/uploads\/2025\/11\/7-406x420.jpg 406w, https:\/\/mrmondialisation.org\/wp-content\/uploads\/2025\/11\/7.jpg 1170w\" sizes=\"auto, (max-width: 467px) 100vw, 467px\"\/><\/p>\n<p>On retrouve principalement en mer<a target=\"_blank\" href=\"https:\/\/sosmediterranee.fr\/\"> <em>SOS M\u00e9diterran\u00e9e<\/em><\/a> et <a target=\"_blank\" href=\"https:\/\/www.msf.fr\/\"><em>M\u00e9decins Sans Fronti\u00e8res<\/em><\/a>, deux ONG qui <strong>agissent en autonomie totale, souvent au prix de proc\u00e9dures administratives lourdes, d\u2019interdictions de ports<\/strong> et d\u2019une hostilit\u00e9 politique constante, y compris en France. Leur mission ? Sauver des vies, sans se pr\u00e9occuper de la politique. Rien de plus, rien de moins. Dans le vide laiss\u00e9 par les \u00c9tats europ\u00e9ens, <strong>ce sont ces \u00e9quipages civils qui \u00e9vitent chaque ann\u00e9e des centaines morts<\/strong>. Ceux-ci manquent cruellement de moyens et ne peuvent que sauver une petite fraction des naufrag\u00e9s.<\/p>\n<div class=\"td-a-rec td-a-rec-id-content_inline  tdi_1 td_block_template_1\">\n<span class=\"td-adspot-title\">&#8211; Pour une information libre ! &#8211;<\/span><a target=\"_blank\" href=\"https:\/\/fr.tipeee.com\/mr-mondialisation\" class=\"tipeee-project-small\">Soutenir Mr Japanization sur Tipeee<\/a>\n<\/div>\n<p>Parler de \u00ab business de l\u2019immigration \u00bb ou d\u2019une \u00ab industrie subventionn\u00e9e du sauvetage \u00bb rel\u00e8ve d\u2019<strong>une d\u00e9sinformation pure et simple parsem\u00e9e de racisme<\/strong>, martel\u00e9e pour d\u00e9tourner les yeux de causes bien r\u00e9elles : les guerres, la mis\u00e8re, les passeurs, l\u2019exploitation des ressources, les dictatures et choix politiques sans oublier le changement climatique qui poussent des gens ordinaires \u00e0 risquer leur vie pour fuir leur pays. Les morts sont si nombreux en mer que <strong>les motifs pour prendre un tel risque d\u2019y laisser sa vie sont visc\u00e9raux<\/strong>, motiv\u00e9s par une situation humanitaire critique. L\u2019id\u00e9e que ces gens d\u00e9sesp\u00e9r\u00e9s prennent le risque de mourir pour des droits sociaux fantasm\u00e9s ne tient pas la route, d\u2019autant que<strong> les aides existantes ne sont pas aussi all\u00e9chantes que le laisse entendre l\u2019extr\u00eame-droite<\/strong>.<\/p>\n<p><img loading=\"lazy\" decoding=\"async\" class=\"wp-image-1185640 aligncenter\" src=\"https:\/\/mrmondialisation.org\/wp-content\/uploads\/2025\/11\/8-987x1024.jpg\" alt=\"\" width=\"451\" height=\"468\" srcset=\"https:\/\/mrmondialisation.org\/wp-content\/uploads\/2025\/11\/8-987x1024.jpg 987w, https:\/\/mrmondialisation.org\/wp-content\/uploads\/2025\/11\/8-768x797.jpg 768w, https:\/\/mrmondialisation.org\/wp-content\/uploads\/2025\/11\/8-696x722.jpg 696w, https:\/\/mrmondialisation.org\/wp-content\/uploads\/2025\/11\/8-1068x1108.jpg 1068w, https:\/\/mrmondialisation.org\/wp-content\/uploads\/2025\/11\/8-405x420.jpg 405w, https:\/\/mrmondialisation.org\/wp-content\/uploads\/2025\/11\/8.jpg 1170w\" sizes=\"auto, (max-width: 451px) 100vw, 451px\"\/><\/p>\n<h3 style=\"text-align: left;\"><strong>FAIT : La gauche est politiquement inexistante sur le sujet<\/strong><\/h3>\n<p>Autre id\u00e9e re\u00e7ue : \u00ab la gauche \u00bb encouragerait les travers\u00e9es ou bloquerait toute politique migratoire. <strong>C\u2019est faux, et les faits le montrent.<\/strong><\/p>\n<p>En France, <strong>aucune formation politique majeure n\u2019a remis en cause la fermeture des fronti\u00e8res ni le durcissement continu des conditions d\u2019accueil<\/strong>. M\u00eame les partis qui se r\u00e9clament des valeurs humanistes se contentent de quelques d\u00e9clarations symboliques, souvent timides, pour ne pas perdre une partie de leur \u00e9lectorat.<strong> Sur le terrain, le silence domine<\/strong>, et les politiques men\u00e9es depuis plusieurs ann\u00e9es ne diff\u00e8rent gu\u00e8re de celles de la droite ou de l\u2019extr\u00eame droite sur le fond.<\/p>\n<p>Depuis plus d\u2019une d\u00e9cennie,<strong> la logique s\u00e9curitaire s\u2019est impos\u00e9e comme un consensus transversal<\/strong>. Elle s\u2019habille de mots techniques : \u201clutte contre les passeurs\u201d, \u201cma\u00eetrise des flux\u201d, \u201cgestion des fronti\u00e8res\u201d mais masque une r\u00e9alit\u00e9 brutale : celle d\u2019un verrouillage g\u00e9n\u00e9ralis\u00e9 de l\u2019Europe. Derri\u00e8re chaque d\u00e9cret, chaque accord bilat\u00e9ral avec la Libye, la Tunisie ou le Maroc, c\u2019est le m\u00eame principe qui pr\u00e9vaut : emp\u00eacher les d\u00e9parts, \u00e0 tout prix ! <strong>Affirmer que la gauche \u2013 dont le pouvoir politique est inexistant \u2013 encouragerait l\u2019immigration dans un tel contexte rel\u00e8ve du mensonge et de l\u2019aveuglement id\u00e9ologique.<\/strong><\/p>\n<p><img loading=\"lazy\" decoding=\"async\" class=\"wp-image-1185641 aligncenter\" src=\"https:\/\/mrmondialisation.org\/wp-content\/uploads\/2025\/11\/9-985x1024.jpg\" alt=\"\" width=\"466\" height=\"485\" srcset=\"https:\/\/mrmondialisation.org\/wp-content\/uploads\/2025\/11\/9-985x1024.jpg 985w, https:\/\/mrmondialisation.org\/wp-content\/uploads\/2025\/11\/9-768x798.jpg 768w, https:\/\/mrmondialisation.org\/wp-content\/uploads\/2025\/11\/9-696x723.jpg 696w, https:\/\/mrmondialisation.org\/wp-content\/uploads\/2025\/11\/9-1068x1110.jpg 1068w, https:\/\/mrmondialisation.org\/wp-content\/uploads\/2025\/11\/9-404x420.jpg 404w, https:\/\/mrmondialisation.org\/wp-content\/uploads\/2025\/11\/9.jpg 1170w\" sizes=\"auto, (max-width: 466px) 100vw, 466px\"\/><\/p>\n<p>Le paradoxe, c\u2019est que ces politiques cens\u00e9es sauver des vies en \u201cd\u00e9courageant\u201d les travers\u00e9es les rendent au contraire plus mortelles que jamais, ce qui explique l\u2019augmentation des d\u00e9c\u00e8s en mer. <strong>Les routes changent, se rallongent, se d\u00e9placent vers des zones plus dangereuses pour \u00e9viter les contr\u00f4les<\/strong>. L\u00e0 o\u00f9 les garde-c\u00f4tes europ\u00e9ens n\u2019interviennent plus, les naufrages se multiplient dans le silence. Et pendant ce temps, les discours politiques comme m\u00e9diatiques se contentent de <strong>d\u00e9signer des coupables imaginaires<\/strong> : les ONG, \u201cBruxelles\u201d (qui a bon dos), les humanistes, sans oublier une gauche fantasm\u00e9e qui n\u2019existe plus que comme repoussoir s\u00e9mantique.<\/p>\n<p>Dans les faits, <strong>la gauche institutionnelle a d\u00e9sert\u00e9 la question migratoire<\/strong> et n\u2019a de toute mani\u00e8re concr\u00e8tement aucun pouvoir politique depuis longtemps. Elle ne propose plus ni projet alternatif, ni vision solidaire, ni parole claire sur ce que devrait \u00eatre une politique humaine et rationnelle des migrations. R\u00e9sultat : <strong>le terrain est laiss\u00e9 libre \u00e0 ceux qui, depuis vingt ans, fa\u00e7onnent le d\u00e9bat avec des mots de peur : invasion, submersion, identit\u00e9, fronti\u00e8re<\/strong>. Et dans ce brouhaha de certitudes anxieuses, la compassion s\u2019efface, l\u2019analyse se tait, et la raison abdique. <strong>C\u2019est dans ce terreau f\u00e9tide fond\u00e9 sur l\u2019ignorance que naissent les commentaires que vous lisez sur Le Figaro\u00a0<\/strong>: d\u00e9signer un coupable politique dont le pouvoir n\u2019existe pas, fermer les yeux sur des pertes humaines \u00e9vitables, et enfin se r\u00e9jouir de la mort d\u2019\u00eatres humains.<\/p>\n<h3><img loading=\"lazy\" decoding=\"async\" class=\"wp-image-1185642 aligncenter\" src=\"https:\/\/mrmondialisation.org\/wp-content\/uploads\/2025\/11\/10-1024x721.jpg\" alt=\"\" width=\"467\" height=\"329\" srcset=\"https:\/\/mrmondialisation.org\/wp-content\/uploads\/2025\/11\/10-1024x721.jpg 1024w, https:\/\/mrmondialisation.org\/wp-content\/uploads\/2025\/11\/10-768x541.jpg 768w, https:\/\/mrmondialisation.org\/wp-content\/uploads\/2025\/11\/10-696x490.jpg 696w, https:\/\/mrmondialisation.org\/wp-content\/uploads\/2025\/11\/10-1068x752.jpg 1068w, https:\/\/mrmondialisation.org\/wp-content\/uploads\/2025\/11\/10-596x420.jpg 596w, https:\/\/mrmondialisation.org\/wp-content\/uploads\/2025\/11\/10-100x70.jpg 100w, https:\/\/mrmondialisation.org\/wp-content\/uploads\/2025\/11\/10.jpg 1170w\" sizes=\"auto, (max-width: 467px) 100vw, 467px\"\/><\/h3>\n<h3><strong>FAIT : Les causes profondes des migrations sont ignor\u00e9es<\/strong><\/h3>\n<p>On parle toujours des migrants, jamais des raisons qui les poussent \u00e0 partir. Derri\u00e8re chaque travers\u00e9e, il y a pourtant <strong>un encha\u00eenement de causes identifiables<\/strong> et singuli\u00e8res pour chaque individu : guerres civiles, effondrement \u00e9conomique, r\u00e9pression politique, d\u00e9sastre climatique, etc. Selon les donn\u00e9es du Haut Commissariat aux R\u00e9fugi\u00e9s (HCR), pr\u00e8s de <strong>90 % des personnes qui tentent la travers\u00e9e de la M\u00e9diterran\u00e9e fuient des situations de crise aigu\u00eb<\/strong>. Ce ne sont pas des \u201caventuriers \u00e9conomiques\u201d qui aspirent au RSA, mais des familles, des \u00e9tudiants, des travailleurs, des enfants.<\/p>\n<p>L\u2019Afrique subsaharienne, par exemple, subit de plein fouet les effets conjugu\u00e9s du changement climatique et de l\u2019instabilit\u00e9 politique : <strong>d\u00e9sertification, rar\u00e9faction de l\u2019eau, conflits pour les ressources.<\/strong> En parall\u00e8le, <strong>les politiques commerciales et extractivistes men\u00e9es par les pays riches maintiennent une d\u00e9pendance structurelle<\/strong>. Dans ce contexte, partir devient souvent le seul horizon. Parlons aussi des thoniers g\u00e9ants Europ\u00e9ens qui <strong>vident les stocks de poissons des c\u00f4tes africaines<\/strong>, laissant des dizaines de milliers d\u2019individus sans ressource. Et ces r\u00e8gles qui permettent aux causes migratoires de se perp\u00e9tuer, <strong>la France et les pays europ\u00e9ens en sont directement responsables<\/strong> pour des questions d\u2019int\u00e9r\u00eats \u00e9conomiques sup\u00e9rieurs. Notre app\u00e9tit capitaliste se moque bien de la souffrance locale qui pousse des individus \u00e0 fuir leur pays. <strong>Et voil\u00e0 comment NOS pauvres en viennent \u00e0 d\u00e9tester d\u2019AUTRES pauvres qui subissent les m\u00eames effets d\u00e9l\u00e9t\u00e8res d\u2019un syst\u00e8me injuste<\/strong>.<\/p>\n<p><img loading=\"lazy\" decoding=\"async\" class=\"wp-image-1185643 aligncenter\" src=\"https:\/\/mrmondialisation.org\/wp-content\/uploads\/2025\/11\/11.jpg\" alt=\"\" width=\"423\" height=\"351\" srcset=\"https:\/\/mrmondialisation.org\/wp-content\/uploads\/2025\/11\/11.jpg 894w, https:\/\/mrmondialisation.org\/wp-content\/uploads\/2025\/11\/11-768x637.jpg 768w, https:\/\/mrmondialisation.org\/wp-content\/uploads\/2025\/11\/11-696x578.jpg 696w, https:\/\/mrmondialisation.org\/wp-content\/uploads\/2025\/11\/11-506x420.jpg 506w\" sizes=\"auto, (max-width: 423px) 100vw, 423px\"\/><\/p>\n<p><strong>Ignorer ces causes par pure haine de l\u2019autre revient \u00e0 se tromper de combat<\/strong>. Les m\u00eames qui se r\u00e9jouissent d\u2019un naufrage pr\u00e9tendent \u201clutter contre l\u2019immigration\u201d sans jamais questionner les m\u00e9canismes qui la provoquent par pure fain\u00e9antise intellectuelle. Pas s\u00fbr m\u00eame qu\u2019ils seraient en mesure de lire et de comprendre cet article tant, <strong>ailleurs, on leur sert une soupe simplifi\u00e9e en 3 mots niveau Pascal Praud : <em>l\u2019immigration nous menace<\/em><\/strong>. Les guerres aliment\u00e9es par des ventes d\u2019armes europ\u00e9ennes, l\u2019exploitation des terres africaines par des multinationales, le d\u00e9r\u00e8glement climatique mondialis\u00e9, tant de causes sont directement li\u00e9es \u00e0 <strong>notre civilisation insatiable qui dicte les r\u00e8gles sans partage depuis trop longtemps.<\/strong><\/p>\n<p style=\"text-align: left;\">Traverser les mers avec 50% d\u2019y laisser sa peau, n\u2019est pas un choix, c\u2019est le sympt\u00f4me d\u2019un d\u00e9s\u00e9quilibre global. Oui, <strong>c\u2019est une situation terriblement complexe qui demande des solutions tout aussi complexes<\/strong>. Tant qu\u2019on refusera de regarder en face cette complexit\u00e9, les morts continueront de s\u2019accumuler, invisibles, loin des c\u00f4tes fran\u00e7aises, mais au c\u0153ur m\u00eame de notre indiff\u00e9rence collective. Se r\u00e9jouir de la mort de gens dans la d\u00e9tresse, c\u2019est le degr\u00e9 z\u00e9ro de l\u2019intelligence \u00e9motionnelle et une honte absolue envers ce qui fait fondamentalement de nous des humains. <strong>Et si nous ne sommes plus capables d\u2019humanit\u00e9 la plus \u00e9l\u00e9mentaire, alors tout devient possible, surtout le pire.<\/strong><\/p>\n<p><img loading=\"lazy\" decoding=\"async\" class=\"wp-image-1185644 aligncenter\" src=\"https:\/\/mrmondialisation.org\/wp-content\/uploads\/2025\/11\/12-1024x876.jpg\" alt=\"\" width=\"462\" height=\"395\" srcset=\"https:\/\/mrmondialisation.org\/wp-content\/uploads\/2025\/11\/12-1024x876.jpg 1024w, https:\/\/mrmondialisation.org\/wp-content\/uploads\/2025\/11\/12-768x657.jpg 768w, https:\/\/mrmondialisation.org\/wp-content\/uploads\/2025\/11\/12-696x595.jpg 696w, https:\/\/mrmondialisation.org\/wp-content\/uploads\/2025\/11\/12-1068x914.jpg 1068w, https:\/\/mrmondialisation.org\/wp-content\/uploads\/2025\/11\/12-491x420.jpg 491w, https:\/\/mrmondialisation.org\/wp-content\/uploads\/2025\/11\/12.jpg 1170w\" sizes=\"auto, (max-width: 462px) 100vw, 462px\"\/><\/p>\n<p style=\"text-align: right;\"><em>\u2013 Mr Mondialisation<\/em><\/p>\n<p><strong>Sources<\/strong><\/p>\n<p><em>\u2013 Naufrage au large de la Libye : 42 personnes \u00ab pr\u00e9sum\u00e9es mortes \u00bb<\/em> ; <a target=\"_blank\" href=\"https:\/\/www.lefigaro.fr\/international\/naufrage-au-large-de-la-libye-42-personnes-presumees-mortes-20251112\">Le Figaro 12\/11\/25<\/a><br \/>-Migrants and Refugee Movements through the Central Mediterranean Sea in 2023 ; <a target=\"_blank\" href=\"https:\/\/www.unhcr.org\/sites\/default\/files\/2024-06\/2023%20UNHCR-IOM%20Joint%20Annual%20overview_20240610.pdf\">rapport de l\u2019UNHCR, le Haut Commissariat des Nations unies pour les r\u00e9fugi\u00e9s<\/a><\/p>\n<p>\u00a0<\/p>\n<div class=\"td-a-rec td-a-rec-id-content_bottom  tdi_2 td_block_template_1\">\n<span class=\"td-adspot-title\">&#8211; Cet article gratuit et ind\u00e9pendant existe gr\u00e2ce \u00e0 vous &#8211;<\/span><\/p>\n<div class=\"td-all-devices\">\n    <a target=\"_blank\" href=\"https:\/\/mrmondialisation.org\/donation\/\" title=\"Faire_un_don\"><img decoding=\"async\" class=\"donationArticle\" src=\"https:\/\/mrmondialisation.org\/wp-content\/uploads\/2022\/12\/220405-flikalicious-final.jpg\" alt=\"Donation\"\/><\/a>\n<\/div>\n<\/div><\/div>\n<p><br \/>\n<br \/><a href=\"https:\/\/mrmondialisation.org\/sur-la-page-du-figaro-on-fete-la-mort-de-42-personnes-noyees\/\" target=\"_blank\"\">Source link <\/a><\/p>\n","protected":false},"excerpt":{"rendered":"<p>On en est l\u00e0. \u00c9ruptions de joie et autres expressions de r\u00e9jouissances. 42 personnes se sont noy\u00e9es en mer suite \u00e0 un naufrage au large de la Libye, tr\u00e8s loin&hellip; <\/p>\n","protected":false},"author":1,"featured_media":19334,"comment_status":"open","ping_status":"open","sticky":false,"template":"","format":"standard","meta":{"footnotes":""},"categories":[1],"tags":[],"class_list":["post-19333","post","type-post","status-publish","format-standard","has-post-thumbnail","hentry","category-non-classe"],"_links":{"self":[{"href":"https:\/\/monde25.info\/index.php\/wp-json\/wp\/v2\/posts\/19333","targetHints":{"allow":["GET"]}}],"collection":[{"href":"https:\/\/monde25.info\/index.php\/wp-json\/wp\/v2\/posts"}],"about":[{"href":"https:\/\/monde25.info\/index.php\/wp-json\/wp\/v2\/types\/post"}],"author":[{"embeddable":true,"href":"https:\/\/monde25.info\/index.php\/wp-json\/wp\/v2\/users\/1"}],"replies":[{"embeddable":true,"href":"https:\/\/monde25.info\/index.php\/wp-json\/wp\/v2\/comments?post=19333"}],"version-history":[{"count":0,"href":"https:\/\/monde25.info\/index.php\/wp-json\/wp\/v2\/posts\/19333\/revisions"}],"wp:featuredmedia":[{"embeddable":true,"href":"https:\/\/monde25.info\/index.php\/wp-json\/wp\/v2\/media\/19334"}],"wp:attachment":[{"href":"https:\/\/monde25.info\/index.php\/wp-json\/wp\/v2\/media?parent=19333"}],"wp:term":[{"taxonomy":"category","embeddable":true,"href":"https:\/\/monde25.info\/index.php\/wp-json\/wp\/v2\/categories?post=19333"},{"taxonomy":"post_tag","embeddable":true,"href":"https:\/\/monde25.info\/index.php\/wp-json\/wp\/v2\/tags?post=19333"}],"curies":[{"name":"wp","href":"https:\/\/api.w.org\/{rel}","templated":true}]}}