{"id":19339,"date":"2025-11-13T17:51:23","date_gmt":"2025-11-13T16:51:23","guid":{"rendered":"https:\/\/monde25.info\/index.php\/2025\/11\/13\/examen-medical-pour-tous-les-majeurs-tirage-au-sort-en-cas-de-manque-de-volontaires-rt-en-francais\/"},"modified":"2025-11-13T17:51:23","modified_gmt":"2025-11-13T16:51:23","slug":"examen-medical-pour-tous-les-majeurs-tirage-au-sort-en-cas-de-manque-de-volontaires-rt-en-francais","status":"publish","type":"post","link":"https:\/\/monde25.info\/index.php\/2025\/11\/13\/examen-medical-pour-tous-les-majeurs-tirage-au-sort-en-cas-de-manque-de-volontaires-rt-en-francais\/","title":{"rendered":"examen m\u00e9dical pour tous les majeurs, tirage au sort en cas de manque de volontaires \u2014 RT en fran\u00e7ais"},"content":{"rendered":"<p> <br \/>\n<br \/><img decoding=\"async\" src=\"https:\/\/mf.b37mrtl.ru\/french\/images\/2025.11\/thumbnail\/6915fd7b6f7ccc40076d0657.jpg\" \/><\/p>\n<div>\n<p class=\"text__summary\">\n                                        En Allemagne, le projet de loi adopt\u00e9 par la coalition au pouvoir r\u00e9tablit une commission m\u00e9dicale obligatoire pour tous les hommes majeurs en vue d\u2019un possible service \u00e0 la Bundeswehr. Bien que le service reste volontaire, un tirage au sort compl\u00e9tera les effectifs si les volontaires sont insuffisants.\n                                    <\/p>\n<p>La coalition au pouvoir en Allemagne, compos\u00e9e du Parti social-d\u00e9mocrate (SPD) et du bloc des partis conservateurs Union chr\u00e9tienne-d\u00e9mocrate d&rsquo;Allemagne (CDU) et Union chr\u00e9tienne-sociale (CSU), a approuv\u00e9 le 13 novembre un projet de loi qui r\u00e9tablira la commission m\u00e9dicale obligatoire pour tous les hommes \u00e2g\u00e9s de 18 ans et plus en vue d&rsquo;un service ult\u00e9rieur dans les forces arm\u00e9es du pays (Bundeswehr),\u00a0<a target=\"_blank\" href=\"https:\/\/www.bild.de\/politik\/inland\/wehrdienst-zoff-neuer-vorstoss-alle-mustern-dann-losen-6911ab510166cd59ef99a664?t_ref=https%3A%2F%2Fm.bild.de%2Fpolitik%2Finland%2Fwehrdienst-zoff-neuer-vorstoss-alle-mustern-dann-losen-6911ab510166cd59ef99a664%3Ft_ref%3Dandroid-app%253A%252F%252Fcom.google.android.googlequicksearchbox%252F\" target=\"_blank\" rel=\"noopener noreferrer\">a rapport\u00e9<\/a> le journal <em>Bild<\/em>.<\/p>\n<p>Selon le quotidien allemand, le service militaire restera volontaire, mais il y a une nuance\u00a0: si le nombre de volontaires aptes au service militaire est insuffisant, les autorit\u00e9s compl\u00e9teront les effectifs manquants par tirage au sort, en fonction des besoins du minist\u00e8re de la D\u00e9fense du pays.<\/p>\n<p>Le nouveau projet de loi oblige tous les hommes majeurs en Allemagne \u00e0 remplir un questionnaire en ligne contenant des informations sur leur \u00e9tat de sant\u00e9, leur condition physique, leur niveau d&rsquo;\u00e9ducation et leur aptitude au service militaire. Bild a pr\u00e9cis\u00e9 que les femmes peuvent le faire sur une base volontaire.<\/p>\n<p>D&rsquo;apr\u00e8s <em>Der Spiegel<\/em>, conform\u00e9ment \u00e0 ses engagements envers l&rsquo;OTAN, les effectifs des forces arm\u00e9es allemandes <a target=\"_blank\" href=\"https:\/\/www.spiegel.de\/politik\/deutschland\/wehrpflicht-union-und-spd-einigen-sich-auf-musterungspflicht-fuer-junge-maenner-a-dc2aaac6-b891-4b99-a61c-1a8c6f65abb8\" target=\"_blank\" rel=\"noopener noreferrer\">devraient augmenter<\/a> d&rsquo;environ 80\u00a0000 \u00e0 260\u00a0000 personnes. En outre, il est pr\u00e9vu de recruter 200\u00a0000 r\u00e9servistes. Si les objectifs ne sont pas atteints, les autorit\u00e9s allemandes adopteraient une loi sur le retour du service militaire obligatoire, a ajout\u00e9 le journal allemand.<\/p>\n<p>Le Kremlin, par la voix de son porte-parole Dmitri Peskov, <a target=\"_blank\" href=\"https:\/\/francais.rt.com\/russie\/127328-moscou-voit-preparations-europe-guerre-russie-affirme-kremlin\">a not\u00e9<\/a> les pr\u00e9paratifs de l&rsquo;Europe en vue d&rsquo;une guerre contre la Russie. Selon lui, Moscou constate actuellement dans les pays europ\u00e9ens un fort sentiment \u00ab\u00a0militariste\u00a0\u00bb, ainsi qu&rsquo;une augmentation de leurs budgets militaires. Cependant, Dmitri Peskov a soulign\u00e9 que cette augmentation conduisait \u00e0 une surcharge de leur \u00e9conomie et pouvait avoir des cons\u00e9quences plus graves.<\/p>\n<\/div>\n<p><br \/>\n<br \/><a href=\"https:\/\/francais.rt.com\/international\/127362-service-militaire-allemagne-examen-medical-majeurs-tirage-sort-cas-manque-volontaires\" target=\"_blank\"\">Source link <\/a><\/p>\n","protected":false},"excerpt":{"rendered":"<p>En Allemagne, le projet de loi adopt\u00e9 par la coalition au pouvoir r\u00e9tablit une commission m\u00e9dicale obligatoire pour tous les hommes majeurs en vue d\u2019un possible service \u00e0 la Bundeswehr.&hellip; <\/p>\n","protected":false},"author":1,"featured_media":19340,"comment_status":"open","ping_status":"open","sticky":false,"template":"","format":"standard","meta":{"footnotes":""},"categories":[1],"tags":[],"class_list":["post-19339","post","type-post","status-publish","format-standard","has-post-thumbnail","hentry","category-non-classe"],"_links":{"self":[{"href":"https:\/\/monde25.info\/index.php\/wp-json\/wp\/v2\/posts\/19339","targetHints":{"allow":["GET"]}}],"collection":[{"href":"https:\/\/monde25.info\/index.php\/wp-json\/wp\/v2\/posts"}],"about":[{"href":"https:\/\/monde25.info\/index.php\/wp-json\/wp\/v2\/types\/post"}],"author":[{"embeddable":true,"href":"https:\/\/monde25.info\/index.php\/wp-json\/wp\/v2\/users\/1"}],"replies":[{"embeddable":true,"href":"https:\/\/monde25.info\/index.php\/wp-json\/wp\/v2\/comments?post=19339"}],"version-history":[{"count":0,"href":"https:\/\/monde25.info\/index.php\/wp-json\/wp\/v2\/posts\/19339\/revisions"}],"wp:featuredmedia":[{"embeddable":true,"href":"https:\/\/monde25.info\/index.php\/wp-json\/wp\/v2\/media\/19340"}],"wp:attachment":[{"href":"https:\/\/monde25.info\/index.php\/wp-json\/wp\/v2\/media?parent=19339"}],"wp:term":[{"taxonomy":"category","embeddable":true,"href":"https:\/\/monde25.info\/index.php\/wp-json\/wp\/v2\/categories?post=19339"},{"taxonomy":"post_tag","embeddable":true,"href":"https:\/\/monde25.info\/index.php\/wp-json\/wp\/v2\/tags?post=19339"}],"curies":[{"name":"wp","href":"https:\/\/api.w.org\/{rel}","templated":true}]}}