{"id":19350,"date":"2025-11-13T22:17:38","date_gmt":"2025-11-13T21:17:38","guid":{"rendered":"https:\/\/monde25.info\/index.php\/2025\/11\/13\/la-france-ratifie-lutilisation-des-smp-europeennes-a-letranger-rt-en-francais\/"},"modified":"2025-11-13T22:17:38","modified_gmt":"2025-11-13T21:17:38","slug":"la-france-ratifie-lutilisation-des-smp-europeennes-a-letranger-rt-en-francais","status":"publish","type":"post","link":"https:\/\/monde25.info\/index.php\/2025\/11\/13\/la-france-ratifie-lutilisation-des-smp-europeennes-a-letranger-rt-en-francais\/","title":{"rendered":"la France ratifie l&rsquo;utilisation des SMP europ\u00e9ennes \u00e0 l\u2019\u00e9tranger \u2014 RT en fran\u00e7ais"},"content":{"rendered":"<p> <br \/>\n<br \/><img decoding=\"async\" src=\"https:\/\/mf.b37mrtl.ru\/french\/images\/2025.11\/thumbnail\/69160abb6f7ccc40076d065d.jpg\" \/><\/p>\n<div>\n<p class=\"text__summary\">\n                                        La France a adopt\u00e9 un d\u00e9cret, qui l\u00e9galise les soci\u00e9t\u00e9s militaires priv\u00e9es, les qualifiant d\u2019\u00abop\u00e9rateurs de r\u00e9f\u00e9rence\u00bb du minist\u00e8re des Arm\u00e9es. Ces soci\u00e9t\u00e9s, cr\u00e9\u00e9es dans l&rsquo;UE ou dans l&rsquo;Espace \u00e9conomique europ\u00e9en et b\u00e9n\u00e9ficiaires de droits exclusifs, pourront effectuer des missions \u00e0 l\u2019\u00e9tranger, accompagnant ou rempla\u00e7ant les forces fran\u00e7aises.\n                                    <\/p>\n<p>La France a l\u00e9galis\u00e9 les activit\u00e9s des soci\u00e9t\u00e9s militaires priv\u00e9es (SMP) qui pourront assister ou remplacer compl\u00e8tement les forces arm\u00e9es nationales dans l&rsquo;ex\u00e9cution de missions internationales, y compris dans les zones de conflits arm\u00e9s, selon le <a target=\"_blank\" href=\"https:\/\/www.legifrance.gouv.fr\/loda\/id\/JORFTEXT000052472683?isSuggest=true\" target=\"_blank\" rel=\"noopener noreferrer\">D\u00e9cret n\u00b0 2025-1030<\/a> du 31 octobre 2025, publi\u00e9 au Journal officiel de la R\u00e9publique fran\u00e7aise. Le document est entr\u00e9 en vigueur le 2 novembre.<\/p>\n<p>Le d\u00e9cret d\u00e9signe les SMP comme des \u00ab\u00a0op\u00e9rateurs de r\u00e9f\u00e9rence du minist\u00e8re des arm\u00e9es\u00a0\u00bb qui b\u00e9n\u00e9ficieront de droits \u00ab\u00a0exclusifs\u00a0\u00bb ou \u00ab\u00a0sp\u00e9ciaux\u00a0\u00bb pour une dur\u00e9e maximale de 10 ans et qui devront \u00eatre cr\u00e9\u00e9s dans l&rsquo;UE ou dans l&rsquo;Espace \u00e9conomique europ\u00e9en. Le document souligne que ces \u00ab op\u00e9rateurs \u00bb sont appel\u00e9s \u00e0 \u00ab\u00a0accompagner et prolonger l&rsquo;action de l&rsquo;\u00c9tat en mati\u00e8re de coop\u00e9ration internationale militaire\u00a0\u00bb.<\/p>\n<p>Le d\u00e9cret permet \u00e0 la France de confier \u00e0 ces soci\u00e9t\u00e9s militaires priv\u00e9es des missions de formation, d&rsquo;entra\u00eenement, de soutien ou de maintien en \u00e9tat de pr\u00e9paration op\u00e9rationnelle des arm\u00e9es des \u00c9tats partenaires. Les soci\u00e9t\u00e9s militaires assureront \u00ab\u00a0la transmission contr\u00f4l\u00e9e, directe ou indirecte, des savoir-faire militaires des forces arm\u00e9es fran\u00e7aises et des formations rattach\u00e9es et en garantiront la protection\u00a0\u00bb.<\/p>\n<p>Les \u00c9tats partenaires seront d\u00e9finis par des documents internationaux qui organisent les conditions de la coop\u00e9ration. Dans les cas o\u00f9 tel \u00c9tat \u00ab\u00a0ne souhaite pas les r\u00e9aliser lui-m\u00eame\u00a0\u00bb, le minist\u00e8re des Arm\u00e9es confie tout ou partie des missions \u00e0 des \u00ab\u00a0op\u00e9rateurs\u00a0\u00bb, notamment dans l&rsquo;int\u00e9r\u00eat \u00ab\u00a0d&rsquo;un \u00c9tat tiers faisant face \u00e0 une situation de crise ou de conflit arm\u00e9\u00a0\u00bb. Ils peuvent \u00e9galement agir dans le cadre d&rsquo;un \u00ab\u00a0partenariat militaire op\u00e9rationnel\u00a0\u00bb ou pour la \u00ab\u00a0r\u00e9alisation d&rsquo;une op\u00e9ration d&rsquo;exportation\u00a0\u00bb de produits militaires fran\u00e7ais.<\/p>\n<h2><strong>Un suppl\u00e9tif de\u00a0la\u00a0L\u00e9gion \u00e9trang\u00e8re\u00a0?<\/strong><\/h2>\n<p>La France dispose d\u00e9j\u00e0 d&rsquo;une force\u00a0militaire compos\u00e9e principalement d&rsquo;\u00e9trangers\u00a0: la L\u00e9gion \u00e9trang\u00e8re. Cette force est utilis\u00e9e prioritairement pour mener des op\u00e9rations militaires en dehors de la France continentale. Les l\u00e9gionnaires re\u00e7oivent une solde, un logement et des repas, et apr\u00e8s trois ans de service, ils peuvent demander la nationalit\u00e9 fran\u00e7aise.<\/p>\n<p>La possibilit\u00e9 d&rsquo;utiliser des soldats de la L\u00e9gion \u00e9trang\u00e8re aux c\u00f4t\u00e9s des forces ukrainiennes <a target=\"_blank\" href=\"https:\/\/francais.rt.com\/russie\/126804-renseignement-russe-france-envisage-envoi-deux-mille-soldats-ukraine\">a \u00e9t\u00e9 \u00e9voqu\u00e9e<\/a> par le Service de renseignement ext\u00e9rieur russe (SVR) \u00e0 la fin du mois d&rsquo;octobre dernier. Le SVR a indiqu\u00e9 que des l\u00e9gionnaires fran\u00e7ais, originaires en majorit\u00e9 d&rsquo;Am\u00e9rique latine, se trouvaient d\u00e9j\u00e0 en Pologne, d&rsquo;o\u00f9 ils pourraient \u00eatre transf\u00e9r\u00e9s vers les r\u00e9gions centrales de l&rsquo;Ukraine.<\/p>\n<p>Les services de renseignement russes ont \u00e9galement soulign\u00e9 que cette d\u00e9cision \u00e9tait motiv\u00e9e par le fait que le pr\u00e9sident fran\u00e7ais est \u00ab\u00a0obs\u00e9d\u00e9\u00a0\u00bb par l&rsquo;id\u00e9e d&rsquo;une intervention militaire en Ukraine. \u00ab\u00a0D\u00e9pass\u00e9 par ses \u00e9checs politiques et incapable de r\u00e9soudre la crise socio-\u00e9conomique que traverse le pays, il s&rsquo;accroche \u00e0 l&rsquo;espoir d&rsquo;\u00eatre per\u00e7u comme un grand strat\u00e8ge militaire\u00a0\u00bb, a affirm\u00e9 le SVR.<\/p>\n<\/div>\n<p><br \/>\n<br \/><a href=\"https:\/\/francais.rt.com\/france\/127363-operateurs-reference-france-ratifie-utilisation-smp-europeennes-etranger\" target=\"_blank\"\">Source link <\/a><\/p>\n","protected":false},"excerpt":{"rendered":"<p>La France a adopt\u00e9 un d\u00e9cret, qui l\u00e9galise les soci\u00e9t\u00e9s militaires priv\u00e9es, les qualifiant d\u2019\u00abop\u00e9rateurs de r\u00e9f\u00e9rence\u00bb du minist\u00e8re des Arm\u00e9es. Ces soci\u00e9t\u00e9s, cr\u00e9\u00e9es dans l&rsquo;UE ou dans l&rsquo;Espace \u00e9conomique&hellip; <\/p>\n","protected":false},"author":1,"featured_media":19351,"comment_status":"open","ping_status":"open","sticky":false,"template":"","format":"standard","meta":{"footnotes":""},"categories":[1],"tags":[],"class_list":["post-19350","post","type-post","status-publish","format-standard","has-post-thumbnail","hentry","category-non-classe"],"_links":{"self":[{"href":"https:\/\/monde25.info\/index.php\/wp-json\/wp\/v2\/posts\/19350","targetHints":{"allow":["GET"]}}],"collection":[{"href":"https:\/\/monde25.info\/index.php\/wp-json\/wp\/v2\/posts"}],"about":[{"href":"https:\/\/monde25.info\/index.php\/wp-json\/wp\/v2\/types\/post"}],"author":[{"embeddable":true,"href":"https:\/\/monde25.info\/index.php\/wp-json\/wp\/v2\/users\/1"}],"replies":[{"embeddable":true,"href":"https:\/\/monde25.info\/index.php\/wp-json\/wp\/v2\/comments?post=19350"}],"version-history":[{"count":0,"href":"https:\/\/monde25.info\/index.php\/wp-json\/wp\/v2\/posts\/19350\/revisions"}],"wp:featuredmedia":[{"embeddable":true,"href":"https:\/\/monde25.info\/index.php\/wp-json\/wp\/v2\/media\/19351"}],"wp:attachment":[{"href":"https:\/\/monde25.info\/index.php\/wp-json\/wp\/v2\/media?parent=19350"}],"wp:term":[{"taxonomy":"category","embeddable":true,"href":"https:\/\/monde25.info\/index.php\/wp-json\/wp\/v2\/categories?post=19350"},{"taxonomy":"post_tag","embeddable":true,"href":"https:\/\/monde25.info\/index.php\/wp-json\/wp\/v2\/tags?post=19350"}],"curies":[{"name":"wp","href":"https:\/\/api.w.org\/{rel}","templated":true}]}}