{"id":19352,"date":"2025-11-14T01:02:34","date_gmt":"2025-11-14T00:02:34","guid":{"rendered":"https:\/\/monde25.info\/index.php\/2025\/11\/14\/climat-les-etats-misent-sur-la-sequestration-du-carbone-plutot-que-de-sauver-les-forets\/"},"modified":"2025-11-14T01:02:34","modified_gmt":"2025-11-14T00:02:34","slug":"climat-les-etats-misent-sur-la-sequestration-du-carbone-plutot-que-de-sauver-les-forets","status":"publish","type":"post","link":"https:\/\/monde25.info\/index.php\/2025\/11\/14\/climat-les-etats-misent-sur-la-sequestration-du-carbone-plutot-que-de-sauver-les-forets\/","title":{"rendered":"Climat\u00a0: les \u00c9tats misent sur la s\u00e9questration du carbone plut\u00f4t que de sauver les for\u00eats"},"content":{"rendered":"<p> <br \/>\n<br \/><img loading=\"lazy\" decoding=\"async\" src=\"https:\/\/reporterre.net\/local\/cache-vignettes\/L700xH466\/signal-2025-10-22-174238-97ff8.jpg?1763045448\" class=\"spip_logo\" width=\"700\" height=\"466\" alt=\"\" \/><\/p>\n<p>De la poudre aux yeux. Dans les plans climatiques nationaux publi\u00e9s en amont de la <span class=\"caps\">COP30<\/span>, o\u00f9 se n\u00e9gocie l&rsquo;avenir de la lutte contre le changement climatique, les \u00c9tats misent beaucoup trop sur d&rsquo;irr\u00e9alistes pr\u00e9visions de s\u00e9questration terrestre du carbone, au lieu de s&rsquo;attaquer au fond du probl\u00e8me\u00a0: r\u00e9duire leurs \u00e9missions de <span class=\"caps\">CO<\/span><sub>2<\/sub> \u00e0 la source en sortant des \u00e9nergies fossiles. <br class=\"autobr\" \/><br \/>\nC&rsquo;est ce que d\u00e9nonce le rapport Land gap 2025 publi\u00e9 le 13\u00a0novembre. Une dizaine d&rsquo;universit\u00e9s et d&rsquo;<span class=\"caps\">ONG<\/span>, sous la\u00a0(\u2026)<\/p>\n<p>                    <a target=\"_blank\" href=\"https:\/\/reporterre.net\/Climat-les-Etats-misent-sur-la-sequestration-du-carbone-plutot-que-de-sauver-les-forets?utm_source=RSS&amp;utm_medium=RSS\">Lire la suite<\/a><\/p>\n<p>                    &#8211;<br \/>\n                        <a target=\"_blank\" href=\"https:\/\/reporterre.net\/Breves-20\" rel=\"directory\">En bref<\/a><\/p>\n<p>                    \/<br \/>\n                        <a target=\"_blank\" href=\"https:\/\/reporterre.net\/Forets\" rel=\"tag\">For\u00eats<\/a><br \/>\n<br \/><br \/>\n<br \/><a href=\"https:\/\/reporterre.net\/Climat-les-Etats-misent-sur-la-sequestration-du-carbone-plutot-que-de-sauver-les-forets\" target=\"_blank\"\">Source link <\/a><\/p>\n","protected":false},"excerpt":{"rendered":"<p>De la poudre aux yeux. Dans les plans climatiques nationaux publi\u00e9s en amont de la COP30, o\u00f9 se n\u00e9gocie l&rsquo;avenir de la lutte contre le changement climatique, les \u00c9tats misent&hellip; <\/p>\n","protected":false},"author":1,"featured_media":0,"comment_status":"open","ping_status":"open","sticky":false,"template":"","format":"standard","meta":{"footnotes":""},"categories":[1],"tags":[],"class_list":["post-19352","post","type-post","status-publish","format-standard","hentry","category-non-classe"],"_links":{"self":[{"href":"https:\/\/monde25.info\/index.php\/wp-json\/wp\/v2\/posts\/19352","targetHints":{"allow":["GET"]}}],"collection":[{"href":"https:\/\/monde25.info\/index.php\/wp-json\/wp\/v2\/posts"}],"about":[{"href":"https:\/\/monde25.info\/index.php\/wp-json\/wp\/v2\/types\/post"}],"author":[{"embeddable":true,"href":"https:\/\/monde25.info\/index.php\/wp-json\/wp\/v2\/users\/1"}],"replies":[{"embeddable":true,"href":"https:\/\/monde25.info\/index.php\/wp-json\/wp\/v2\/comments?post=19352"}],"version-history":[{"count":0,"href":"https:\/\/monde25.info\/index.php\/wp-json\/wp\/v2\/posts\/19352\/revisions"}],"wp:attachment":[{"href":"https:\/\/monde25.info\/index.php\/wp-json\/wp\/v2\/media?parent=19352"}],"wp:term":[{"taxonomy":"category","embeddable":true,"href":"https:\/\/monde25.info\/index.php\/wp-json\/wp\/v2\/categories?post=19352"},{"taxonomy":"post_tag","embeddable":true,"href":"https:\/\/monde25.info\/index.php\/wp-json\/wp\/v2\/tags?post=19352"}],"curies":[{"name":"wp","href":"https:\/\/api.w.org\/{rel}","templated":true}]}}