{"id":19372,"date":"2025-11-14T08:45:35","date_gmt":"2025-11-14T07:45:35","guid":{"rendered":"https:\/\/monde25.info\/index.php\/2025\/11\/14\/bruno-retailleau-en-quete-de-transition-apres-sa-sortie-ratee-du-gouvernement-lecornu-rt-en-francais\/"},"modified":"2025-11-14T08:45:35","modified_gmt":"2025-11-14T07:45:35","slug":"bruno-retailleau-en-quete-de-transition-apres-sa-sortie-ratee-du-gouvernement-lecornu-rt-en-francais","status":"publish","type":"post","link":"https:\/\/monde25.info\/index.php\/2025\/11\/14\/bruno-retailleau-en-quete-de-transition-apres-sa-sortie-ratee-du-gouvernement-lecornu-rt-en-francais\/","title":{"rendered":"Bruno Retailleau en qu\u00eate de transition apr\u00e8s sa sortie rat\u00e9e du gouvernement Lecornu \u2014 RT en fran\u00e7ais"},"content":{"rendered":"<p> <br \/>\n<br \/><img decoding=\"async\" src=\"https:\/\/mf.b37mrtl.ru\/french\/images\/2025.11\/thumbnail\/69157f3387f3ec5dfc2aa6b2.jpg\" \/><\/p>\n<div>\n<p class=\"text__summary\">\n                                        Bruno Retailleau entame un tour de France pour reconqu\u00e9rir la base LR et r\u00e9affirmer son leadership fragilis\u00e9. Entre critiques internes et repositionnement id\u00e9ologique, il pr\u00f4ne une droite ferme, lib\u00e9rale et s\u00e9curitaire. Derri\u00e8re cette tourn\u00e9e d\u2019\u00e9coute, se profile d\u00e9j\u00e0 la pr\u00e9sidentielle de 2027.\n                                    <\/p>\n<p data-start=\"88\" data-end=\"889\">\u00c0 Bry-sur-Marne, bastion conservateur du Val-de-Marne, Bruno Retailleau a lanc\u00e9 son \u00ab tour de France \u00bb, une tourn\u00e9e politique cens\u00e9e marquer son grand retour apr\u00e8s un an pass\u00e9 au minist\u00e8re de l\u2019Int\u00e9rieur. Devant une salle acquise, le pr\u00e9sident de Les R\u00e9publicains (LR) se veut \u00e0 nouveau proche des Fran\u00e7ais et des militants, loin des ors de la R\u00e9publique.<\/p>\n<p data-start=\"88\" data-end=\"889\">\u00ab J\u2019ai envie de me reconnecter au pays \u00bb, glisse-t-il, d\u00e9termin\u00e9 \u00e0 retrouver le souffle d\u2019un parti \u00e9gar\u00e9 entre divisions internes et perte d\u2019influence. Ce retour sur le terrain, apr\u00e8s la fin de son aventure gouvernementale dans le cabinet de S\u00e9bastien Lecornu, sonne comme une tentative de reb\u00e2tir une l\u00e9gitimit\u00e9 malmen\u00e9e. Car, dans les rangs de LR, beaucoup n\u2019ont pas compris son d\u00e9part pr\u00e9cipit\u00e9, v\u00e9cu comme un d\u00e9saveu politique.<\/p>\n<h2 data-start=\"88\" data-end=\"889\">Objectif 2027<\/h2>\n<p data-start=\"88\" data-end=\"889\">Devenu s\u00e9nateur de Vend\u00e9e, Bruno Retailleau retrouve une posture plus offensive. Il d\u00e9nonce un gouvernement qu\u2019il accuse de \u00ab social-\u00e9tatisme \u00bb et un ex\u00e9cutif soumis \u00e0 la gauche, fustigeant la domination d\u2019Olivier Faure sur le premier ministre.<\/p>\n<p data-start=\"891\" data-end=\"1534\">Son discours, muscl\u00e9, vise \u00e0 reconqu\u00e9rir une droite conservatrice et lib\u00e9rale \u00e0 la fois : r\u00e9duction du nombre de fonctionnaires, d\u00e9fense d\u2019un \u00c9tat fort et recentr\u00e9, rejet de \u00ab l\u2019impossibilisme juridique \u00bb qui, selon lui, paralyse l\u2019action sur la s\u00e9curit\u00e9 et l\u2019immigration. Dans cette rh\u00e9torique, on retrouve les accents d\u2019un Fran\u00e7ois Fillon, dont il fut l\u2019un des plus fid\u00e8les lieutenants.<\/p>\n<p data-start=\"1536\" data-end=\"2141\">Mais son autorit\u00e9 au sein du parti s\u2019est effrit\u00e9e. Son passage au gouvernement, per\u00e7u par certains comme une compromission avec le macronisme, a ouvert la voie aux critiques internes. Laurent Wauquiez, Xavier Bertrand et Jean-Fran\u00e7ois Cop\u00e9 appellent \u00e0 \u00ab clarifier la ligne \u00bb d\u2019un parti en perte d\u2019identit\u00e9.<\/p>\n<p data-start=\"1536\" data-end=\"2141\">La gestion de la crise des \u00ab ministres dissidents \u00bb de LR, d\u2019abord promis \u00e0 l\u2019exclusion, puis seulement suspendus, a accentu\u00e9 l\u2019image d\u2019un chef h\u00e9sitant. M\u00eame G\u00e9rard Larcher l\u2019a rappel\u00e9 \u00e0 la prudence, illustrant la fragilit\u00e9 d\u2019une direction tiraill\u00e9e entre fermet\u00e9 et consensus.<\/p>\n<p data-start=\"2143\" data-end=\"2740\">Pour autant, Retailleau ne renonce pas \u00e0 ses ambitions. Il refuse toute alliance avec le Rassemblement national, pr\u00e9f\u00e9rant parler directement aux \u00e9lecteurs \u00ab d\u00e9\u00e7us mais fid\u00e8les \u00e0 leurs valeurs \u00bb. Sa tourn\u00e9e, pr\u00e9sent\u00e9e comme un moment d\u2019\u00e9coute, prend des allures de campagne d\u00e9guis\u00e9e.<\/p>\n<p data-start=\"2143\" data-end=\"2740\">Le Vend\u00e9en, qui assure ne pas \u00ab vouloir \u00eatre pr\u00e9sident comme on veut un \u00e9clair au caf\u00e9 \u00bb, sait pourtant que son retour sur les routes ressemble \u00e0 un pr\u00e9ambule \u00e0 2027. Entre nostalgie de la droite gaulliste et promesse de renouveau, il tente de rallumer la flamme d\u2019un parti en qu\u00eate de chef et d\u2019avenir.<\/p>\n<\/div>\n<p><br \/>\n<br \/><a href=\"https:\/\/francais.rt.com\/france\/127333-bruno-retailleau-quete-transition-apres-sortie-ratee-gouvernement-lecornu\" target=\"_blank\"\">Source link <\/a><\/p>\n","protected":false},"excerpt":{"rendered":"<p>Bruno Retailleau entame un tour de France pour reconqu\u00e9rir la base LR et r\u00e9affirmer son leadership fragilis\u00e9. Entre critiques internes et repositionnement id\u00e9ologique, il pr\u00f4ne une droite ferme, lib\u00e9rale et&hellip; <\/p>\n","protected":false},"author":1,"featured_media":19373,"comment_status":"open","ping_status":"open","sticky":false,"template":"","format":"standard","meta":{"footnotes":""},"categories":[1],"tags":[],"class_list":["post-19372","post","type-post","status-publish","format-standard","has-post-thumbnail","hentry","category-non-classe"],"_links":{"self":[{"href":"https:\/\/monde25.info\/index.php\/wp-json\/wp\/v2\/posts\/19372","targetHints":{"allow":["GET"]}}],"collection":[{"href":"https:\/\/monde25.info\/index.php\/wp-json\/wp\/v2\/posts"}],"about":[{"href":"https:\/\/monde25.info\/index.php\/wp-json\/wp\/v2\/types\/post"}],"author":[{"embeddable":true,"href":"https:\/\/monde25.info\/index.php\/wp-json\/wp\/v2\/users\/1"}],"replies":[{"embeddable":true,"href":"https:\/\/monde25.info\/index.php\/wp-json\/wp\/v2\/comments?post=19372"}],"version-history":[{"count":0,"href":"https:\/\/monde25.info\/index.php\/wp-json\/wp\/v2\/posts\/19372\/revisions"}],"wp:featuredmedia":[{"embeddable":true,"href":"https:\/\/monde25.info\/index.php\/wp-json\/wp\/v2\/media\/19373"}],"wp:attachment":[{"href":"https:\/\/monde25.info\/index.php\/wp-json\/wp\/v2\/media?parent=19372"}],"wp:term":[{"taxonomy":"category","embeddable":true,"href":"https:\/\/monde25.info\/index.php\/wp-json\/wp\/v2\/categories?post=19372"},{"taxonomy":"post_tag","embeddable":true,"href":"https:\/\/monde25.info\/index.php\/wp-json\/wp\/v2\/tags?post=19372"}],"curies":[{"name":"wp","href":"https:\/\/api.w.org\/{rel}","templated":true}]}}