{"id":19381,"date":"2025-11-14T12:05:15","date_gmt":"2025-11-14T11:05:15","guid":{"rendered":"https:\/\/monde25.info\/index.php\/2025\/11\/14\/le-conseil-de-securite-proroge-le-mandat-de-la-minusca-en-centrafrique\/"},"modified":"2025-11-14T12:05:15","modified_gmt":"2025-11-14T11:05:15","slug":"le-conseil-de-securite-proroge-le-mandat-de-la-minusca-en-centrafrique","status":"publish","type":"post","link":"https:\/\/monde25.info\/index.php\/2025\/11\/14\/le-conseil-de-securite-proroge-le-mandat-de-la-minusca-en-centrafrique\/","title":{"rendered":"Le Conseil de s\u00e9curit\u00e9 proroge le mandat de la MINUSCA en Centrafrique"},"content":{"rendered":"<p> <br \/>\n<\/p>\n<div itemscope=\"\" itemtype=\"https:\/\/schema.org\/Article\">\n<p>https:\/\/fr.sputniknews.africa\/20251114\/le-conseil-de-securite-proroge-le-mandat-de-la-minusca-en-centrafrique&#8211;1080475474.html<\/p>\n<p><a target=\"_blank\" itemprop=\"url\" href=\"https:\/\/fr.sputniknews.africa\/20251114\/le-conseil-de-securite-proroge-le-mandat-de-la-minusca-en-centrafrique--1080475474.html\" title=\"Le Conseil de s\u00e9curit\u00e9 proroge le mandat de la MINUSCA en Centrafrique \"\/><\/p>\n<p>Le Conseil de s\u00e9curit\u00e9 proroge le mandat de la MINUSCA en Centrafrique <\/p>\n<p>Le Conseil de s\u00e9curit\u00e9 proroge le mandat de la MINUSCA en Centrafrique <\/p>\n<p>Sputnik Afrique<\/p>\n<p>Le Conseil de s\u00e9curit\u00e9 de l&rsquo;ONU a d\u00e9cid\u00e9, jeudi, de proroger d&rsquo;un an le mandat de la Mission multidimensionnelle int\u00e9gr\u00e9e des Nations Unies pour la&#8230; 14.11.2025, Sputnik Afrique<\/p>\n<p>2025-11-14T06:49+0100<\/p>\n<p>2025-11-14T06:49+0100<\/p>\n<p>2025-11-14T06:49+0100<\/p>\n<p>r\u00e9publique centrafricaine<\/p>\n<p>onu<\/p>\n<p>conseil de s\u00e9curit\u00e9 de l&rsquo;onu<\/p>\n<p>https:\/\/cdn1.img.sputniknews.africa\/img\/07e9\/0b\/0e\/1080475308_0:312:3000:2000_1920x0_80_0_0_4571a5f41e78f9cdfce5360260c2e4e0.jpg<\/p>\n<p>Dans ce texte, l\u2019instance ex\u00e9cutive de l\u2019ONU se dit consciente que l\u2019instauration d\u2019une paix et d\u2019une s\u00e9curit\u00e9 durables en R\u00e9publique centrafricaine passe par une combinaison d\u2019efforts men\u00e9s au niveau national sur le plan politique et dans les domaines de la s\u00e9curit\u00e9, de la consolidation de la paix et du d\u00e9veloppement durable.Avec ce texte, la Mission pourra poursuivre son action dans les domaines prioritaires comme l\u2019organisation des \u00e9lections, la protection des civils, l\u2019extension de l\u2019autorit\u00e9 de l\u2019\u00c9tat sur l\u2019ensemble du territoire, ou encore la mise en \u0153uvre du processus de paix, a indiqu\u00e9 le repr\u00e9sentant de la France, porte-plume de la r\u00e9solution.Il s\u2019agit pour ce Conseil de \u00ab\u00a0r\u00e9pondre \u00e0 la demande de la R\u00e9publique centrafricaine de continuer \u00e0 l\u2019accompagner dans la p\u00e9riode cruciale qui s\u2019ouvre et de consolider ainsi les progr\u00e8s r\u00e9alis\u00e9s au cours des derni\u00e8res ann\u00e9es\u00a0\u00bb, a-t-il expliqu\u00e9 avant le vote.Par ce texte, le Conseil d\u00e9cide aussi que l\u2019effectif maximal autoris\u00e9 de la MINUSCA est fix\u00e9 \u00e0 14.046 militaires, en indiquant qu\u2019il compte r\u00e9examiner ce chiffre en permanence, en prenant en consid\u00e9ration les progr\u00e8s accomplis sur le plan s\u00e9curitaire et l\u2019objectif de transition et de r\u00e9duction \u00e9ventuelle de la MINUSCA lorsque les conditions seront r\u00e9unies.<\/p>\n<p>r\u00e9publique centrafricaine<\/p>\n<div itemprop=\"copyrightHolder\" itemscope=\"\" itemtype=\"http:\/\/schema.org\/Organization\">\n<p>Sputnik Afrique<\/p>\n<p><a target=\"_blank\" itemprop=\"url\" href=\"https:\/\/fr.sputniknews.africa\" title=\"Sputnik Afrique\"> <\/a><\/p>\n<p>feedback.fr@sputniknews.com<\/p>\n<p>+74956456601<\/p>\n<p>MIA \u201eRossiya Segodnya\u201c<\/p>\n<p><a target=\"_blank\" itemprop=\"sameAs\" href=\"https:\/\/t.me\/sputnik_afrique\"> <\/a><a target=\"_blank\" itemprop=\"sameAs\" href=\"https:\/\/t.me\/sputnik_africa\"> <\/a><a target=\"_blank\" itemprop=\"sameAs\" href=\"https:\/\/t.me\/sputnik_ethiopia\"> <\/a><a target=\"_blank\" itemprop=\"sameAs\" href=\"https:\/\/x.com\/sputnik_afrique\"> <\/a><a target=\"_blank\" itemprop=\"sameAs\" href=\"https:\/\/x.com\/sputnik_africa\"> <\/a><a target=\"_blank\" itemprop=\"sameAs\" href=\"https:\/\/x.com\/sputnik_ethio\"> <\/a><a target=\"_blank\" itemprop=\"sameAs\" href=\"https:\/\/x.com\/sputnik_swahili\"> <\/a><\/div>\n<p>2025<\/p>\n<p>Actus<\/p>\n<p>fr_FR<\/p>\n<div itemprop=\"sourceOrganization\" itemscope=\"\" itemtype=\"http:\/\/schema.org\/Organization\">\n<p>Sputnik Afrique<\/p>\n<p><a target=\"_blank\" itemprop=\"url\" href=\"https:\/\/fr.sputniknews.africa\" title=\"Sputnik Afrique\"> <\/a><\/p>\n<p>feedback.fr@sputniknews.com<\/p>\n<p>+74956456601<\/p>\n<p>MIA \u201eRossiya Segodnya\u201c<\/p>\n<p><a target=\"_blank\" itemprop=\"sameAs\" href=\"https:\/\/t.me\/sputnik_afrique\"> <\/a><a target=\"_blank\" itemprop=\"sameAs\" href=\"https:\/\/t.me\/sputnik_africa\"> <\/a><a target=\"_blank\" itemprop=\"sameAs\" href=\"https:\/\/t.me\/sputnik_ethiopia\"> <\/a><a target=\"_blank\" itemprop=\"sameAs\" href=\"https:\/\/x.com\/sputnik_afrique\"> <\/a><a target=\"_blank\" itemprop=\"sameAs\" href=\"https:\/\/x.com\/sputnik_africa\"> <\/a><a target=\"_blank\" itemprop=\"sameAs\" href=\"https:\/\/x.com\/sputnik_ethio\"> <\/a><a target=\"_blank\" itemprop=\"sameAs\" href=\"https:\/\/x.com\/sputnik_swahili\"> <\/a><\/div>\n<p><a target=\"_blank\" itemprop=\"thumbnailUrl\" href=\"https:\/\/cdn1.img.sputniknews.africa\/img\/07e9\/0b\/0e\/1080475308_0:312:3000:2000_1920x0_80_0_0_4571a5f41e78f9cdfce5360260c2e4e0.jpg\"\/><a target=\"_blank\" itemprop=\"thumbnailUrl\" href=\"https:\/\/cdn1.img.sputniknews.africa\/img\/07e9\/0b\/0e\/1080475308_333:0:3000:2000_1920x0_80_0_0_469541e74319e186d7d28dde099866f6.jpg\">https:\/\/cdn1.img.sputniknews.africa\/img\/07e9\/0b\/0e\/1080475308_333:0:3000:2000_1920x0_80_0_0_469541e74319e186d7d28dde099866f6.jpg<\/a><a target=\"_blank\" itemprop=\"thumbnailUrl\" href=\"https:\/\/cdn1.img.sputniknews.africa\/img\/07e9\/0b\/0e\/1080475308_669:0:2669:2000_1920x0_80_0_0_893c7645f1efc9a0c6a3e84e1bcf7908.jpg\" title=\"Des forces de maintien de la paix rwandaises de la MINUSCA patrouillent aux abords de Bangui, en R\u00e9publique centrafricaine, le samedi 23 janvier 2021 (Photo AP\/Adrienne Surprenant)\"\/><\/p>\n<div itemprop=\"publisher\" itemscope=\"\" itemtype=\"http:\/\/schema.org\/Organization\">\n<p>Sputnik Afrique<\/p>\n<p><a target=\"_blank\" itemprop=\"url\" href=\"https:\/\/fr.sputniknews.africa\" title=\"Sputnik Afrique\"> <\/a><\/p>\n<p>feedback.fr@sputniknews.com<\/p>\n<p>+74956456601<\/p>\n<p>MIA \u201eRossiya Segodnya\u201c<\/p>\n<p><a target=\"_blank\" itemprop=\"sameAs\" href=\"https:\/\/t.me\/sputnik_afrique\"> <\/a><a target=\"_blank\" itemprop=\"sameAs\" href=\"https:\/\/t.me\/sputnik_africa\"> <\/a><a target=\"_blank\" itemprop=\"sameAs\" href=\"https:\/\/t.me\/sputnik_ethiopia\"> <\/a><a target=\"_blank\" itemprop=\"sameAs\" href=\"https:\/\/x.com\/sputnik_afrique\"> <\/a><a target=\"_blank\" itemprop=\"sameAs\" href=\"https:\/\/x.com\/sputnik_africa\"> <\/a><a target=\"_blank\" itemprop=\"sameAs\" href=\"https:\/\/x.com\/sputnik_ethio\"> <\/a><a target=\"_blank\" itemprop=\"sameAs\" href=\"https:\/\/x.com\/sputnik_swahili\"> <\/a><\/div>\n<p>r\u00e9publique centrafricaine, onu, conseil de s\u00e9curit\u00e9 de l&rsquo;onu<\/p>\n<div itemprop=\"about\" itemscope=\"\" itemtype=\"https:\/\/schema.org\/Thing\">\n<p>r\u00e9publique centrafricaine, onu, conseil de s\u00e9curit\u00e9 de l&rsquo;onu<\/p>\n<\/div>\n<\/div>\n<div>\n<p>Le Conseil de s\u00e9curit\u00e9 de l&rsquo;ONU a d\u00e9cid\u00e9, jeudi, de proroger d&rsquo;un an le mandat de la Mission multidimensionnelle int\u00e9gr\u00e9e des Nations Unies pour la stabilisation en R\u00e9publique centrafricaine (MINUSCA).En vertu d\u2019une r\u00e9solution adopt\u00e9e par 14 voix pour et une seule abstention, le mandat de la Mission onusienne est prolong\u00e9 jusqu\u2019au 15 novembre 2026.<\/p>\n<\/div>\n<div>\n<div class=\"article__block\" data-type=\"text\">\n<p>Dans ce texte, l\u2019instance ex\u00e9cutive de l\u2019ONU se dit consciente que l\u2019instauration d\u2019une paix et d\u2019une s\u00e9curit\u00e9 durables en R\u00e9publique centrafricaine passe par une combinaison d\u2019efforts men\u00e9s au niveau national sur le plan politique et dans les domaines de la s\u00e9curit\u00e9, de la consolidation de la paix et du d\u00e9veloppement durable.<\/p>\n<\/div>\n<div class=\"article__block\" data-type=\"text\">\n<p>Avec ce texte, la Mission pourra poursuivre son action dans les domaines prioritaires comme l\u2019organisation des \u00e9lections, la protection des civils, l\u2019extension de l\u2019autorit\u00e9 de l\u2019\u00c9tat sur l\u2019ensemble du territoire, ou encore la mise en \u0153uvre du processus de paix, a indiqu\u00e9 le repr\u00e9sentant de la France, porte-plume de la r\u00e9solution.<\/p>\n<\/div>\n<div class=\"article__block\" data-type=\"text\">\n<p>Il s\u2019agit pour ce Conseil de \u00ab\u00a0r\u00e9pondre \u00e0 la demande de la R\u00e9publique centrafricaine de continuer \u00e0 l\u2019accompagner dans la p\u00e9riode cruciale qui s\u2019ouvre et de consolider ainsi les progr\u00e8s r\u00e9alis\u00e9s au cours des derni\u00e8res ann\u00e9es\u00a0\u00bb, a-t-il expliqu\u00e9 avant le vote.<\/p>\n<\/div>\n<div class=\"article__block\" data-type=\"text\">\n<p>Par ce texte, le Conseil d\u00e9cide aussi que l\u2019effectif maximal autoris\u00e9 de la MINUSCA est fix\u00e9 \u00e0 14.046 militaires, en indiquant qu\u2019il compte r\u00e9examiner ce chiffre en permanence, en prenant en consid\u00e9ration les progr\u00e8s accomplis sur le plan s\u00e9curitaire et l\u2019objectif de transition et de r\u00e9duction \u00e9ventuelle de la MINUSCA lorsque les conditions seront r\u00e9unies.<\/p>\n<\/div>\n<\/div>\n<p><script async=\"async\" type=\"text\/plain\" class=\"_iub_cs_activate\" data-iub-purposes=\"3\" data-suppressedsrc=\"https:\/\/connect.facebook.net\/en_US\/sdk.js#xfbml=1&amp;version=v3.2\"><\/script><br \/>\n<br \/><br \/>\n<br \/><a href=\"https:\/\/fr.sputniknews.africa\/20251114\/le-conseil-de-securite-proroge-le-mandat-de-la-minusca-en-centrafrique--1080475474.html\" target=\"_blank\"\">Source link <\/a><\/p>\n","protected":false},"excerpt":{"rendered":"<p>https:\/\/fr.sputniknews.africa\/20251114\/le-conseil-de-securite-proroge-le-mandat-de-la-minusca-en-centrafrique&#8211;1080475474.html Le Conseil de s\u00e9curit\u00e9 proroge le mandat de la MINUSCA en Centrafrique Le Conseil de s\u00e9curit\u00e9 proroge le mandat de la MINUSCA en Centrafrique Sputnik Afrique Le Conseil de&hellip; <\/p>\n","protected":false},"author":1,"featured_media":19382,"comment_status":"open","ping_status":"open","sticky":false,"template":"","format":"standard","meta":{"footnotes":""},"categories":[1],"tags":[],"class_list":["post-19381","post","type-post","status-publish","format-standard","has-post-thumbnail","hentry","category-non-classe"],"_links":{"self":[{"href":"https:\/\/monde25.info\/index.php\/wp-json\/wp\/v2\/posts\/19381","targetHints":{"allow":["GET"]}}],"collection":[{"href":"https:\/\/monde25.info\/index.php\/wp-json\/wp\/v2\/posts"}],"about":[{"href":"https:\/\/monde25.info\/index.php\/wp-json\/wp\/v2\/types\/post"}],"author":[{"embeddable":true,"href":"https:\/\/monde25.info\/index.php\/wp-json\/wp\/v2\/users\/1"}],"replies":[{"embeddable":true,"href":"https:\/\/monde25.info\/index.php\/wp-json\/wp\/v2\/comments?post=19381"}],"version-history":[{"count":0,"href":"https:\/\/monde25.info\/index.php\/wp-json\/wp\/v2\/posts\/19381\/revisions"}],"wp:featuredmedia":[{"embeddable":true,"href":"https:\/\/monde25.info\/index.php\/wp-json\/wp\/v2\/media\/19382"}],"wp:attachment":[{"href":"https:\/\/monde25.info\/index.php\/wp-json\/wp\/v2\/media?parent=19381"}],"wp:term":[{"taxonomy":"category","embeddable":true,"href":"https:\/\/monde25.info\/index.php\/wp-json\/wp\/v2\/categories?post=19381"},{"taxonomy":"post_tag","embeddable":true,"href":"https:\/\/monde25.info\/index.php\/wp-json\/wp\/v2\/tags?post=19381"}],"curies":[{"name":"wp","href":"https:\/\/api.w.org\/{rel}","templated":true}]}}