{"id":19383,"date":"2025-11-14T12:38:39","date_gmt":"2025-11-14T11:38:39","guid":{"rendered":"https:\/\/monde25.info\/index.php\/2025\/11\/14\/le-liban-presse-paris-pour-eviter-une-escalade-dans-le-sud-du-pays-rt-en-francais\/"},"modified":"2025-11-14T12:38:39","modified_gmt":"2025-11-14T11:38:39","slug":"le-liban-presse-paris-pour-eviter-une-escalade-dans-le-sud-du-pays-rt-en-francais","status":"publish","type":"post","link":"https:\/\/monde25.info\/index.php\/2025\/11\/14\/le-liban-presse-paris-pour-eviter-une-escalade-dans-le-sud-du-pays-rt-en-francais\/","title":{"rendered":"Le Liban presse Paris pour \u00e9viter une escalade dans le sud du pays \u2014 RT en fran\u00e7ais"},"content":{"rendered":"<p> <br \/>\n<br \/><img decoding=\"async\" src=\"https:\/\/mf.b37mrtl.ru\/french\/images\/2025.11\/thumbnail\/6916d65e87f3ec2467729ad6.jpg\" \/><\/p>\n<div>\n<p class=\"text__summary\">\n                                        Joseph Aoun presse la France d\u2019organiser rapidement une conf\u00e9rence de soutien militaire et de reconstruction, estimant que le soutien moral ne suffit plus. Face aux violations isra\u00e9liennes et \u00e0 l\u2019affaiblissement du cessez-le-feu, il appelle \u00e0 une solution n\u00e9goci\u00e9e et \u00e0 un renforcement urgent de l\u2019arm\u00e9e.\n                                    <\/p>\n<p data-start=\"114\" data-end=\"819\">Le pr\u00e9sident libanais Joseph Aoun a livr\u00e9 jeudi un message sans d\u00e9tour \u00e0 la conseill\u00e8re d\u2019Emmanuel Macron pour le Proche-Orient, Anne-Claire Legendre : le soutien \u00ab moral \u00bb des partenaires du Liban \u00ab ne suffit plus \u00bb.<\/p>\n<p data-start=\"114\" data-end=\"819\">Face \u00e0 la recrudescence des attaques isra\u00e9liennes et \u00e0 l\u2019effritement du cessez-le-feu conclu fin 2024, Aoun r\u00e9clame des moyens militaires concrets, \u00e0 obtenir lors de la conf\u00e9rence de soutien \u00e0 l\u2019arm\u00e9e que Paris s\u2019engage \u00e0 organiser avec Washington et Riyad.<\/p>\n<p data-start=\"114\" data-end=\"819\">Il a \u00e9galement insist\u00e9 sur l\u2019urgence d\u2019une conf\u00e9rence pour la reconstruction apr\u00e8s les destructions massives au Liban-Sud, impossible, dit-il, tant que les bombardements isra\u00e9liens visent \u00ab civils et infrastructures \u00bb, comme r\u00e9cemment \u00e0 Blida.<\/p>\n<h2 data-start=\"114\" data-end=\"819\">Le Liban en qu\u00eate de soutien<\/h2>\n<p data-start=\"114\" data-end=\"819\">La visite d\u2019Anne-Claire Legendre intervient dans un contexte de forte pression diplomatique am\u00e9ricaine et d\u2019intenses n\u00e9gociations autour du cessez-le-feu. Apr\u00e8s Baabda, elle a rencontr\u00e9 Nabih Berry, Nawaf Salam puis le ministre des Affaires \u00e9trang\u00e8res Joe Raggi, tandis que Washington a r\u00e9cemment d\u00e9p\u00each\u00e9 une d\u00e9l\u00e9gation du Tr\u00e9sor.<\/p>\n<p data-start=\"821\" data-end=\"1658\">Joseph Aoun a accus\u00e9 Isra\u00ebl de saboter la capacit\u00e9 de l\u2019arm\u00e9e \u00e0 se d\u00e9ployer au Sud, rappelant que douze soldats ont \u00e9t\u00e9 tu\u00e9s depuis le d\u00e9but des op\u00e9rations et d\u00e9non\u00e7ant de \u00ab pures inventions \u00bb les accusations de n\u00e9gligence.<\/p>\n<p data-start=\"821\" data-end=\"1658\">Malgr\u00e9 le cessez-le-feu, Isra\u00ebl poursuit quasi-quotidiennement ses frappes et maintient l\u2019occupation de cinq sites strat\u00e9giques, justifi\u00e9es par sa volont\u00e9 d\u2019emp\u00eacher le Hezbollah de se r\u00e9armer, un d\u00e9sarmement que le mouvement chiite refuse tant que les violations isra\u00e9liennes persisteront.<\/p>\n<p data-start=\"1660\" data-end=\"2180\">Pour Joseph Aoun, la n\u00e9gociation reste la seule issue, alors que certains \u00c9tats \u00ab reprennent la rh\u00e9torique isra\u00e9lienne \u00bb accusant le Liban de violer l\u2019accord de 2024. Il rappelle que l\u2019arm\u00e9e devra, d\u00e8s 2026, assumer seule la s\u00e9curit\u00e9 au Sud apr\u00e8s le retrait progressif de la Finul. Avec 10 000 soldats annonc\u00e9s d\u2019ici fin d\u2019ann\u00e9e et un territoire \u00e0 s\u00e9curiser de la fronti\u00e8re syrienne \u00e0 la mer, le pr\u00e9sident libanais r\u00e9affirme que l\u2019arm\u00e9e doit \u00eatre renforc\u00e9e, soutenue, \u00e9quip\u00e9e, et qu\u2019elle b\u00e9n\u00e9ficie toujours d\u2019une large confiance populaire.<\/p>\n<p data-start=\"2182\" data-end=\"2910\">Les discussions ont \u00e9galement port\u00e9 sur les r\u00e9formes structurelles. Selon le tandem Aoun-Salam, elles constituent un \u00ab choix national \u00bb, pr\u00e9alable indispensable \u00e0 un accord avec le FMI, que Paris consid\u00e8re comme crucial pour stabiliser l\u2019\u00e9conomie. Anne-Claire Legendre a r\u00e9it\u00e9r\u00e9 l\u2019engagement fran\u00e7ais \u00e0 soutenir les r\u00e9formes, \u00e0 relancer l\u2019aide internationale et \u00e0 garantir la stabilit\u00e9 du Sud.<\/p>\n<p data-start=\"2182\" data-end=\"2910\">Avec Joe Raggi, elle a confirm\u00e9 que l\u2019organisation de la conf\u00e9rence de soutien \u00e0 l\u2019arm\u00e9e \u00e0 Riyad progressait, dans l\u2019objectif d\u2019asseoir l\u2019autorit\u00e9 exclusive de l\u2019\u00c9tat sur les armes. Elle a aussi soulign\u00e9 l\u2019importance d\u2019am\u00e9liorer les relations entre Beyrouth et Damas, Paris se disant pr\u00eat \u00e0 fournir l\u2019appui technique pour la d\u00e9limitation des fronti\u00e8res.<\/p>\n<\/div>\n<p><br \/>\n<br \/><a href=\"https:\/\/francais.rt.com\/international\/127370-liban-presse-paris-pour-eviter-escalade-sud-pays\" target=\"_blank\"\">Source link <\/a><\/p>\n","protected":false},"excerpt":{"rendered":"<p>Joseph Aoun presse la France d\u2019organiser rapidement une conf\u00e9rence de soutien militaire et de reconstruction, estimant que le soutien moral ne suffit plus. Face aux violations isra\u00e9liennes et \u00e0 l\u2019affaiblissement&hellip; <\/p>\n","protected":false},"author":1,"featured_media":19384,"comment_status":"open","ping_status":"open","sticky":false,"template":"","format":"standard","meta":{"footnotes":""},"categories":[1],"tags":[],"class_list":["post-19383","post","type-post","status-publish","format-standard","has-post-thumbnail","hentry","category-non-classe"],"_links":{"self":[{"href":"https:\/\/monde25.info\/index.php\/wp-json\/wp\/v2\/posts\/19383","targetHints":{"allow":["GET"]}}],"collection":[{"href":"https:\/\/monde25.info\/index.php\/wp-json\/wp\/v2\/posts"}],"about":[{"href":"https:\/\/monde25.info\/index.php\/wp-json\/wp\/v2\/types\/post"}],"author":[{"embeddable":true,"href":"https:\/\/monde25.info\/index.php\/wp-json\/wp\/v2\/users\/1"}],"replies":[{"embeddable":true,"href":"https:\/\/monde25.info\/index.php\/wp-json\/wp\/v2\/comments?post=19383"}],"version-history":[{"count":0,"href":"https:\/\/monde25.info\/index.php\/wp-json\/wp\/v2\/posts\/19383\/revisions"}],"wp:featuredmedia":[{"embeddable":true,"href":"https:\/\/monde25.info\/index.php\/wp-json\/wp\/v2\/media\/19384"}],"wp:attachment":[{"href":"https:\/\/monde25.info\/index.php\/wp-json\/wp\/v2\/media?parent=19383"}],"wp:term":[{"taxonomy":"category","embeddable":true,"href":"https:\/\/monde25.info\/index.php\/wp-json\/wp\/v2\/categories?post=19383"},{"taxonomy":"post_tag","embeddable":true,"href":"https:\/\/monde25.info\/index.php\/wp-json\/wp\/v2\/tags?post=19383"}],"curies":[{"name":"wp","href":"https:\/\/api.w.org\/{rel}","templated":true}]}}