{"id":19385,"date":"2025-11-14T13:11:53","date_gmt":"2025-11-14T12:11:53","guid":{"rendered":"https:\/\/monde25.info\/index.php\/2025\/11\/14\/colloque-censure-la-palestine-et-leurope-poids-du-passe-et-dynamiques-contemporaines-diffuse-sur-le-net\/"},"modified":"2025-11-14T13:11:53","modified_gmt":"2025-11-14T12:11:53","slug":"colloque-censure-la-palestine-et-leurope-poids-du-passe-et-dynamiques-contemporaines-diffuse-sur-le-net","status":"publish","type":"post","link":"https:\/\/monde25.info\/index.php\/2025\/11\/14\/colloque-censure-la-palestine-et-leurope-poids-du-passe-et-dynamiques-contemporaines-diffuse-sur-le-net\/","title":{"rendered":"Colloque censur\u00e9 : \u00ab\u00a0La Palestine et l\u2019Europe, poids du pass\u00e9 et dynamiques contemporaines\u00a0\u00bb diffus\u00e9 sur le Net"},"content":{"rendered":"<p> <br \/>\n<br \/><img loading=\"lazy\" decoding=\"async\" width=\"768\" height=\"383\" src=\"https:\/\/www.lelibrepenseur.org\/wp-content\/uploads\/2025\/11\/Capture-decran-2025-11-14-120950-768x383.jpg\" class=\"webfeedsFeaturedVisual wp-post-image\" alt=\"Colloque censur\u00e9 : &quot;La Palestine et l&#039;Europe, poids du pass\u00e9 et dynamiques contemporaines&quot; diffus\u00e9 sur le Net\" style=\"margin-bottom: 5px;clear:both;max-width: 100%\" \/><\/p>\n<div class=\"intro-text\">\n<p>A voir absolument et partager au plus grand nombre pour votre culture g\u00e9n\u00e9rale. C&rsquo;est d&rsquo;autant plus grave que la justice vient de valider l&rsquo;interdiction du colloque se basant sur des arguments plus que foireux.<\/p>\n<\/div>\n<p>L\u2019article <a target=\"_blank\" href=\"https:\/\/www.lelibrepenseur.org\/colloque-censure-la-palestine-et-leurope-poids-du-passe-et-dynamiques-contemporaines-diffuse-sur-le-net\/\">Colloque censur\u00e9 : \u00ab\u00a0La Palestine et l&rsquo;Europe, poids du pass\u00e9 et dynamiques contemporaines\u00a0\u00bb diffus\u00e9 sur le Net<\/a> est apparu en premier sur <a target=\"_blank\" href=\"https:\/\/www.lelibrepenseur.org\">Le Libre Penseur<\/a>.<\/p>\n<p><br \/>\n<br \/><a href=\"https:\/\/www.lelibrepenseur.org\/colloque-censure-la-palestine-et-leurope-poids-du-passe-et-dynamiques-contemporaines-diffuse-sur-le-net\/\" target=\"_blank\"\">Source link <\/a><\/p>\n","protected":false},"excerpt":{"rendered":"<p>A voir absolument et partager au plus grand nombre pour votre culture g\u00e9n\u00e9rale. C&rsquo;est d&rsquo;autant plus grave que la justice vient de valider l&rsquo;interdiction du colloque se basant sur des&hellip; <\/p>\n","protected":false},"author":1,"featured_media":19386,"comment_status":"open","ping_status":"open","sticky":false,"template":"","format":"standard","meta":{"footnotes":""},"categories":[1],"tags":[],"class_list":["post-19385","post","type-post","status-publish","format-standard","has-post-thumbnail","hentry","category-non-classe"],"_links":{"self":[{"href":"https:\/\/monde25.info\/index.php\/wp-json\/wp\/v2\/posts\/19385","targetHints":{"allow":["GET"]}}],"collection":[{"href":"https:\/\/monde25.info\/index.php\/wp-json\/wp\/v2\/posts"}],"about":[{"href":"https:\/\/monde25.info\/index.php\/wp-json\/wp\/v2\/types\/post"}],"author":[{"embeddable":true,"href":"https:\/\/monde25.info\/index.php\/wp-json\/wp\/v2\/users\/1"}],"replies":[{"embeddable":true,"href":"https:\/\/monde25.info\/index.php\/wp-json\/wp\/v2\/comments?post=19385"}],"version-history":[{"count":0,"href":"https:\/\/monde25.info\/index.php\/wp-json\/wp\/v2\/posts\/19385\/revisions"}],"wp:featuredmedia":[{"embeddable":true,"href":"https:\/\/monde25.info\/index.php\/wp-json\/wp\/v2\/media\/19386"}],"wp:attachment":[{"href":"https:\/\/monde25.info\/index.php\/wp-json\/wp\/v2\/media?parent=19385"}],"wp:term":[{"taxonomy":"category","embeddable":true,"href":"https:\/\/monde25.info\/index.php\/wp-json\/wp\/v2\/categories?post=19385"},{"taxonomy":"post_tag","embeddable":true,"href":"https:\/\/monde25.info\/index.php\/wp-json\/wp\/v2\/tags?post=19385"}],"curies":[{"name":"wp","href":"https:\/\/api.w.org\/{rel}","templated":true}]}}