{"id":19387,"date":"2025-11-14T15:24:15","date_gmt":"2025-11-14T14:24:15","guid":{"rendered":"https:\/\/monde25.info\/index.php\/2025\/11\/14\/le-frere-du-militant-ecologiste-amine-kessaci-a-ete-tue-par-balles-a-marseille\/"},"modified":"2025-11-14T15:24:15","modified_gmt":"2025-11-14T14:24:15","slug":"le-frere-du-militant-ecologiste-amine-kessaci-a-ete-tue-par-balles-a-marseille","status":"publish","type":"post","link":"https:\/\/monde25.info\/index.php\/2025\/11\/14\/le-frere-du-militant-ecologiste-amine-kessaci-a-ete-tue-par-balles-a-marseille\/","title":{"rendered":"Le fr\u00e8re du militant \u00e9cologiste Amine Kessaci a \u00e9t\u00e9 tu\u00e9 par balles \u00e0 Marseille"},"content":{"rendered":"<p> <br \/>\n<br \/><img loading=\"lazy\" decoding=\"async\" src=\"https:\/\/reporterre.net\/local\/cache-vignettes\/L700xH467\/hl_llumineau_aminekessaci001-81530.jpg?1763127007\" class=\"spip_logo\" width=\"700\" height=\"467\" alt=\"\" \/><\/p>\n<p>Le militant \u00e9cologiste Amine Kessaci et sa famille sont \u00e0 nouveau endeuill\u00e9s. Son petit fr\u00e8re, Mehdi Kessaci, un jeune homme de 20 ans, a \u00e9t\u00e9 tu\u00e9 par balles \u00e0 Marseille (Bouches-du-Rh\u00f4ne) le 13\u00a0novembre. Son fr\u00e8re a\u00een\u00e9, Brahim, avait \u00e9t\u00e9 assassin\u00e9 en 2020\u00a0: il avait \u00e9t\u00e9 retrouv\u00e9 calcin\u00e9 dans une voiture, victime d&rsquo;un \u00ab<small class=\"fine d-inline\">\u00a0<\/small>narcomicide<small class=\"fine d-inline\">\u00a0<\/small>\u00bb (un meurtre en lien avec le trafic de drogue). <br class=\"autobr\" \/><br \/>\nDepuis ce drame, Amine Kessaci, 22 ans seulement, s&rsquo;\u00e9tait engag\u00e9 dans la lutte contre le narcotrafic et la\u00a0(\u2026)<\/p>\n<p>                    <a target=\"_blank\" href=\"https:\/\/reporterre.net\/Le-frere-du-militant-ecologiste-Amine-Kessaci-a-ete-tue-par-balles-a-Marseille?utm_source=RSS&amp;utm_medium=RSS\">Lire la suite<\/a><\/p>\n<p>                    &#8211;<br \/>\n                        <a target=\"_blank\" href=\"https:\/\/reporterre.net\/Breves-20\" rel=\"directory\">En bref<\/a><\/p>\n<p>                    \/<br \/>\n                        <a target=\"_blank\" href=\"https:\/\/reporterre.net\/Ecologie-et-quartiers-populaires\" rel=\"tag\">\u00c9cologies populaires<\/a><br \/>\n                    ,<br \/>\n                        <a target=\"_blank\" href=\"https:\/\/reporterre.net\/Social\" rel=\"tag\">Social<\/a><br \/>\n<br \/><br \/>\n<br \/><a href=\"https:\/\/reporterre.net\/Le-frere-du-militant-ecologiste-Amine-Kessaci-a-ete-tue-par-balles-a-Marseille\" target=\"_blank\"\">Source link <\/a><\/p>\n","protected":false},"excerpt":{"rendered":"<p>Le militant \u00e9cologiste Amine Kessaci et sa famille sont \u00e0 nouveau endeuill\u00e9s. Son petit fr\u00e8re, Mehdi Kessaci, un jeune homme de 20 ans, a \u00e9t\u00e9 tu\u00e9 par balles \u00e0 Marseille&hellip; <\/p>\n","protected":false},"author":1,"featured_media":0,"comment_status":"open","ping_status":"open","sticky":false,"template":"","format":"standard","meta":{"footnotes":""},"categories":[1],"tags":[],"class_list":["post-19387","post","type-post","status-publish","format-standard","hentry","category-non-classe"],"_links":{"self":[{"href":"https:\/\/monde25.info\/index.php\/wp-json\/wp\/v2\/posts\/19387","targetHints":{"allow":["GET"]}}],"collection":[{"href":"https:\/\/monde25.info\/index.php\/wp-json\/wp\/v2\/posts"}],"about":[{"href":"https:\/\/monde25.info\/index.php\/wp-json\/wp\/v2\/types\/post"}],"author":[{"embeddable":true,"href":"https:\/\/monde25.info\/index.php\/wp-json\/wp\/v2\/users\/1"}],"replies":[{"embeddable":true,"href":"https:\/\/monde25.info\/index.php\/wp-json\/wp\/v2\/comments?post=19387"}],"version-history":[{"count":0,"href":"https:\/\/monde25.info\/index.php\/wp-json\/wp\/v2\/posts\/19387\/revisions"}],"wp:attachment":[{"href":"https:\/\/monde25.info\/index.php\/wp-json\/wp\/v2\/media?parent=19387"}],"wp:term":[{"taxonomy":"category","embeddable":true,"href":"https:\/\/monde25.info\/index.php\/wp-json\/wp\/v2\/categories?post=19387"},{"taxonomy":"post_tag","embeddable":true,"href":"https:\/\/monde25.info\/index.php\/wp-json\/wp\/v2\/tags?post=19387"}],"curies":[{"name":"wp","href":"https:\/\/api.w.org\/{rel}","templated":true}]}}