{"id":19395,"date":"2025-11-14T18:08:51","date_gmt":"2025-11-14T17:08:51","guid":{"rendered":"https:\/\/monde25.info\/index.php\/2025\/11\/14\/phare-du-creach-la-ministre-de-la-mer-suspend-la-modernisation-du-phare-emblematique-douessant\/"},"modified":"2025-11-14T18:08:51","modified_gmt":"2025-11-14T17:08:51","slug":"phare-du-creach-la-ministre-de-la-mer-suspend-la-modernisation-du-phare-emblematique-douessant","status":"publish","type":"post","link":"https:\/\/monde25.info\/index.php\/2025\/11\/14\/phare-du-creach-la-ministre-de-la-mer-suspend-la-modernisation-du-phare-emblematique-douessant\/","title":{"rendered":"Phare du Cr\u00e9ac&rsquo;h : la ministre de la Mer suspend la modernisation du phare embl\u00e9matique d&rsquo;Ouessant"},"content":{"rendered":"<p> <br \/>\n<\/p>\n<div>\n<p><span class=\"cf0\">La ministre d\u00e9l\u00e9gu\u00e9e charg\u00e9e de la Mer et de la P\u00eache, Catherine Chabaud, a annonc\u00e9 vendredi au quotidien Le T\u00e9l\u00e9gramme la suspension des travaux de modernisation du phare du Cr\u00e9ac&rsquo;h, qui avaient suscit\u00e9 une vive opposition sur la petite \u00eele d&rsquo;Ouessant, dans le Finist\u00e8re.<\/span><\/p>\n<p><span class=\"cf0\">\u00ab\u00a0On ne touche pas au phare du Cr\u00e9ac\u2019h sans avoir trouv\u00e9 une solution pour garder son optique historique\u00a0\u00bb, a d\u00e9clar\u00e9 la ministre dans un entretien au quotidien r\u00e9gional, publi\u00e9 vendredi.<\/span><\/p>\n<p><span class=\"cf0\">Mis en service en 1863, le phare du Cr\u00e9ac&rsquo;h, un des plus puissants d&rsquo;Europe, signale l&rsquo;entr\u00e9e de la Manche aux navires venant de l&rsquo;Atlantique, avec un feu portant \u00e0 30 milles nautiques (55,5 km).<\/span><\/p>\n<p><span class=\"cf0\">Sa \u00ab\u00a0modernisation\u00a0\u00bb avait \u00e9t\u00e9 confirm\u00e9e d\u00e9but janvier par la pr\u00e9fecture du Finist\u00e8re, afin de supprimer le bain de mercure, sur lequel tourne son optique. La pr\u00e9fecture avait \u00e9voqu\u00e9 un \u00ab\u00a0enjeu sanitaire et environnemental\u00a0\u00bb.<\/span><\/p>\n<p><span class=\"cf0\">Mais le remplacement de l&rsquo;ancienne optique par un feu \u00e0 LED devait r\u00e9duire la port\u00e9e du phare \u00e0 19 milles (35 km). Un choix vivement critiqu\u00e9 par les Ouessantins, qui ont lanc\u00e9 une p\u00e9tition \u00ab\u00a0Sauvons le phare du Cr\u00e9ac&rsquo;h\u00a0\u00bb, ayant recueilli plus de 27.000 signatures depuis janvier, alors que l&rsquo;\u00eele compte seulement 850 habitants.<\/span><\/p>\n<p><span class=\"cf0\">\u00ab\u00a0On ne change rien sur le fonctionnement actuel du phare, sauf incident qui nous conduirait \u00e0 mettre en place une solution provisoire\u00a0\u00bb, a pr\u00e9cis\u00e9 la ministre au T\u00e9l\u00e9gramme. Elle ajoute \u00ab\u00a0avoir d\u00e9cid\u00e9 d&rsquo;acc\u00e9l\u00e9rer l&rsquo;appel \u00e0 manifestation d&rsquo;int\u00e9r\u00eat pour d\u00e9velopper une solution alternative au bain de mercure, tout en maintenant le fonctionnement du phare jusqu\u2019\u00e0 l\u2019\u00e9mergence d\u2019une autre solution technique\u00a0\u00bb.<\/span><\/p>\n<p><span class=\"cf0\">Depuis pr\u00e8s d&rsquo;un an, les Ouessantins avaient multipli\u00e9 les r\u00e9unions publiques, manifestations et courriers aux \u00e9lus pour sauver la \u00ab\u00a0signature lumineuse unique au monde\u00a0\u00bb de ce phare, avec huit faisceaux visibles \u00e0 terre.<\/span><\/p>\n<p><span class=\"cf0\">\u00ab\u00a0C&rsquo;est g\u00e9nial! On est plus que soulag\u00e9\u00a0\u00bb, a r\u00e9agi vendredi aupr\u00e8s de l&rsquo;AFP Elisabeth Coutrot, pr\u00e9sidente de l&rsquo;association Ouessant Vent de Bout\u2019.<\/span><\/p>\n<p><span class=\"cf0\">\u00ab\u00a0Le Cr\u00e9ac&rsquo;h, c&rsquo;est vraiment une part de l&rsquo;identit\u00e9 de l&rsquo;\u00eele\u00a0\u00bb, a-t-elle soulign\u00e9, en rapprochant l&rsquo;annonce de la ministre \u00e0 son exp\u00e9rience d&rsquo;ancienne navigatrice et de premi\u00e8re femme \u00e0 avoir termin\u00e9 le Vend\u00e9e Globe en 1997.<\/span><\/p>\n<p><span class=\"cf0\">\u00ab\u00a0Pour l&rsquo;\u00eele d&rsquo;Ouessant, c&rsquo;est vraiment formidable. Je pense qu&rsquo;on va faire une grande f\u00eate\u00a0\u00bb, a ajout\u00e9 Mme Coutrot.<\/span><\/p>\n<\/div>\n<p><script>(function(d, s, id) {  var js, fjs = d.getElementsByTagName(s)[0];  if (d.getElementById(id)) return;  js = d.createElement(s); js.id = id;  js.src = \"\/\/connect.facebook.net\/fr_FR\/sdk.js#xfbml=1&version=v2.3\";  fjs.parentNode.insertBefore(js, fjs);}(document, \"script\", \"facebook-jssdk\"));<\/script><br \/>\n<br \/><br \/>\n<br \/><a href=\"https:\/\/www.francesoir.fr\/societe-faits-divers\/la-ministre-de-la-mer-suspend-la-modernisation-d-un-phare-emblematique-d\" target=\"_blank\"\">Source link <\/a><\/p>\n","protected":false},"excerpt":{"rendered":"<p>La ministre d\u00e9l\u00e9gu\u00e9e charg\u00e9e de la Mer et de la P\u00eache, Catherine Chabaud, a annonc\u00e9 vendredi au quotidien Le T\u00e9l\u00e9gramme la suspension des travaux de modernisation du phare du Cr\u00e9ac&rsquo;h,&hellip; <\/p>\n","protected":false},"author":1,"featured_media":19396,"comment_status":"open","ping_status":"open","sticky":false,"template":"","format":"standard","meta":{"footnotes":""},"categories":[1],"tags":[],"class_list":["post-19395","post","type-post","status-publish","format-standard","has-post-thumbnail","hentry","category-non-classe"],"_links":{"self":[{"href":"https:\/\/monde25.info\/index.php\/wp-json\/wp\/v2\/posts\/19395","targetHints":{"allow":["GET"]}}],"collection":[{"href":"https:\/\/monde25.info\/index.php\/wp-json\/wp\/v2\/posts"}],"about":[{"href":"https:\/\/monde25.info\/index.php\/wp-json\/wp\/v2\/types\/post"}],"author":[{"embeddable":true,"href":"https:\/\/monde25.info\/index.php\/wp-json\/wp\/v2\/users\/1"}],"replies":[{"embeddable":true,"href":"https:\/\/monde25.info\/index.php\/wp-json\/wp\/v2\/comments?post=19395"}],"version-history":[{"count":0,"href":"https:\/\/monde25.info\/index.php\/wp-json\/wp\/v2\/posts\/19395\/revisions"}],"wp:featuredmedia":[{"embeddable":true,"href":"https:\/\/monde25.info\/index.php\/wp-json\/wp\/v2\/media\/19396"}],"wp:attachment":[{"href":"https:\/\/monde25.info\/index.php\/wp-json\/wp\/v2\/media?parent=19395"}],"wp:term":[{"taxonomy":"category","embeddable":true,"href":"https:\/\/monde25.info\/index.php\/wp-json\/wp\/v2\/categories?post=19395"},{"taxonomy":"post_tag","embeddable":true,"href":"https:\/\/monde25.info\/index.php\/wp-json\/wp\/v2\/tags?post=19395"}],"curies":[{"name":"wp","href":"https:\/\/api.w.org\/{rel}","templated":true}]}}