{"id":19403,"date":"2025-11-14T22:00:11","date_gmt":"2025-11-14T21:00:11","guid":{"rendered":"https:\/\/monde25.info\/index.php\/2025\/11\/14\/le-nombre-de-passoires-energetiques-en-baisse-a-cause-de-la-reforme-du-dpe\/"},"modified":"2025-11-14T22:00:11","modified_gmt":"2025-11-14T21:00:11","slug":"le-nombre-de-passoires-energetiques-en-baisse-a-cause-de-la-reforme-du-dpe","status":"publish","type":"post","link":"https:\/\/monde25.info\/index.php\/2025\/11\/14\/le-nombre-de-passoires-energetiques-en-baisse-a-cause-de-la-reforme-du-dpe\/","title":{"rendered":"Le nombre de passoires \u00e9nerg\u00e9tiques en baisse\u2026 \u00e0 cause de la r\u00e9forme du DPE"},"content":{"rendered":"<p> <br \/>\n<br \/><img loading=\"lazy\" decoding=\"async\" src=\"https:\/\/reporterre.net\/local\/cache-vignettes\/L700xH467\/24112022-nmn_6006_actionlogementfacturebercy_nnoman-bcf0f.jpg?1763135425\" class=\"spip_logo\" width=\"700\" height=\"467\" alt=\"\" \/><\/p>\n<p>Il y a moins de logements \u00ab<small class=\"fine d-inline\">\u00a0<\/small>passoires \u00e9nerg\u00e9tiques<small class=\"fine d-inline\">\u00a0<\/small>\u00bb en France en 2025 qu&rsquo;en 2024. Voil\u00e0 la conclusion des statistiques du gouvernement, publi\u00e9es le 12\u00a0novembre. Sauf que cette bonne nouvelle est surtout due \u00e0 une r\u00e9forme du calcul du diagnostic de performance \u00e9nerg\u00e9tique (<span class=\"caps\">DPE<\/span>). <br class=\"autobr\" \/><br \/>\nEn comptant les r\u00e9sidences principales, mais aussi les r\u00e9sidences secondaires et les logements vacants (soit 37,4 millions de logements en tout), le nombre de passoires \u00e9nerg\u00e9tiques au 1<sup class=\"typo_exposants\">er<\/sup>\u00a0janvier 2025 \u00e9tait estim\u00e9\u00a0(\u2026)<\/p>\n<p>                    <a target=\"_blank\" href=\"https:\/\/reporterre.net\/Le-nombre-de-passoires-energetiques-en-baisse-a-cause-de-la-reforme-du-DPE?utm_source=RSS&amp;utm_medium=RSS\">Lire la suite<\/a><\/p>\n<p>                    &#8211;<br \/>\n                        <a target=\"_blank\" href=\"https:\/\/reporterre.net\/Breves-20\" rel=\"directory\">En bref<\/a><\/p>\n<p>                    \/<br \/>\n                        <a target=\"_blank\" href=\"https:\/\/reporterre.net\/Energie\" rel=\"tag\">\u00c9nergie<\/a><br \/>\n                    ,<br \/>\n                        <a target=\"_blank\" href=\"https:\/\/reporterre.net\/Habitat\" rel=\"tag\">Habitat et urbanisme<\/a><br \/>\n<br \/><br \/>\n<br \/><a href=\"https:\/\/reporterre.net\/Le-nombre-de-passoires-energetiques-en-baisse-a-cause-de-la-reforme-du-DPE\" target=\"_blank\"\">Source link <\/a><\/p>\n","protected":false},"excerpt":{"rendered":"<p>Il y a moins de logements \u00ab\u00a0passoires \u00e9nerg\u00e9tiques\u00a0\u00bb en France en 2025 qu&rsquo;en 2024. Voil\u00e0 la conclusion des statistiques du gouvernement, publi\u00e9es le 12\u00a0novembre. Sauf que cette bonne nouvelle est&hellip; <\/p>\n","protected":false},"author":1,"featured_media":0,"comment_status":"open","ping_status":"open","sticky":false,"template":"","format":"standard","meta":{"footnotes":""},"categories":[1],"tags":[],"class_list":["post-19403","post","type-post","status-publish","format-standard","hentry","category-non-classe"],"_links":{"self":[{"href":"https:\/\/monde25.info\/index.php\/wp-json\/wp\/v2\/posts\/19403","targetHints":{"allow":["GET"]}}],"collection":[{"href":"https:\/\/monde25.info\/index.php\/wp-json\/wp\/v2\/posts"}],"about":[{"href":"https:\/\/monde25.info\/index.php\/wp-json\/wp\/v2\/types\/post"}],"author":[{"embeddable":true,"href":"https:\/\/monde25.info\/index.php\/wp-json\/wp\/v2\/users\/1"}],"replies":[{"embeddable":true,"href":"https:\/\/monde25.info\/index.php\/wp-json\/wp\/v2\/comments?post=19403"}],"version-history":[{"count":0,"href":"https:\/\/monde25.info\/index.php\/wp-json\/wp\/v2\/posts\/19403\/revisions"}],"wp:attachment":[{"href":"https:\/\/monde25.info\/index.php\/wp-json\/wp\/v2\/media?parent=19403"}],"wp:term":[{"taxonomy":"category","embeddable":true,"href":"https:\/\/monde25.info\/index.php\/wp-json\/wp\/v2\/categories?post=19403"},{"taxonomy":"post_tag","embeddable":true,"href":"https:\/\/monde25.info\/index.php\/wp-json\/wp\/v2\/tags?post=19403"}],"curies":[{"name":"wp","href":"https:\/\/api.w.org\/{rel}","templated":true}]}}