{"id":19404,"date":"2025-11-14T22:33:39","date_gmt":"2025-11-14T21:33:39","guid":{"rendered":"https:\/\/monde25.info\/index.php\/2025\/11\/14\/les-10-actualites-de-la-semaine-3\/"},"modified":"2025-11-14T22:33:39","modified_gmt":"2025-11-14T21:33:39","slug":"les-10-actualites-de-la-semaine-3","status":"publish","type":"post","link":"https:\/\/monde25.info\/index.php\/2025\/11\/14\/les-10-actualites-de-la-semaine-3\/","title":{"rendered":"les 10 actualit\u00e9s de la semaine"},"content":{"rendered":"<p> <br \/>\n<\/p>\n<div>\n<h4><strong>Vous n\u2019avez pas eu le temps de lire l\u2019actu ? Voici les 10 infos \u00e0 ne pas manquer cette semaine.\u00a0<\/strong><\/h4>\n<h2><strong>1. Des militants en d\u00e9sharmonie<\/strong><\/h2>\n<p><span style=\"font-weight: 400;\">Le Collectif <a target=\"_blank\" href=\"https:\/\/www.instagram.com\/palestineactionfrance\/?hl=en\">P<\/a><\/span><span style=\"font-weight: 400;\"><a target=\"_blank\" href=\"https:\/\/www.instagram.com\/palestineactionfrance\/?hl=en\">alestine Action France<\/a> a perturb\u00e9 <strong>un concert de l\u2019Orchestre philharmonique d\u2019Isra\u00ebl \u00e0 la Philharmonie de Paris.<\/strong> Des militants ont affirm\u00e9 avoir \u00e9t\u00e9 violemment pris \u00e0 partie par des spectateurs. (<a target=\"_blank\" href=\"https:\/\/www.politis.fr\/articles\/2025\/11\/a-la-philharmonie-de-paris-le-public-nous-a-litteralement-lynches\/\">Politis<\/a>)<\/span><\/p>\n<p><iframe loading=\"lazy\" title=\"Action de Palestine Action France a la philharmonie de Paris contre un concert isra\u00e9lien\" width=\"1110\" height=\"624\" src=\"https:\/\/www.youtube.com\/embed\/fDrd3xQjfmU?feature=oembed\" frameborder=\"0\" allow=\"accelerometer; autoplay; clipboard-write; encrypted-media; gyroscope; picture-in-picture; web-share\" referrerpolicy=\"strict-origin-when-cross-origin\" allowfullscreen><\/iframe><\/p>\n<h2><strong>2. PLFSS 2026 : un milliard offert au patronat, la S\u00e9cu trinque\u00a0<\/strong><\/h2>\n<p><span style=\"font-weight: 400;\">Dans le projet de loi de la S\u00e9curit\u00e9 sociale pour 2026, le gouvernement pr\u00e9voit <strong>un transfert de 1,6 milliard d\u2019euros de la branche \u00a0\u00bb accidents du travail\/maladies professionnelles \u00a0\u00bb vers la branche g\u00e9n\u00e9rale de la S\u00e9cu,<\/strong> un discret mais co\u00fbteux cadeau au patronat\u2026 au d\u00e9triment de la population. (<a target=\"_blank\" href=\"https:\/\/www.politis.fr\/articles\/2025\/11\/budget-le-cadeau-dun-milliard-deuros-du-gouvernement-au-patronat\/\">Politis<\/a>)<\/span><\/p>\n<h2><strong>3. Pr\u00e9judice \u00e9cologique pour le groupe p\u00e9trolier Perenco<\/strong><\/h2>\n<p><span style=\"font-weight: 400;\">Les <a target=\"_blank\" href=\"https:\/\/www.asso-sherpa.org\/home\">ONG<\/a> Sherpa et <a target=\"_blank\" href=\"https:\/\/www.amisdelaterre.org\/\">Les Amis de la Terre<\/a> ont assign\u00e9 <strong>le groupe p\u00e9trolier Perenco en justice en France pour des \u00a0\u00bb pr\u00e9judices \u00e9cologiques \u00a0\u00bb commis en R\u00e9publique d\u00e9mocratique du Congo. Le proc\u00e8s pourrait avoir lieu d\u2019ici 2026-2027.<\/strong> Merci la presse ind\u00e9pendante !<\/span> (<a target=\"_blank\" href=\"https:\/\/disclose.ngo\/fr\/article\/perenco-le-groupe-petrolier-bientot-juge-en-france-pour-prejudice-ecologique-en-rdc\">Disclose<\/a>)<a target=\"_blank\" href=\"https:\/\/disclose.ngo\/fr\/article\/perenco-le-groupe-petrolier-bientot-juge-en-france-pour-prejudice-ecologique-en-rdc?utm_source=chatgpt.com\">\u00a0<\/a><\/p>\n<h2><strong>4. Galeries Lafayette ne s\u2019associera pas \u00e0 Shein<\/strong><\/h2>\n<p><span style=\"font-weight: 400;\">Le groupe Galeries Lafayette a mis fin \u00e0 son contrat d\u2019affiliation avec Soci\u00e9t\u00e9 des Grands Magasins (SGM) concernant sept magasins provinciaux,<strong> apr\u00e8s que SGM ait annonc\u00e9 l\u2019accueil de la marque Shein, un choix jug\u00e9 incompatible avec l\u2019image de la marque par Galeries Lafayette.<\/strong> (<a target=\"_blank\" href=\"https:\/\/www.lsa-conso.fr\/alliance-avec-shein-les-galeries-lafayette-rompent-leur-contrat-d-affiliation-avec-leur-franchise-la-sgm-egalement-proprietaire-du-bhv,463096\">LSA-conso<\/a>)<\/span><\/p>\n<h2><strong>5. Cop30 avec les peuples autochtones ?<\/strong><\/h2>\n<p><span style=\"font-weight: 400;\">\u00c0 la COP30 \u00e0 Bel\u00e9m, <strong>les <a target=\"_blank\" href=\"https:\/\/mrmondialisation.org\/vies-autochtones-equateur-menace\/\">peuples autochtones revendiquent une place<\/a> centrale dans les n\u00e9gociations climatiques :<\/strong> leur savoir ancestral et leur lien profond avec les \u00e9cosyst\u00e8mes sont pr\u00e9sent\u00e9s comme essentiels pour la lutte contre le d\u00e9r\u00e8glement climatique.<\/span> (<a target=\"_blank\" href=\"https:\/\/www.futura-sciences.com\/planete\/actualites\/cop30-cop30-peuples-autochtones-ramenent-souffle-vivant-coeur-sommet-photos-127402\/\">Futura-sciences<\/a>)<a target=\"_blank\" href=\"https:\/\/www.futura-sciences.com\/planete\/actualites\/cop30-cop30-peuples-autochtones-ramenent-souffle-vivant-coeur-sommet-photos-127402\/?utm_source=chatgpt.com\">\u00a0<\/a><\/p>\n<p><iframe loading=\"lazy\" title=\"COP30 : Des autochtones tentent de forcer l&#039;entre\u0301e pour faire entendre leurs revendications\" width=\"1110\" height=\"624\" src=\"https:\/\/www.youtube.com\/embed\/gVb8Svn-gNk?feature=oembed\" frameborder=\"0\" allow=\"accelerometer; autoplay; clipboard-write; encrypted-media; gyroscope; picture-in-picture; web-share\" referrerpolicy=\"strict-origin-when-cross-origin\" allowfullscreen><\/iframe><\/p>\n<h2><strong>6. Des logements ? Non, des bureaux !\u00a0<\/strong><\/h2>\n<p><span style=\"font-weight: 400;\">En France, <strong>plus de 9 millions de m\u00b2 de bureaux sont vacants, dont plus de la moiti\u00e9 en \u00cele-de-France<\/strong> : cette vacance immobili\u00e8re symbolise <a target=\"_blank\" href=\"https:\/\/mrmondialisation.org\/crise-du-logement-5-menaces-qui-pesent-sur-la-france\/\">la crise de l\u2019espace urbain<\/a> li\u00e9e au t\u00e9l\u00e9travail, \u00e0 la sur-offre de tertiaire et \u00e0 la transformation des usages. Rendez les logements !<\/span><a target=\"_blank\" href=\"https:\/\/lvsl.fr\/les-bureaux-vacants-symbole-de-la-crise-de-lespace-urbain\/?utm_source=chatgpt.com\"> (LVSL)<span style=\"font-weight: 400;\"><br \/><\/span><span style=\"font-weight: 400;\"><br \/><\/span><\/a><\/p>\n<h2><strong>7. Petits a\u00e9roports : les aides publiques profitent surtout aux low-cost et aux jets priv\u00e9s<\/strong><\/h2>\n<p><span style=\"font-weight: 400;\">Les aides publiques aux petits a\u00e9roports fran\u00e7ais <strong>profitent surtout aux compagnies low-cost, aux jets priv\u00e9s et aux grands patrons sur des lignes d\u00e9sert\u00e9es,<\/strong> alors m\u00eame que l\u2019aviation int\u00e9rieure r\u00e9gresse. (<a target=\"_blank\" href=\"https:\/\/vert.eco\/articles\/compagnies-low-cost-jets-prives-et-grands-patrons-a-qui-profitent-les-aides-publiques-aux-petits-aeroports-francais\">Vert<\/a>)<\/span><\/p>\n<h2><strong>8. Des raids racistes men\u00e9s par l\u2019extr\u00eame droite britannique (on en a d\u00e9j\u00e0 assez !)<\/strong><\/h2>\n<p><span style=\"font-weight: 400;\">L\u2019UKIP (parti britannique d\u2019extr\u00eame droite) organise des <a target=\"_blank\" href=\"https:\/\/x.com\/UKIP\/status\/1972983214676541556\">raids racistes<\/a> contre des exil\u00e9s sur le littoral fran\u00e7ais, notamment autour de Dunkerque. Des associations d\u00e9noncent un laisser-faire des autorit\u00e9s. \u00a0(<a target=\"_blank\" href=\"https:\/\/basta.media\/extreme-droite-britannique-multiplie-les-raids-racistes-sur-littoral-francais\">Basta!<\/a>)<\/span><\/p>\n<h2><strong>9. Toujours taxer les pauvres !\u00a0<\/strong><\/h2>\n<p><span style=\"font-weight: 400;\">Le gouvernement envisage de <strong>supprimer partiellement la prime de No\u00ebl pour les foyers sans enfants tout en durcissant l\u2019acc\u00e8s aux d\u00e9couverts bancaires.<\/strong> Des mesures qualifi\u00e9es d\u2019attaques contre les plus pauvres.<\/span> Seules les personnes b\u00e9n\u00e9ficiaires de certains minima sociaux peuvent obtenir cette prime. (<a target=\"_blank\" href=\"https:\/\/frustrationmagazine.fr\/decouverts-bancaires-prime-de-noel-la-haine-des-pauvres-au-pouvoir\">Frustration<\/a>)<a target=\"_blank\" href=\"https:\/\/frustrationmagazine.fr\/decouverts-bancaires-prime-de-noel-la-haine-des-pauvres-au-pouvoir?utm_source=chatgpt.com\">\u00a0<\/a><\/p>\n<h2><strong>10. Non, ce n\u2019est pas une blague !\u00a0<\/strong><a target=\"_blank\" href=\"https:\/\/basta.media\/extreme-droite-britannique-multiplie-les-raids-racistes-sur-littoral-francais?utm_source=chatgpt.com\"><span style=\"font-weight: 400;\"><br \/><\/span><\/a><\/h2>\n<p><strong>TotalEnergies figure officiellement dans la d\u00e9l\u00e9gation fran\u00e7aise \u00e0 la COP30<\/strong>, avec cinq \u00e9missaires accr\u00e9dit\u00e9s et des badges d\u2019acc\u00e8s aux zones r\u00e9serv\u00e9es aux n\u00e9gociateurs. (<a target=\"_blank\" href=\"https:\/\/www.mediapart.fr\/journal\/ecologie\/121125\/la-cop30-totalenergies-est-l-invitee-de-la-delegation-francaise\">Mediapart<\/a>)<\/p>\n<p style=\"text-align: right;\"><em>\u2013\u00a0 Mauricette Baelen\u00a0<\/em><\/p>\n<div class=\"td-a-rec td-a-rec-id-content_inline  tdi_1 td_block_template_1\">\n<center><a target=\"_blank\" href=\"https:\/\/fr.tipeee.com\/mr-mondialisation\" class=\"tipeee-project-small\">Je m&rsquo;abonne \u00e0 Mr Mondialisation<\/a>&#13;<br \/>\n<\/center>&amp;nbsp<\/div>\n<div class=\"td-a-rec td-a-rec-id-content_bottom  tdi_2 td_block_template_1\">\n<span class=\"td-adspot-title\">&#8211; Cet article gratuit, ind\u00e9pendant et sans IA existe gr\u00e2ce aux abonn\u00e9s &#8211;<\/span><\/p>\n<div class=\"td-all-devices\">\n    <a target=\"_blank\" href=\"https:\/\/mrmondialisation.org\/donation\/\" title=\"Faire_un_don\"><img decoding=\"async\" class=\"donationArticle\" src=\"https:\/\/mrmondialisation.org\/wp-content\/uploads\/2022\/12\/220405-flikalicious-final.jpg\" alt=\"Donation\"\/><\/a>\n<\/div>\n<\/div><\/div>\n<p><script async defer src=\"https:\/\/platform.instagram.com\/en_US\/embeds.js\"><\/script><br \/>\n<br \/><br \/>\n<br \/><a href=\"https:\/\/mrmondialisation.org\/philharmonie-patronat-et-perenco-les-10-actualites-de-la-semaine\/\" target=\"_blank\"\">Source link <\/a><\/p>\n","protected":false},"excerpt":{"rendered":"<p>Vous n\u2019avez pas eu le temps de lire l\u2019actu ? Voici les 10 infos \u00e0 ne pas manquer cette semaine.\u00a0 1. Des militants en d\u00e9sharmonie Le Collectif Palestine Action France&hellip; <\/p>\n","protected":false},"author":1,"featured_media":19405,"comment_status":"open","ping_status":"open","sticky":false,"template":"","format":"standard","meta":{"footnotes":""},"categories":[1],"tags":[],"class_list":["post-19404","post","type-post","status-publish","format-standard","has-post-thumbnail","hentry","category-non-classe"],"_links":{"self":[{"href":"https:\/\/monde25.info\/index.php\/wp-json\/wp\/v2\/posts\/19404","targetHints":{"allow":["GET"]}}],"collection":[{"href":"https:\/\/monde25.info\/index.php\/wp-json\/wp\/v2\/posts"}],"about":[{"href":"https:\/\/monde25.info\/index.php\/wp-json\/wp\/v2\/types\/post"}],"author":[{"embeddable":true,"href":"https:\/\/monde25.info\/index.php\/wp-json\/wp\/v2\/users\/1"}],"replies":[{"embeddable":true,"href":"https:\/\/monde25.info\/index.php\/wp-json\/wp\/v2\/comments?post=19404"}],"version-history":[{"count":0,"href":"https:\/\/monde25.info\/index.php\/wp-json\/wp\/v2\/posts\/19404\/revisions"}],"wp:featuredmedia":[{"embeddable":true,"href":"https:\/\/monde25.info\/index.php\/wp-json\/wp\/v2\/media\/19405"}],"wp:attachment":[{"href":"https:\/\/monde25.info\/index.php\/wp-json\/wp\/v2\/media?parent=19404"}],"wp:term":[{"taxonomy":"category","embeddable":true,"href":"https:\/\/monde25.info\/index.php\/wp-json\/wp\/v2\/categories?post=19404"},{"taxonomy":"post_tag","embeddable":true,"href":"https:\/\/monde25.info\/index.php\/wp-json\/wp\/v2\/tags?post=19404"}],"curies":[{"name":"wp","href":"https:\/\/api.w.org\/{rel}","templated":true}]}}