{"id":19421,"date":"2025-11-15T06:16:12","date_gmt":"2025-11-15T05:16:12","guid":{"rendered":"https:\/\/monde25.info\/index.php\/2025\/11\/15\/en-afrique-equatoriale-francaise-par-ali-chibani-le-monde-diplomatique-novembre-2025\/"},"modified":"2025-11-15T06:16:12","modified_gmt":"2025-11-15T05:16:12","slug":"en-afrique-equatoriale-francaise-par-ali-chibani-le-monde-diplomatique-novembre-2025","status":"publish","type":"post","link":"https:\/\/monde25.info\/index.php\/2025\/11\/15\/en-afrique-equatoriale-francaise-par-ali-chibani-le-monde-diplomatique-novembre-2025\/","title":{"rendered":"En Afrique-\u00c9quatoriale fran\u00e7aise\u2026, par Ali Chibani (Le Monde diplomatique, novembre 2025)"},"content":{"rendered":"<p> <br \/>\n<\/p>\n<div couleurfade=\"e6e6e6\" couleurclaire=\"e6e6e6\" couleurpale=\"cccccc\" couleurmi=\"666666\" couleurfoncee=\"4d4d4d\" couleursombre=\"1a1a1a\" couleurfond=\"4c4c4c\" couleurtexte=\"ffffff\">\n<figure class=\"spip_document_35059 spip_documents spip_documents_right\" style=\"float:right; width:200px;\">\n<div class=\"limage\">\n<p>\t\t\t<img loading=\"lazy\" decoding=\"async\" src=\"https:\/\/www.monde-diplomatique.fr\/\/local\/cache-vignettes\/L200xH293\/lecycleafricain-af1a9.jpg?1761842042\" width=\"200\" height=\"293\" class=\"spip_logos\" alt=\"JPEG - 20\u00a0kio\"\/><\/p><\/div><figcaption>\n<\/figcaption><\/figure>\n<p><span class=\"mot-lettrine\"><span class=\"lettrine\">R<\/span>en\u00e9<\/span> Maran (1887-1960) n\u2019est plus gu\u00e8re connu. Jadis, en 1921, cet \u00e9crivain guyanais avait fait sensation, en remportant le prix Goncourt pour <i>Batouala,<\/i> dont la pr\u00e9face fut \u00e9galement retentissante. Depuis, des dix ouvrages de fiction qu\u2019il fit para\u00eetre de son vivant, aucun n\u2019a \u00e9t\u00e9 r\u00e9\u00e9dit\u00e9, \u00e0 l\u2019exception de son \u00ab<small class=\"fine\">\u00a0<\/small>Goncourt<small class=\"fine\">\u00a0<\/small>\u00bb. Ren\u00e9 Maran peut \u00e0 nouveau trouver des lecteurs, gr\u00e2ce notamment au r\u00e9cent Groupe Ren\u00e9 Maran\u00a0: le Centre national de la recherche scientifique (CNRS) et l\u2019Institut des textes et manuscrits modernes (ITEM) publient un recueil qui rassemble six ouvrages publi\u00e9s entre 1921 et 1953, ainsi que des in\u00e9dits ou des textes parus seulement en revue, formant ce qui est ici appel\u00e9 le <i>\u00ab<small class=\"fine\">\u00a0<\/small>cycle africain<\/i><span class=\"spip_note_ref\">\u00a0(<a target=\"_blank\" href=\"http:\/\/www.monde-diplomatique.fr\/2025\/11\/CHIBANI\/68897#nb1\" class=\"spip_note\" rel=\"appendix\" title=\"Ren\u00e9 Maran, Le Cycle africain, coordonn\u00e9 par Charles W. Scheel, CNRS\u00a0(\u2026)\" id=\"nh1\">1<\/a>)<\/span><i><small class=\"fine\">\u00a0<\/small>\u00bb<\/i>\u00a0: cette imposante <i>\u00ab<small class=\"fine\">\u00a0<\/small>\u00e9dition critique \u00e0 orientation g\u00e9n\u00e9tique<small class=\"fine\">\u00a0<\/small>\u00bb<\/i> participe \u00e0 l\u2019\u00e9tablissement d\u2019une histoire de ses \u0153uvres, et \u00e9lucide bien souvent la <i>\u00ab<small class=\"fine\">\u00a0<\/small>chronologie de composition<small class=\"fine\">\u00a0<\/small>\u00bb<\/i> des romans, contes et nouvelles r\u00e9unis, dont l\u2019intrigue se situe en Afrique-\u00c9quatoriale fran\u00e7aise o\u00f9 il travailla plusieurs ann\u00e9es comme administrateur colonial.<\/p>\n<p>Il ne s\u2019agit pas l\u00e0 seulement de faire revivre des titres \u00e9clips\u00e9s par le succ\u00e8s de <i>Batouala,<\/i> mais aussi de permettre pleinement l\u2019appr\u00e9ciation de l\u2019\u0153uvre. On peut ainsi d\u00e9couvrir l\u2019obsession quasi balzacienne qu\u2019a Maran pour la justesse de sa langue. Textes et avant-textes r\u00e9v\u00e8lent son souci d\u2019<i>\u00ab<small class=\"fine\">\u00a0<\/small>am\u00e9liorer, toujours am\u00e9liorer, son enveloppe stylistique<small class=\"fine\">\u00a0<\/small>\u00bb,<\/i> notamment en renon\u00e7ant aux constructions hach\u00e9es, saccad\u00e9es, en faveur d\u2019une phrase l\u00e9g\u00e8re, teint\u00e9e d\u2019ironie. Ainsi de ce passage de l\u2019avant-texte de <i>Batouala<\/i>\u00a0: <i>\u00ab<small class=\"fine\">\u00a0<\/small>Voil\u00e0 qui d\u00e9passe tout ce qu\u2019on peut imaginer<small class=\"fine\">\u00a0<\/small>\u00bb,<\/i> r\u00e9\u00e9crit en <i>\u00ab<small class=\"fine\">\u00a0<\/small>Voil\u00e0 qui d\u00e9passe l\u2019entendement<small class=\"fine\">\u00a0<\/small>\u00bb,<\/i> et qui devient dans la version publi\u00e9e\u00a0: <i>\u00ab<small class=\"fine\">\u00a0<\/small>Voil\u00e0, N\u2019Gakoura, qui tourneboulait l\u2019entendement.<small class=\"fine\">\u00a0<\/small>\u00bb Le Cycle africain<\/i> a pour particularit\u00e9 de rendre sensibles les violences r\u00e9elles et symboliques de la colonisation fran\u00e7aise en Afrique. Les anc\u00eatres perdent leur prestige, la descendance exploit\u00e9e s\u2019ab\u00eeme corps et \u00e2me, quand l\u2019\u00e9branlement culturel est \u00e0 son paroxysme, tant l\u2019appauvrissement mat\u00e9riel des colonis\u00e9s s\u2019accompagne de leur appauvrissement culturel. <i>\u00ab<small class=\"fine\">\u00a0<\/small>Nos danses et nos chants troublent leur sommeil,<\/i> d\u00e9clare Batouala, dont le p\u00e8re meurt d\u2019une surconsommation de Pernod. <i>Et nos danses sont innombrables. (\u2026) Mieux est de dire que nous les dansions toutes. Car, pour ce qui est des jours que nous vivons, on ne les tol\u00e8re plus que rarement.<small class=\"fine\">\u00a0<\/small>\u00bb<\/i> Maran entreprend, comme d\u2019autres pr\u00e9curseurs francophones (Jean Amrouche, Stefano Kaoze, Jean-Joseph Rabearivelo\u2026), de r\u00e9pondre \u00e0 la litt\u00e9rature coloniale, particuli\u00e8rement ethnologique, en valorisant ce qui, des cultures colonis\u00e9es, a \u00e9t\u00e9 l\u2019objet d\u2019une d\u00e9valorisation pseudo-scientifique et litt\u00e9raire.<\/p>\n<figure class=\"spip_document_35060 spip_documents spip_documents_right\" style=\"float:right; width:200px;\">\n<div class=\"limage\">\n<p>\t\t\t<img loading=\"lazy\" decoding=\"async\" src=\"https:\/\/www.monde-diplomatique.fr\/\/local\/cache-vignettes\/L200xH297\/correspondancesmaran-gahisto-a23b8.jpg?1761919817\" width=\"200\" height=\"297\" class=\"spip_logos\" alt=\"JPEG - 16.8\u00a0kio\"\/><\/p><\/div><figcaption>\n<\/figcaption><\/figure>\n<p>Les contes et nouvelles s\u2019inscrivent dans cette dynamique. Ils mettent en sc\u00e8ne des animaux de la brousse africaine qui rejouent les rapports de domination coloniale. Ainsi, Youmba la mangouste m\u00e9prise les crapauds, qui sont, \u00e0 ses yeux, d\u2019une esp\u00e8ce inf\u00e9rieure, car d\u00e9pourvus d\u2019esprit de conqu\u00eate. Elle d\u00e9nonce leur rapport au travail en r\u00e9employant les arguments racistes du capitalisme imp\u00e9rial\u00a0: <i>\u00ab<small class=\"fine\">\u00a0<\/small>Les sales b\u00eates, que ces crapauds<small class=\"fine\">\u00a0<\/small>! (\u2026) Faire leur repas des mouches, des fourmis et des bestioles qui passent \u00e0 port\u00e9e de leur langue bifide ou dormir, pendant des lunes, sous la m\u00eame pierre \u2014 je crois qu\u2019il n\u2019y a que \u00e7a qui les int\u00e9resse. \u00c7a, leurs chants et la pluie.<small class=\"fine\">\u00a0<\/small>\u00bb<\/i> Youmba, qui a <i>\u00ab<small class=\"fine\">\u00a0<\/small>failli renoncer \u00e0 la brousse et ses dures lois, \u00e0 force de vivre \u00e0 l\u2019ombre de l\u2019homme<small class=\"fine\">\u00a0<\/small>\u00bb,<\/i> va s\u2019\u00e9tonner qu\u2019on n\u2019aboutisse <i>\u00ab<small class=\"fine\">\u00a0<\/small>\u00e0 l\u2019assimilation totale que dans la mesure o\u00f9 elle sacrifie aux s\u00e9v\u00e8res beaut\u00e9s de l\u2019extermination<small class=\"fine\">\u00a0<\/small>\u00bb.<\/i><\/p>\n<p>Publi\u00e9 apr\u00e8s la correspondance<span class=\"spip_note_ref\">\u00a0(<a target=\"_blank\" href=\"http:\/\/www.monde-diplomatique.fr\/2025\/11\/CHIBANI\/68897#nb2\" class=\"spip_note\" rel=\"appendix\" title=\"Correspondance Maran-Gahisto, introduction de Romuald Fonkoua, Pr\u00e9sence\u00a0(\u2026)\" id=\"nh2\">2<\/a>)<\/span> de Ren\u00e9 Maran, <i>Le Cycle africain<\/i> devrait \u00eatre compl\u00e9t\u00e9 par un second volet intitul\u00e9 <i>Mati\u00e8re de France.<\/i><\/p>\n<\/p><\/div>\n<p><br \/>\n<br \/><a href=\"https:\/\/www.monde-diplomatique.fr\/2025\/11\/CHIBANI\/68897\" target=\"_blank\"\">Source link <\/a><\/p>\n","protected":false},"excerpt":{"rendered":"<p>Ren\u00e9 Maran (1887-1960) n\u2019est plus gu\u00e8re connu. Jadis, en 1921, cet \u00e9crivain guyanais avait fait sensation, en remportant le prix Goncourt pour Batouala, dont la pr\u00e9face fut \u00e9galement retentissante. Depuis,&hellip; <\/p>\n","protected":false},"author":1,"featured_media":19422,"comment_status":"open","ping_status":"open","sticky":false,"template":"","format":"standard","meta":{"footnotes":""},"categories":[1],"tags":[],"class_list":["post-19421","post","type-post","status-publish","format-standard","has-post-thumbnail","hentry","category-non-classe"],"_links":{"self":[{"href":"https:\/\/monde25.info\/index.php\/wp-json\/wp\/v2\/posts\/19421","targetHints":{"allow":["GET"]}}],"collection":[{"href":"https:\/\/monde25.info\/index.php\/wp-json\/wp\/v2\/posts"}],"about":[{"href":"https:\/\/monde25.info\/index.php\/wp-json\/wp\/v2\/types\/post"}],"author":[{"embeddable":true,"href":"https:\/\/monde25.info\/index.php\/wp-json\/wp\/v2\/users\/1"}],"replies":[{"embeddable":true,"href":"https:\/\/monde25.info\/index.php\/wp-json\/wp\/v2\/comments?post=19421"}],"version-history":[{"count":0,"href":"https:\/\/monde25.info\/index.php\/wp-json\/wp\/v2\/posts\/19421\/revisions"}],"wp:featuredmedia":[{"embeddable":true,"href":"https:\/\/monde25.info\/index.php\/wp-json\/wp\/v2\/media\/19422"}],"wp:attachment":[{"href":"https:\/\/monde25.info\/index.php\/wp-json\/wp\/v2\/media?parent=19421"}],"wp:term":[{"taxonomy":"category","embeddable":true,"href":"https:\/\/monde25.info\/index.php\/wp-json\/wp\/v2\/categories?post=19421"},{"taxonomy":"post_tag","embeddable":true,"href":"https:\/\/monde25.info\/index.php\/wp-json\/wp\/v2\/tags?post=19421"}],"curies":[{"name":"wp","href":"https:\/\/api.w.org\/{rel}","templated":true}]}}