{"id":19430,"date":"2025-11-15T09:01:38","date_gmt":"2025-11-15T08:01:38","guid":{"rendered":"https:\/\/monde25.info\/index.php\/2025\/11\/15\/un-homme-arme-dun-couteau-blesse-par-balle-par-la-police-a-la-gare-montparnasse-rt-en-francais\/"},"modified":"2025-11-15T09:01:38","modified_gmt":"2025-11-15T08:01:38","slug":"un-homme-arme-dun-couteau-blesse-par-balle-par-la-police-a-la-gare-montparnasse-rt-en-francais","status":"publish","type":"post","link":"https:\/\/monde25.info\/index.php\/2025\/11\/15\/un-homme-arme-dun-couteau-blesse-par-balle-par-la-police-a-la-gare-montparnasse-rt-en-francais\/","title":{"rendered":"Un homme arm\u00e9 d\u2019un couteau bless\u00e9 par balle par la police \u00e0 la gare Montparnasse \u2014 RT en fran\u00e7ais"},"content":{"rendered":"<p> <br \/>\n<br \/><img decoding=\"async\" src=\"https:\/\/mf.b37mrtl.ru\/french\/images\/2025.11\/thumbnail\/691753996f7ccc2b00151cd2.jpg\" \/><\/p>\n<div>\n<p class=\"text__summary\">\n                                        Un homme connu pour violences conjugales a \u00e9t\u00e9 gri\u00e8vement bless\u00e9 par un tir de la police ce 14 novembre \u00e0 la gare Montparnasse \u00e0 Paris. Il venait de sortir d\u2019un train en provenance de Rennes et mena\u00e7ait les forces de l\u2019ordre avec un couteau. Une seconde personne a \u00e9t\u00e9 bless\u00e9e. Deux enqu\u00eates sont en cours.\n                                    <\/p>\n<p>Ce vendredi 14 novembre, vers 14h35, un homme de 44 ans a \u00e9t\u00e9 bless\u00e9 par balle \u00e0 la gare Montparnasse, \u00e0 Paris. Il \u00e9tait attendu par la police \u00e0 sa descente d\u2019un train en provenance de Rennes. Le suspect, vis\u00e9 par une enqu\u00eate pour violences conjugales, avait menac\u00e9 de s\u2019en prendre \u00e0 son ex-compagne.<\/p>\n<p>\u00c0 son arriv\u00e9e sur le quai, il a refus\u00e9 d\u2019obtemp\u00e9rer. D\u2019apr\u00e8s Franceinfo, il tenait un couteau en main et s\u2019est mis \u00e0 s\u2019auto-mutiler, se portant des coups \u00e0 la gorge. Un agent de la brigade des r\u00e9seaux ferr\u00e9s a alors fait usage de son arme et l\u2019a atteint \u00e0 la jambe. L\u2019homme s\u2019est ensuite effondr\u00e9, gri\u00e8vement bless\u00e9, et a \u00e9t\u00e9 pris en charge en urgence absolue. Son pronostic vital est engag\u00e9.<\/p>\n<p>Un autre individu, un voyageur de 53 ans, a \u00e9galement \u00e9t\u00e9 touch\u00e9 au pied par un \u00e9clat de balle. Il a \u00e9t\u00e9 \u00e9vacu\u00e9 en urgence relative. Aucun autre bless\u00e9 n\u2019est \u00e0 d\u00e9plorer.<\/p>\n<h2><strong>Panique dans la gare<\/strong><\/h2>\n<p>La sc\u00e8ne a provoqu\u00e9 un mouvement de panique parmi les voyageurs. Plusieurs t\u00e9moins ont rapport\u00e9 avoir entendu un ou deux coups de feu, suivis d\u2019un vent de panique sur les quais. Interrog\u00e9 par Radio France, un voyageur explique que \u00ab\u202fles gens se sont mis \u00e0 courir\u202f\u00bb tandis qu\u2019un autre, d\u00e9clare\u202f: \u00ab\u202fJ\u2019ai encore les mains qui tremblent\u202f\u00bb.<\/p>\n<p>Une partie de la gare a \u00e9t\u00e9 \u00e9vacu\u00e9e par mesure de pr\u00e9caution. Un p\u00e9rim\u00e8tre de s\u00e9curit\u00e9 a \u00e9t\u00e9 \u00e9tabli et la circulation des trains a \u00e9t\u00e9 bri\u00e8vement perturb\u00e9e. D\u2019apr\u00e8s la SNCF, les quais 1 \u00e0 9 ont \u00e9t\u00e9 ferm\u00e9s temporairement, tandis que plusieurs \u00e9quipes de secours \u2014 pompiers, Samu, ambulances \u2014 ont \u00e9t\u00e9 d\u00e9ploy\u00e9es sur place.<\/p>\n<h2><strong>Enqu\u00eates en cours<\/strong><\/h2>\n<p>Deux enqu\u00eates ont \u00e9t\u00e9 ouvertes. La premi\u00e8re, confi\u00e9e au 3\u1d49 district de police judiciaire, porte sur les faits reproch\u00e9s \u00e0 l\u2019homme, \u00e0 savoir une tentative d\u2019homicide sur personne d\u00e9positaire de l\u2019autorit\u00e9 publique. La seconde, men\u00e9e par l\u2019Inspection g\u00e9n\u00e9rale de la Police nationale (IGPN), doit faire la lumi\u00e8re sur les conditions d\u2019usage de l\u2019arme \u00e0 feu par le policier.<\/p>\n<p>Le parquet de Paris a rapidement \u00e9cart\u00e9 toute piste terroriste. L\u2019enqu\u00eate se concentre sur le contexte familial du suspect et sur la l\u00e9gitimit\u00e9 de la riposte polici\u00e8re. \u00c0 ce stade, l\u2019homme est toujours hospitalis\u00e9 dans un \u00e9tat critique. Aucune information suppl\u00e9mentaire n\u2019a \u00e9t\u00e9 communiqu\u00e9e sur son \u00e9tat ou l\u2019\u00e9volution des proc\u00e9dures en cours.<\/p>\n<\/div>\n<p><br \/>\n<br \/><a href=\"https:\/\/francais.rt.com\/france\/127391-homme-arme-d-un-couteau-blesse-par-balle-par-la-police-a-la-gare-montparnasse\" target=\"_blank\"\">Source link <\/a><\/p>\n","protected":false},"excerpt":{"rendered":"<p>Un homme connu pour violences conjugales a \u00e9t\u00e9 gri\u00e8vement bless\u00e9 par un tir de la police ce 14 novembre \u00e0 la gare Montparnasse \u00e0 Paris. Il venait de sortir d\u2019un&hellip; <\/p>\n","protected":false},"author":1,"featured_media":19431,"comment_status":"open","ping_status":"open","sticky":false,"template":"","format":"standard","meta":{"footnotes":""},"categories":[1],"tags":[],"class_list":["post-19430","post","type-post","status-publish","format-standard","has-post-thumbnail","hentry","category-non-classe"],"_links":{"self":[{"href":"https:\/\/monde25.info\/index.php\/wp-json\/wp\/v2\/posts\/19430","targetHints":{"allow":["GET"]}}],"collection":[{"href":"https:\/\/monde25.info\/index.php\/wp-json\/wp\/v2\/posts"}],"about":[{"href":"https:\/\/monde25.info\/index.php\/wp-json\/wp\/v2\/types\/post"}],"author":[{"embeddable":true,"href":"https:\/\/monde25.info\/index.php\/wp-json\/wp\/v2\/users\/1"}],"replies":[{"embeddable":true,"href":"https:\/\/monde25.info\/index.php\/wp-json\/wp\/v2\/comments?post=19430"}],"version-history":[{"count":0,"href":"https:\/\/monde25.info\/index.php\/wp-json\/wp\/v2\/posts\/19430\/revisions"}],"wp:featuredmedia":[{"embeddable":true,"href":"https:\/\/monde25.info\/index.php\/wp-json\/wp\/v2\/media\/19431"}],"wp:attachment":[{"href":"https:\/\/monde25.info\/index.php\/wp-json\/wp\/v2\/media?parent=19430"}],"wp:term":[{"taxonomy":"category","embeddable":true,"href":"https:\/\/monde25.info\/index.php\/wp-json\/wp\/v2\/categories?post=19430"},{"taxonomy":"post_tag","embeddable":true,"href":"https:\/\/monde25.info\/index.php\/wp-json\/wp\/v2\/tags?post=19430"}],"curies":[{"name":"wp","href":"https:\/\/api.w.org\/{rel}","templated":true}]}}