{"id":19435,"date":"2025-11-15T12:52:35","date_gmt":"2025-11-15T11:52:35","guid":{"rendered":"https:\/\/monde25.info\/index.php\/2025\/11\/15\/et-si-on-reinventait-la-montagne-avec-fiona-mille\/"},"modified":"2025-11-15T12:52:35","modified_gmt":"2025-11-15T11:52:35","slug":"et-si-on-reinventait-la-montagne-avec-fiona-mille","status":"publish","type":"post","link":"https:\/\/monde25.info\/index.php\/2025\/11\/15\/et-si-on-reinventait-la-montagne-avec-fiona-mille\/","title":{"rendered":"Et si&#8230; on r\u00e9inventait la montagne\u00a0? Avec Fiona Mille"},"content":{"rendered":"<p> <br \/>\n<br \/><img loading=\"lazy\" decoding=\"async\" src=\"https:\/\/reporterre.net\/local\/cache-vignettes\/L700xH467\/20251103_reporterre_fiona_mille003_resized-2c09e.jpg?1763193601\" class=\"spip_logo\" width=\"700\" height=\"467\" alt=\"\" \/><\/p>\n<p>\u00ab<small class=\"fine d-inline\">\u00a0<\/small>On ne part pas d&rsquo;une page blanche pour r\u00e9inventer la montagne<small class=\"fine d-inline\">\u00a0<\/small>\u00bb, dit Fiona Mille, \u00ab<small class=\"fine d-inline\">\u00a0<\/small>plein d&rsquo;initiatives dessinent d\u00e9j\u00e0 le monde de demain<small class=\"fine d-inline\">\u00a0<\/small>\u00bb. La pr\u00e9sidente de Mountain Wilderness r\u00e9pand l&rsquo;espoir malgr\u00e9 le chaos climatique. <br class=\"autobr\" \/> Fiona Mille est pr\u00e9sidente de l&rsquo;association Mountain Wilderness. Elle a publi\u00e9 R\u00e9inventons la montagne (\u00e9d. du Faubourg, 2024). Elle y dresse un constat r\u00e9aliste de la montagne, bouscul\u00e9e par le chaos climatique, mais ouvre surtout des perspectives positives sur ces\u00a0(\u2026)<\/p>\n<p>                    <a target=\"_blank\" href=\"https:\/\/reporterre.net\/Et-si-on-reinventait-la-montagne-Avec-Fiona-Mille?utm_source=RSS&amp;utm_medium=RSS\">Lire la suite<\/a><\/p>\n<p>                    &#8211;<br \/>\n                        <a target=\"_blank\" href=\"https:\/\/reporterre.net\/Entretien-19\" rel=\"directory\">Entretien<\/a><\/p>\n<p>                    \/<br \/>\n                        <a target=\"_blank\" href=\"https:\/\/reporterre.net\/Article-avec-video\" rel=\"tag\">Vid\u00e9os<\/a><br \/>\n                    ,<br \/>\n                        <a target=\"_blank\" href=\"https:\/\/reporterre.net\/Sons\" rel=\"tag\">Sons<\/a><br \/>\n                    ,<br \/>\n                        <a target=\"_blank\" href=\"https:\/\/reporterre.net\/Photographies\" rel=\"tag\">Photographies<\/a><br \/>\n                    ,<br \/>\n                        <a target=\"_blank\" href=\"https:\/\/reporterre.net\/Alternatives\" rel=\"tag\">Alternatives<\/a><br \/>\n                    ,<br \/>\n                        <a target=\"_blank\" href=\"https:\/\/reporterre.net\/Grands-entretiens\" rel=\"tag\">Le Monde d&rsquo;apr\u00e8s<\/a><br \/>\n                    ,<br \/>\n                        <a target=\"_blank\" href=\"https:\/\/reporterre.net\/Montagne\" rel=\"tag\">Montagne<\/a><br \/>\n<br \/><br \/>\n<br \/><a href=\"https:\/\/reporterre.net\/Et-si-on-reinventait-la-montagne-Avec-Fiona-Mille\" target=\"_blank\"\">Source link <\/a><\/p>\n","protected":false},"excerpt":{"rendered":"<p>\u00ab\u00a0On ne part pas d&rsquo;une page blanche pour r\u00e9inventer la montagne\u00a0\u00bb, dit Fiona Mille, \u00ab\u00a0plein d&rsquo;initiatives dessinent d\u00e9j\u00e0 le monde de demain\u00a0\u00bb. La pr\u00e9sidente de Mountain Wilderness r\u00e9pand l&rsquo;espoir malgr\u00e9&hellip; <\/p>\n","protected":false},"author":1,"featured_media":0,"comment_status":"open","ping_status":"open","sticky":false,"template":"","format":"standard","meta":{"footnotes":""},"categories":[1],"tags":[],"class_list":["post-19435","post","type-post","status-publish","format-standard","hentry","category-non-classe"],"_links":{"self":[{"href":"https:\/\/monde25.info\/index.php\/wp-json\/wp\/v2\/posts\/19435","targetHints":{"allow":["GET"]}}],"collection":[{"href":"https:\/\/monde25.info\/index.php\/wp-json\/wp\/v2\/posts"}],"about":[{"href":"https:\/\/monde25.info\/index.php\/wp-json\/wp\/v2\/types\/post"}],"author":[{"embeddable":true,"href":"https:\/\/monde25.info\/index.php\/wp-json\/wp\/v2\/users\/1"}],"replies":[{"embeddable":true,"href":"https:\/\/monde25.info\/index.php\/wp-json\/wp\/v2\/comments?post=19435"}],"version-history":[{"count":0,"href":"https:\/\/monde25.info\/index.php\/wp-json\/wp\/v2\/posts\/19435\/revisions"}],"wp:attachment":[{"href":"https:\/\/monde25.info\/index.php\/wp-json\/wp\/v2\/media?parent=19435"}],"wp:term":[{"taxonomy":"category","embeddable":true,"href":"https:\/\/monde25.info\/index.php\/wp-json\/wp\/v2\/categories?post=19435"},{"taxonomy":"post_tag","embeddable":true,"href":"https:\/\/monde25.info\/index.php\/wp-json\/wp\/v2\/tags?post=19435"}],"curies":[{"name":"wp","href":"https:\/\/api.w.org\/{rel}","templated":true}]}}