{"id":19442,"date":"2025-11-15T15:04:36","date_gmt":"2025-11-15T14:04:36","guid":{"rendered":"https:\/\/monde25.info\/index.php\/2025\/11\/15\/benin-lassemblee-nationale-adopte-une-revision-constitutionnelle\/"},"modified":"2025-11-15T15:04:36","modified_gmt":"2025-11-15T14:04:36","slug":"benin-lassemblee-nationale-adopte-une-revision-constitutionnelle","status":"publish","type":"post","link":"https:\/\/monde25.info\/index.php\/2025\/11\/15\/benin-lassemblee-nationale-adopte-une-revision-constitutionnelle\/","title":{"rendered":"B\u00e9nin : l\u2019Assembl\u00e9e nationale adopte une r\u00e9vision constitutionnelle"},"content":{"rendered":"<p> <br \/>\n<br \/><img decoding=\"async\" alt=\"Preview\" align=\"left\" style=\"margin-right: 10px\" src=\"https:\/\/mf.b37mrtl.ru\/french\/images\/2025.11\/thumbnail\/691872e96f7ccc65ae67d8cd.jpg\" \/> L\u2019Assembl\u00e9e nationale b\u00e9ninoise a approuv\u00e9 ce 15 novembre une r\u00e9vision constitutionnelle, cr\u00e9ant un S\u00e9nat et prolongeant les mandats pr\u00e9sidentiel et l\u00e9gislatif de cinq \u00e0 sept ans \u00e0 partir de 2026, tout en maintenant la limite de deux mandats pr\u00e9sidentiels. Le S\u00e9nat jouera un r\u00f4le de r\u00e9gulation politique.<br \/>\n<br \/><br \/>\n<br \/><a href=\"https:\/\/francais.rt.com\/news\/127406-benin-assemblee-nationale-adopte-revision\" target=\"_blank\"\">Source link <\/a><\/p>\n","protected":false},"excerpt":{"rendered":"<p>L\u2019Assembl\u00e9e nationale b\u00e9ninoise a approuv\u00e9 ce 15 novembre une r\u00e9vision constitutionnelle, cr\u00e9ant un S\u00e9nat et prolongeant les mandats pr\u00e9sidentiel et l\u00e9gislatif de cinq \u00e0 sept ans \u00e0 partir de 2026,&hellip; <\/p>\n","protected":false},"author":1,"featured_media":19443,"comment_status":"open","ping_status":"open","sticky":false,"template":"","format":"standard","meta":{"footnotes":""},"categories":[1],"tags":[],"class_list":["post-19442","post","type-post","status-publish","format-standard","has-post-thumbnail","hentry","category-non-classe"],"_links":{"self":[{"href":"https:\/\/monde25.info\/index.php\/wp-json\/wp\/v2\/posts\/19442","targetHints":{"allow":["GET"]}}],"collection":[{"href":"https:\/\/monde25.info\/index.php\/wp-json\/wp\/v2\/posts"}],"about":[{"href":"https:\/\/monde25.info\/index.php\/wp-json\/wp\/v2\/types\/post"}],"author":[{"embeddable":true,"href":"https:\/\/monde25.info\/index.php\/wp-json\/wp\/v2\/users\/1"}],"replies":[{"embeddable":true,"href":"https:\/\/monde25.info\/index.php\/wp-json\/wp\/v2\/comments?post=19442"}],"version-history":[{"count":0,"href":"https:\/\/monde25.info\/index.php\/wp-json\/wp\/v2\/posts\/19442\/revisions"}],"wp:featuredmedia":[{"embeddable":true,"href":"https:\/\/monde25.info\/index.php\/wp-json\/wp\/v2\/media\/19443"}],"wp:attachment":[{"href":"https:\/\/monde25.info\/index.php\/wp-json\/wp\/v2\/media?parent=19442"}],"wp:term":[{"taxonomy":"category","embeddable":true,"href":"https:\/\/monde25.info\/index.php\/wp-json\/wp\/v2\/categories?post=19442"},{"taxonomy":"post_tag","embeddable":true,"href":"https:\/\/monde25.info\/index.php\/wp-json\/wp\/v2\/tags?post=19442"}],"curies":[{"name":"wp","href":"https:\/\/api.w.org\/{rel}","templated":true}]}}