{"id":19444,"date":"2025-11-15T15:37:41","date_gmt":"2025-11-15T14:37:41","guid":{"rendered":"https:\/\/monde25.info\/index.php\/2025\/11\/15\/litalie-enquete-sur-les-safaris-humains-de-sarajevo-al-jazeera\/"},"modified":"2025-11-15T15:37:41","modified_gmt":"2025-11-15T14:37:41","slug":"litalie-enquete-sur-les-safaris-humains-de-sarajevo-al-jazeera","status":"publish","type":"post","link":"https:\/\/monde25.info\/index.php\/2025\/11\/15\/litalie-enquete-sur-les-safaris-humains-de-sarajevo-al-jazeera\/","title":{"rendered":"L&rsquo;Italie enqu\u00eate sur les \u00ab\u00a0safaris humains\u00a0\u00bb de Sarajevo (Al Jazeera)"},"content":{"rendered":"<p> <br \/>\n<\/p>\n<div id=\"\">\n<p>Le minist\u00e8re public italien a ouvert une enqu\u00eate sur des all\u00e9gations selon lesquelles des Italiens se seraient rendus \u00e0 Sarajevo, le temps d\u2019un week-end, pour participer \u00e0 des \u00ab\u00a0safaris de tireurs d\u2019\u00e9lite\u00a0\u00bb et tirer sur des citoyens pendant le si\u00e8ge de la ville par l\u2019arm\u00e9e bosno-serbe, qui a fait plus de 11 000 morts entre 1992 et 1996.<\/p>\n<p>Ces pr\u00e9tendus \u00ab\u00a0safaris\u00a0\u00bb &#8211; r\u00e9f\u00e9rence grotesque aux exp\u00e9ditions de chasse ou d\u2019observation d\u2019animaux sauvages &#8211; ont eu lieu alors que les forces bosno-serbes assi\u00e9geaient la ville dans ce qui est devenu le plus long si\u00e8ge d\u2019une ville dans l\u2019histoire moderne de l\u2019Europe.<\/p>\n<p>L\u2019enqu\u00eate milanaise, dirig\u00e9e par le procureur Alessandro Gobbis, a \u00e9t\u00e9 lanc\u00e9e apr\u00e8s que le journaliste et romancier Ezio Gavazzeni, en collaboration avec les avocats Nicola Brigida et l\u2019ancien juge Guido Salvini, a d\u00e9pos\u00e9 une plainte pour \u00ab\u00a0meurtre aggrav\u00e9 par la cruaut\u00e9 et des motifs m\u00e9prisables\u00a0\u00bb contre des groupes pr\u00e9sum\u00e9s d\u2019Italiens qui se rendaient \u00e0 Sarajevo pour participer \u00e0 ces exp\u00e9ditions.<\/p>\n<p>Selon les m\u00e9dias italiens, les enqu\u00eateurs esp\u00e8rent retrouver les personnes qui ont particip\u00e9 aux \u00ab\u00a0safaris\u00a0\u00bb pr\u00e9sum\u00e9s, en plus des cinq hommes qui ont d\u00e9j\u00e0 \u00e9t\u00e9 identifi\u00e9s dans la plainte de M.\u00a0Gavazzeni.<\/p>\n<p>M.\u00a0Gavazzeni, qui a remis toutes ses preuves aux procureurs, a d\u00e9clar\u00e9 mardi au journal italien <i>La Repubblica<\/i> que son proc\u00e8s \u00ab\u00a0expose une partie de la soci\u00e9t\u00e9 qui cache sa v\u00e9rit\u00e9 sous le tapis\u00a0\u00bb.<\/p>\n<p>\u00ab\u00a0Parce que nous parlons de personnes riches et r\u00e9put\u00e9es, d\u2019entrepreneurs, qui, pendant le si\u00e8ge de Sarajevo, ont pay\u00e9 pour pouvoir tuer des civils sans d\u00e9fense\u00a0\u00bb, a-t-il ajout\u00e9.<\/p>\n<p>Voici ce que nous savons sur les pr\u00e9tendus \u00ab\u00a0safaris de tireurs d\u2019\u00e9lite\u00a0\u00bb.<\/p>\n<p><strong>Comment fonctionnaient ces \u00ab\u00a0safaris\u00a0\u00bb\u00a0?<\/strong><\/p>\n<p>Entre 1992 et 1996, des citoyens italiens et d\u2019autres personnes, essentiellement des amateurs d\u2019armes \u00e0 feu, se r\u00e9unissaient le vendredi \u00e0 Trieste, dans le nord-ouest de l\u2019Italie, \u00e0 la fronti\u00e8re avec l\u2019ex-Yougoslavie, pour un week-end de \u00ab\u00a0chasse\u00a0\u00bb. On ne sait toujours pas qui a organis\u00e9 les voyages pour les groupes pr\u00e9sum\u00e9s.<\/p>\n<p>Les participants auraient ensuite \u00e9t\u00e9 transport\u00e9s par la compagnie a\u00e9rienne yougoslave\/serbe Aviogenex vers les collines entourant Sarajevo, o\u00f9 ils auraient pay\u00e9 les milices bosno-serbes fid\u00e8les au pr\u00e9sident Radovan Karadzic, qui a ensuite \u00e9t\u00e9 reconnu coupable de g\u00e9nocide et de crimes contre l\u2019humanit\u00e9 par le Tribunal p\u00e9nal international pour l\u2019ex-Yougoslavie en 2016 et condamn\u00e9 \u00e0 la prison \u00e0 vie apr\u00e8s un appel en 2019, pour qu\u2019elles tirent sur les citoyens.<\/p>\n<p>Selon <i>La Repubblica<\/i>, ces \u00ab\u00a0touristes\u00a0\u00bb payaient jusqu\u2019\u00e0 100 000 euros (116 000 dollars), ajust\u00e9s pour tenir compte des taux d\u2019inflation actuels et du taux de change, l\u2019euro n\u2019ayant \u00e9t\u00e9 introduit qu\u2019en 1999, pour participer \u00e0 des voyages \u00e0 Sarajevo afin de commettre les meurtres.<\/p>\n<p>Gavazzeni affirme que les participants recevaient une liste de prix pour le type d\u2019assassinat que les \u00e9trangers devaient payer en fonction de la personne qu\u2019ils voulaient cibler, les enfants co\u00fbtant le plus cher, puis les hommes, les femmes et les personnes \u00e2g\u00e9es, qui pouvaient \u00eatre tu\u00e9s gratuitement.<\/p>\n<p>\u00ab\u00a0Un participant a quitt\u00e9 Trieste pour la chasse \u00e0 l\u2019homme. Puis il est revenu et a continu\u00e9 sa vie comme si de rien n\u2019\u00e9tait, respectable aux yeux de tous\u00a0\u00bb, a d\u00e9clar\u00e9 M.\u00a0Gavazzeni.<\/p>\n<p>\u00ab\u00a0Des gens passionn\u00e9s par les armes, qui pr\u00e9f\u00e8rent se coucher avec un fusil, qui ont de l\u2019argent \u00e0 leur disposition et les bons contacts avec les facilitateurs entre l\u2019Italie et la Serbie. C\u2019est l\u2019indiff\u00e9rence du mal\u00a0: devenir Dieu et rester impuni\u00a0\u00bb, a-t-il ajout\u00e9.<\/p>\n<p>Le dossier de 17 pages de Gavazzeni comprend le t\u00e9moignage d\u2019Edin Subasic, un officier du renseignement militaire bosniaque qui affirme que lui et quelques coll\u00e8gues ont inform\u00e9 l\u2019agence de renseignement militaire italienne, Sismi, de rapports sur des Italiens qui s\u2019envoleraient de Trieste \u00e0 Sarajevo pour y participer au d\u00e9but de l\u2019ann\u00e9e 1994. Dans son t\u00e9moignage, il a d\u00e9clar\u00e9 que le service de renseignement italien lui avait dit qu\u2019il avait \u00ab\u00a0mis un terme\u00a0\u00bb \u00e0 ces voyages quelques mois plus tard.<\/p>\n<p>Le rapport Sismi indiquait qu\u2019il avait d\u00e9couvert les points de d\u00e9part \u00e0 Trieste et qu\u2019il avait interrompu l\u2019op\u00e9ration.<\/p>\n<p>Un autre t\u00e9moin cit\u00e9 dans le dossier a donn\u00e9 \u00e0 Gavazzeni des d\u00e9tails sur trois hommes qui font actuellement l\u2019objet d\u2019une enqu\u00eate et qui sont originaires de Turin, Milan et Trieste. Selon un rapport du Sismi, cit\u00e9 dans la plainte, l\u2019homme de Milan qui a particip\u00e9 aux fusillades de 1993 \u00e9tait le propri\u00e9taire d\u2019une clinique priv\u00e9e de chirurgie plastique.<\/p>\n<p>L\u2019ancien maire de Sarajevo, Benjamina Karic, a \u00e9galement envoy\u00e9 un dossier au bureau du procureur de Milan sur ces \u00ab\u00a0riches \u00e9trangers engag\u00e9s dans des activit\u00e9s inhumaines\u00a0\u00bb, a rapport\u00e9 l\u2019agence de presse italienne ANSA.<\/p>\n<p><strong>Qui \u00e9tait au courant de ces \u00ab\u00a0safaris\u00a0\u00bb\u00a0?<\/strong><\/p>\n<p>La Serbie a ni\u00e9 toute implication dans les meurtres, mais les enqu\u00eateurs pensent que les services de renseignement serbes \u00e9taient au courant de ces voyages touristiques.<\/p>\n<p>Selon le t\u00e9moignage de M.\u00a0Subasic, l\u2019officier du renseignement militaire bosniaque qui devrait \u00eatre l\u2019une des premi\u00e8res personnes convoqu\u00e9es par le bureau du procureur, la fa\u00e7on dont les voyages ont \u00e9t\u00e9 organis\u00e9s avec la compagnie a\u00e9rienne indique que le service de s\u00e9curit\u00e9 de l\u2019\u00c9tat serbe \u00e9tait \u00ab\u00a0derri\u00e8re tout cela\u00a0\u00bb, a rapport\u00e9 l\u2019ANSA.<\/p>\n<p>Bien que Sismi ait \u00e9t\u00e9 inform\u00e9 du premier voyage, le fonctionnaire a d\u00e9clar\u00e9 \u00e0 <i>La Repubblica<\/i> qu\u2019il n\u2019en avait plus jamais \u00e9t\u00e9 question entre les agences d\u2019espionnage bosniaque et italienne.<\/p>\n<p>Le consul de Bosnie \u00e0 Milan, Dag Dumrukcic, a d\u00e9clar\u00e9 \u00e0 <i>La Repubblica<\/i> mardi que son gouvernement travaillait en \u00ab\u00a0pleine coop\u00e9ration dans l\u2019enqu\u00eate\u00a0\u00bb.<\/p>\n<p>\u00ab\u00a0Nous sommes impatients de d\u00e9couvrir la v\u00e9rit\u00e9 sur une affaire aussi cruelle et de r\u00e9gler les comptes avec le pass\u00e9. Je dispose d\u2019informations que je transmettrai aux enqu\u00eateurs\u00a0\u00bb, a ajout\u00e9 M.\u00a0Dumruckic.<\/p>\n<p><strong>Que disent les survivants de Sarajevo\u00a0?<\/strong><\/p>\n<p>Dzemil Hodzic, 42 ans, qui a grandi \u00e0 Sarajevo dans les ann\u00e9es 1990 et avait neuf ans lorsque le si\u00e8ge a commenc\u00e9, est le fondateur du projet <a target=\"_blank\" href=\"https:\/\/www.aljazeera.com\/features\/2020\/5\/3\/a-camera-doesnt-lie-documenting-besieged-sarajevo\" class=\"spip_out\" rel=\"external\">Sniper Alley Photo<\/a>, qui archive des photographies prises pendant le si\u00e8ge. Il a d\u00e9clar\u00e9 \u00e0 Al Jazeera que ces d\u00e9couvertes n\u2019\u00e9taient pas une surprise pour lui, car les week-ends \u00e9taient toujours \u00ab\u00a0particuli\u00e8rement dangereux\u00a0\u00bb \u00e0 Sarajevo \u00e0 l\u2019\u00e9poque.<\/p>\n<p>M.\u00a0Hodzic a d\u00e9clar\u00e9 qu\u2019il y avait toujours \u00ab\u00a0des informations qui circulaient sur les gens de l\u2019ext\u00e9rieur qui venaient nous tirer dessus\u00a0\u00bb.<\/p>\n<p>\u00ab\u00a0C\u2019est un fait bien connu, mais, malheureusement, cela ne signifie rien lorsque les meurtriers et les tireurs d\u2019\u00e9lite qui nous ont tir\u00e9 dessus pendant quatre ans sont en libert\u00e9 et que nous voyons que notre bureau du procureur bosniaque ne fait rien \u00e0 ce sujet. J\u2019esp\u00e8re simplement que cette affaire italienne ne dispara\u00eetra pas de notre espace m\u00e9diatique et que nous obtiendrons des r\u00e9sultats positifs\u00a0\u00bb, a-t-il d\u00e9clar\u00e9.<\/p>\n<p>\u00ab\u00a0Mon fr\u00e8re a \u00e9t\u00e9 tu\u00e9 par un sniper serbe alors qu\u2019il jouait au tennis dans notre quartier. Nous ne saurons jamais si c\u2019est l\u2019un de ceux qui ont pay\u00e9 pour le faire\u00a0\u00bb, a-t-il ajout\u00e9.<\/p>\n<p><strong>Des personnes d\u2019autres pays ont-elles \u00e9galement particip\u00e9\u00a0?<\/strong><\/p>\n<p>On pense que des citoyens de plusieurs pays ont particip\u00e9. En 2022, le documentaire du r\u00e9alisateur bosniaque Miran Zupanic, Sarajevo Safari, a enqu\u00eat\u00e9 sur les riches \u00e9trangers qui avaient particip\u00e9, dont certains \u00e9taient originaires des \u00c9tats-Unis et de Russie.<\/p>\n<p>Un exemple notable est celui de l\u2019\u00e9crivain et politicien nationaliste russe Eduard Limonov, qui a \u00e9t\u00e9 film\u00e9 lors d\u2019un documentaire sur la guerre de Bosnie r\u00e9alis\u00e9 par Pawel Pawlikowski en 1992, tirant \u00e0 la mitrailleuse en direction de la ville de Sarajevo alors qu\u2019il \u00e9tait personnellement accompagn\u00e9 de Karadzic.<\/p>\n<p>Par ailleurs, en 2007, l\u2019ancien marine am\u00e9ricain John Jordan a t\u00e9moign\u00e9 devant le Tribunal p\u00e9nal international pour l\u2019ex-Yougoslavie que des \u00ab\u00a0tireurs touristes\u00a0\u00bb \u00e9taient venus \u00e0 Sarajevo.<\/p>\n<p>\u00ab\u00a0Il \u00e9tait \u00e9vident que la personne conduite par des hommes qui connaissaient le terrain ne connaissait absolument pas le terrain, et sa fa\u00e7on de s\u2019habiller ainsi que les armes qu\u2019ils portaient m\u2019ont amen\u00e9 \u00e0 penser qu\u2019il s\u2019agissait de tireurs touristes\u00a0\u00bb, a d\u00e9clar\u00e9 M.\u00a0Jordan au tribunal.<\/p>\n<p><strong>Edna Mohamed<\/strong><\/p>\n<p><i>Traduction LGS<\/i><\/p>\n<\/div>\n<p><br \/>\n<br \/><a href=\"https:\/\/www.legrandsoir.info\/l-italie-enquete-sur-les-safaris-humains-de-sarajevo-al-jazeera.html\" target=\"_blank\"\">Source link <\/a><\/p>\n","protected":false},"excerpt":{"rendered":"<p>Le minist\u00e8re public italien a ouvert une enqu\u00eate sur des all\u00e9gations selon lesquelles des Italiens se seraient rendus \u00e0 Sarajevo, le temps d\u2019un week-end, pour participer \u00e0 des \u00ab\u00a0safaris de&hellip; <\/p>\n","protected":false},"author":1,"featured_media":19445,"comment_status":"open","ping_status":"open","sticky":false,"template":"","format":"standard","meta":{"footnotes":""},"categories":[1],"tags":[],"class_list":["post-19444","post","type-post","status-publish","format-standard","has-post-thumbnail","hentry","category-non-classe"],"_links":{"self":[{"href":"https:\/\/monde25.info\/index.php\/wp-json\/wp\/v2\/posts\/19444","targetHints":{"allow":["GET"]}}],"collection":[{"href":"https:\/\/monde25.info\/index.php\/wp-json\/wp\/v2\/posts"}],"about":[{"href":"https:\/\/monde25.info\/index.php\/wp-json\/wp\/v2\/types\/post"}],"author":[{"embeddable":true,"href":"https:\/\/monde25.info\/index.php\/wp-json\/wp\/v2\/users\/1"}],"replies":[{"embeddable":true,"href":"https:\/\/monde25.info\/index.php\/wp-json\/wp\/v2\/comments?post=19444"}],"version-history":[{"count":0,"href":"https:\/\/monde25.info\/index.php\/wp-json\/wp\/v2\/posts\/19444\/revisions"}],"wp:featuredmedia":[{"embeddable":true,"href":"https:\/\/monde25.info\/index.php\/wp-json\/wp\/v2\/media\/19445"}],"wp:attachment":[{"href":"https:\/\/monde25.info\/index.php\/wp-json\/wp\/v2\/media?parent=19444"}],"wp:term":[{"taxonomy":"category","embeddable":true,"href":"https:\/\/monde25.info\/index.php\/wp-json\/wp\/v2\/categories?post=19444"},{"taxonomy":"post_tag","embeddable":true,"href":"https:\/\/monde25.info\/index.php\/wp-json\/wp\/v2\/tags?post=19444"}],"curies":[{"name":"wp","href":"https:\/\/api.w.org\/{rel}","templated":true}]}}