{"id":19447,"date":"2025-11-15T17:16:37","date_gmt":"2025-11-15T16:16:37","guid":{"rendered":"https:\/\/monde25.info\/index.php\/2025\/11\/15\/20-000-ans-denergie\/"},"modified":"2025-11-15T17:16:37","modified_gmt":"2025-11-15T16:16:37","slug":"20-000-ans-denergie","status":"publish","type":"post","link":"https:\/\/monde25.info\/index.php\/2025\/11\/15\/20-000-ans-denergie\/","title":{"rendered":"20 000 ans d\u2019\u00e9nergie ?"},"content":{"rendered":"<p> <br \/>\n<\/p>\n<div>\n<ol class=\"campaign-loop campaign-list\">\n<li id=\"campaign-482494\" class=\"post-482494 campaign type-campaign status-publish hentry campaign-has-goal campaign-has-not-achieved-goal campaign-has-end-date campaign-has-not-ended\">\n\t<a target=\"_blank\" href=\"https:\/\/reseauinternational.net\/campaigns\/campagne-de-dons-septembre-octobre-2025\/\"><\/p>\n<h3>Campagne de dons Octobre 2025<\/h3>\n<p>\t\t\t<\/a><\/p>\n<p>\n\tAppel aux dons \u2013 Votre soutien nous est indispensable pour continuer \u00e0 vous fournir le meilleur de l\u2019information internationale alternative. C\u2019est gr\u00e2ce \u00e0 vos dons que nous pourrons maintenir le cap pour une information plurielle et r\u00e9ellement alternative. Nous comptons sur vous.<\/p>\n<p>\n<span class=\"amount\">20 401,00\u00a0\u20ac<\/span> de l\u2019objectif de <span class=\"goal-amount\">25 000,00\u00a0\u20ac<\/span> atteint<\/p>\n<\/li>\n<\/ol>\n<p>par <strong>Patrick Reymond<\/strong><\/p>\n<p>Un article paru dans le <em>Saker<\/em>. 20 000 ans d\u2019\u00e9nergie. Avec le thorium, pioch\u00e9 dans les archives publiques am\u00e9ricaines par les chinois et mis au point par eux, apr\u00e8s 14 ans de recherche, chose <a target=\"_blank\" href=\"https:\/\/lesakerfrancophone.fr\/la-chine-a-trouve-dans-les-archives-americaines-une-source-denergie-qui-pourrait-alimenter-son-avenir-pendant-20-000-ans-et-la-fait-fonctionner\">d\u00e9sormais inimaginable<\/a> en Occident.<\/p>\n<p>Parce qu\u2019un pr\u00e9sident US n\u2019a au maximum que deux mandats devant lui, une nation qui ne d\u00e9passe pas les 450 ans si l\u2019on compte la p\u00e9riode coloniale, et en face, une nation qui a 5000 ans d\u2019histoire et l\u2019habitude de g\u00e9rer le tr\u00e8s long terme, et qui n\u2019est pas d\u00e9termin\u00e9 par le sourire ultra-bright silicon\u00e9 du candidat \u00e0 la pr\u00e9sidence.<\/p>\n<p>On peut rajouter aussi des \u00e9cologistes qui comme leurs anc\u00eatres nazis ha\u00efssent profond\u00e9ment toute l\u2019humanit\u00e9, consid\u00e9r\u00e9 comme une nuisance (en fait, seuls les \u00e9cologistes sont une nuisance, et la g\u00f4che, un poison) \u00e0 \u00e9liminer pour cause de d\u00e9viance \u00e0 la ligne du parti.<\/p>\n<p>Mais, il faut quand m\u00eame se m\u00e9fier de ces notions de 20 000 ans. Parce que simplement, si cette source d\u2019\u00e9nergie nouvelle (elle n\u2019a rien \u00e0 voir avec le nucl\u00e9aire classique), est prometteuse, on peut dire 20 000 ans parce que, simplement, on ne l\u2019utilise pas, et que certains usages des \u00e9nergies classiques ne sont pas abord\u00e9s. On nous avait dit aussi, \u00e0 certaines \u00e9poques que les r\u00e9serves \u00e9taient suffisantes pour 800 ou 1000 ans, et tout s\u2019est arr\u00eat\u00e9 bien avant, faute d\u2019accessibilit\u00e9 g\u00e9ologique. Ou pour erreurs de projections des consommations des ressources bien sup\u00e9rieure aux pr\u00e9visions initiales. La fonction exponentielle.<\/p>\n<p>L\u2019Occident qui d\u2019ailleurs se fait mettre \u00e0 la porte en Afrique. <a target=\"_blank\" href=\"https:\/\/afrinz.ru\/fr\/2025\/11\/le-president-du-niger-annonce-la-nationalisation-dentreprises-dans-les-secteurs-de-luranium-et-de-lor\/\">Le Niger nationalise ses mines<\/a>.<\/p>\n<p>L\u2019humain, consid\u00e9r\u00e9 comme une nuisance, c\u2019est aussi <a target=\"_blank\" href=\"https:\/\/plumenclume.com\/2025\/11\/07\/a-valence-si-la-pluie-ne-vient-pas-du-ciel-par-alyssa-rangel\/\">la catastrophe \u00e0 Valence<\/a> en Espagne. Avec des inondations ayant peu en rapport avec le ciel, mais avec une gestion humaine aberrante. Il n\u2019y a pas que les hommes politiques qui soient compl\u00e9tement idiot, imperm\u00e9ables non pas \u00e0 la pluie, mais aux probl\u00e8mes qui exc\u00e9dent le prochain sondage. Pas m\u00eame l\u2019\u00e9lection.<\/p>\n<p>Une dictature pense le long terme, les pr\u00e9tendues d\u00e9mocraties ne pensent simplement pas. Les barrages espagnols \u00e9taient peu remplis, beaucoup avaient \u00e9t\u00e9 d\u00e9truits, et les \u00e9cologistes adorent ces destructions de barrages, qui, en plus, on la fameuse tendance \u00e0 virer pauvre et pr\u00e9tendues classes moyennes de certaines zones, pour les remplacer par des r\u00e9sidences de luxe.<\/p>\n<p>Certains parlent d\u2019ing\u00e9nierie climatique, pour rappeler, officiellement, cela a \u00e9t\u00e9 utilis\u00e9 pendant la guerre du Viet Nam. Les digues \u00e9taient bombard\u00e9es et endommag\u00e9es \u00e0 la saison s\u00e8che et m\u00eame si elles \u00e9taient imm\u00e9diatement reconstruites, elles n\u2019avaient pas le temps de se tasser suffisamment. Les nuages \u00e9taient ensemenc\u00e9s pendant la saison humide, accroissant le volume de la mousson, entrainant la rupture de ces digues r\u00e9centes. Cela est connu depuis l\u2019origine. Mais c\u2019\u00e9tait la faute \u00e0 pas de chance la rupture des digues.<\/p>\n<p>Le retrait des \u00c9tats occidentaux se manifeste par la cr\u00e9ation des arm\u00e9es priv\u00e9es. Ou plut\u00f4t la reconnaissance <a target=\"_blank\" href=\"https:\/\/www.observateur-continental.fr\/?module=articles&amp;action=view&amp;id=7403\">officielle de leur renaissance<\/a>. Mais, comme je l\u2019ai dit, les mercenaires, quelqu\u2019ils soient, ne sont efficaces que contre des populations civiles d\u00e9sarm\u00e9es. Aussi, de nombreux sud-am\u00e9ricains sont envoy\u00e9s en Ukraine, combattre la Russie. Ils sont moins chers, consid\u00e9r\u00e9s comme une sous humanit\u00e9, et en r\u00e9alit\u00e9, ils le sont, ce ne sont que des tueurs, le plus souvent, d\u2019innocents, et en plus, sans r\u00e9f\u00e9rence du front de l\u2019est. Seuls les malades mentaux profonds et d\u00e9biles assum\u00e9s, veulent aller combattre en Russie \u2013 Macron par exemple.<\/p>\n<p>Pour ce qui est dudit front de l\u2019est, le d\u00e9gel est \u00e0 l\u2019\u0153uvre, les russes auraient avanc\u00e9 <a target=\"_blank\" href=\"https:\/\/halturnerradioshow.com\/index.php\/news-selections\/world-news\/russia-advances-25km-in-four-days-will-soon-advance-100km-a-day-in-ukraine\">de 25 km en 4 jours<\/a>, ce qui est consid\u00e9rable, pour cette arm\u00e9e russe, qui, visiblement, ne cherche pas \u00e0 avancer, mais \u00e0 massacrer tout ce qui se pr\u00e9sente. Le d\u00e9bile ordinaire intervenant sur <em>LCI<\/em> ne dit jamais que le but de guerre russe n\u2019est jamais avou\u00e9, on laisse l\u2019ennemi le supposer. Si les s\u00e9ries russes \u00e9taient diffus\u00e9es chez nous, tout le monde le saurait.<\/p>\n<p>La jeune lieutenant demandait :<\/p>\n<p>\u00abPr\u00e9parons nous une offensive ?\u00bb le commissaire politique r\u00e9pliqua :<\/p>\n<p>\u00abLaissez l\u2019ennemi se poser la question, camarade lieutenant\u00bb.<\/p>\n<p>On veut entasser la population dans des villes, alors que c\u2019est l\u2019existence des villes qui est probl\u00e9matique, du moins, de villes d\u2019une certaine importance, parce qu\u2019il n\u2019y a aucun moyen vraisemblable de maintenir l\u2019infrastructure. Certains \u00e9voquent le r\u00e9chauffement climatique, mais la r\u00e9alit\u00e9 est plus basique. Le poids des constructions fait plier le sol comme \u00e0 NY.<\/p>\n<p><a target=\"_blank\" href=\"https:\/\/actu.orange.fr\/societe\/culture\/ordre-mondial-un-historien-predit-un-effondrement-societal-si-les-inegalites-ne-sont-pas-endiguees-magic-CNT000002jRSez.html\">Les in\u00e9galit\u00e9s progressant<\/a> se finissent toujours par ce qu\u2019a dit Pareto. \u00ab<em>L\u2019histoire est le cimeti\u00e8re des aristocraties<\/em>\u00bb.<\/p>\n<p>source : <a target=\"_blank\" href=\"https:\/\/lachute.over-blog.com\/2025\/11\/20-000-ans-d-energie.html\">La Chute<\/a><\/p>\n<div class=\"sharedaddy sd-block sd-like jetpack-likes-widget-wrapper jetpack-likes-widget-unloaded\" id=\"like-post-wrapper-237719536-494370-691899f476861\" data-src=\"https:\/\/widgets.wp.com\/likes\/?ver=15.0.2#blog_id=237719536&amp;post_id=494370&amp;origin=reseauinternational.net&amp;obj_id=237719536-494370-691899f476861\" data-name=\"like-post-frame-237719536-494370-691899f476861\" data-title=\"Aimer ou rebloguer\">\n<h3 class=\"sd-title\">J\u2019aime \u00e7a\u00a0:<\/h3>\n<p><span class=\"button\"><span>J\u2019aime<\/span><\/span> <span class=\"loading\">chargement\u2026<\/span><\/p>\n<p><span class=\"sd-text-color\"\/><a target=\"_blank\" class=\"sd-link-color\"\/><\/div>\n<p><meta itemscope=\"\" itemprop=\"mainEntityOfPage\" itemtype=\"https:\/\/schema.org\/WebPage\" itemid=\"https:\/\/reseauinternational.net\/20-000-ans-denergie\/\"\/><meta itemprop=\"headline\" content=\"20 000 ans d\u2019\u00e9nergie ?\"\/><span style=\"display: none;\" itemprop=\"author\" itemscope=\"\" itemtype=\"https:\/\/schema.org\/Person\"><meta itemprop=\"name\" content=\"R\u00e9seau International\"\/><\/span><span style=\"display: none;\" itemprop=\"image\" itemscope=\"\" itemtype=\"https:\/\/schema.org\/ImageObject\"><meta itemprop=\"url\" content=\"https:\/\/i0.wp.com\/reseauinternational.net\/wp-content\/uploads\/2025\/11\/Sans-titre-2-13.png?fit=800%2C467&amp;ssl=1\"\/><meta itemprop=\"width\" content=\"800\"\/><meta itemprop=\"height\" content=\"467\"\/><\/span><span style=\"display: none;\" itemprop=\"publisher\" itemscope=\"\" itemtype=\"https:\/\/schema.org\/Organization\"><span style=\"display: none;\" itemprop=\"logo\" itemscope=\"\" itemtype=\"https:\/\/schema.org\/ImageObject\"><meta itemprop=\"url\" content=\"https:\/\/reseauinternational.net\/wp-content\/uploads\/2022\/06\/Capture-de\u0301cran-2022-06-14-a\u0300-16.51.07.png\"\/><\/span><meta itemprop=\"name\" content=\"R\u00e9seau International\"\/><\/span><meta itemprop=\"datePublished\" content=\"2025-11-15T08:37:48+00:00\"\/><meta itemprop=\"dateModified\" content=\"2025-11-15T08:38:28+00:00\"\/><\/div>\n<p><br \/>\n<br \/><a href=\"https:\/\/reseauinternational.net\/20-000-ans-denergie\/\" target=\"_blank\"\">Source link <\/a><\/p>\n","protected":false},"excerpt":{"rendered":"<p>Campagne de dons Octobre 2025 Appel aux dons \u2013 Votre soutien nous est indispensable pour continuer \u00e0 vous fournir le meilleur de l\u2019information internationale alternative. C\u2019est gr\u00e2ce \u00e0 vos dons&hellip; <\/p>\n","protected":false},"author":1,"featured_media":19448,"comment_status":"open","ping_status":"open","sticky":false,"template":"","format":"standard","meta":{"footnotes":""},"categories":[1],"tags":[],"class_list":["post-19447","post","type-post","status-publish","format-standard","has-post-thumbnail","hentry","category-non-classe"],"_links":{"self":[{"href":"https:\/\/monde25.info\/index.php\/wp-json\/wp\/v2\/posts\/19447","targetHints":{"allow":["GET"]}}],"collection":[{"href":"https:\/\/monde25.info\/index.php\/wp-json\/wp\/v2\/posts"}],"about":[{"href":"https:\/\/monde25.info\/index.php\/wp-json\/wp\/v2\/types\/post"}],"author":[{"embeddable":true,"href":"https:\/\/monde25.info\/index.php\/wp-json\/wp\/v2\/users\/1"}],"replies":[{"embeddable":true,"href":"https:\/\/monde25.info\/index.php\/wp-json\/wp\/v2\/comments?post=19447"}],"version-history":[{"count":0,"href":"https:\/\/monde25.info\/index.php\/wp-json\/wp\/v2\/posts\/19447\/revisions"}],"wp:featuredmedia":[{"embeddable":true,"href":"https:\/\/monde25.info\/index.php\/wp-json\/wp\/v2\/media\/19448"}],"wp:attachment":[{"href":"https:\/\/monde25.info\/index.php\/wp-json\/wp\/v2\/media?parent=19447"}],"wp:term":[{"taxonomy":"category","embeddable":true,"href":"https:\/\/monde25.info\/index.php\/wp-json\/wp\/v2\/categories?post=19447"},{"taxonomy":"post_tag","embeddable":true,"href":"https:\/\/monde25.info\/index.php\/wp-json\/wp\/v2\/tags?post=19447"}],"curies":[{"name":"wp","href":"https:\/\/api.w.org\/{rel}","templated":true}]}}