{"id":19459,"date":"2025-11-16T00:58:40","date_gmt":"2025-11-15T23:58:40","guid":{"rendered":"https:\/\/monde25.info\/index.php\/2025\/11\/16\/en-amazonie-les-terres-des-descendants-desclaves-accaparees-par-de-riches-proprietaires\/"},"modified":"2025-11-16T00:58:40","modified_gmt":"2025-11-15T23:58:40","slug":"en-amazonie-les-terres-des-descendants-desclaves-accaparees-par-de-riches-proprietaires","status":"publish","type":"post","link":"https:\/\/monde25.info\/index.php\/2025\/11\/16\/en-amazonie-les-terres-des-descendants-desclaves-accaparees-par-de-riches-proprietaires\/","title":{"rendered":"En Amazonie, les terres des descendants d&#039;esclaves accapar\u00e9es par de riches propri\u00e9taires"},"content":{"rendered":"<p> <br \/>\n<br \/><img loading=\"lazy\" decoding=\"async\" src=\"https:\/\/reporterre.net\/local\/cache-vignettes\/L700xH467\/copadessinatrenta-fc0ed.jpg?1763135998\" class=\"spip_logo\" width=\"700\" height=\"467\" alt=\"\" \/><\/p>\n<p>Pr\u00e8s de Bel\u00e9m, h\u00f4te de la <span class=\"caps\">COP30<\/span>, des communaut\u00e9s fond\u00e9es au <span class=\"caps\">XIX<\/span><sup class=\"typo_exposants\">e<\/sup> si\u00e8cle par des esclaves en fuite sont aujourd&rsquo;hui victimes d&rsquo;agressions, de menaces de mort et de corruption. Derri\u00e8re ces violences\u00a0: une agro-industrie d\u00e9vorante. <br class=\"autobr\" \/><br \/>\n\u00cele de Maraj\u00f3 (Br\u00e9sil), reportage <br class=\"autobr\" \/><br \/>\nL&rsquo;histoire est digne d&rsquo;un mauvais western. En 2023, Antonio Carlos Lima, dit Toninho, partait inspecter un des champs de manioc, past\u00e8ques et potirons que cultive sa communaut\u00e9 de Provid\u00eancia. Le village, situ\u00e9 \u00e0 deux heures de\u00a0(\u2026)<\/p>\n<p>                    <a target=\"_blank\" href=\"https:\/\/reporterre.net\/En-Amazonie-les-terres-des-descendants-d-esclaves-accaparees-par-de-riches-proprietaires?utm_source=RSS&amp;utm_medium=RSS\">Lire la suite<\/a><\/p>\n<p>                    &#8211;<br \/>\n                        <a target=\"_blank\" href=\"https:\/\/reporterre.net\/Reportage\" rel=\"directory\">Reportage<\/a><\/p>\n<p>                    \/<br \/>\n                        <a target=\"_blank\" href=\"https:\/\/reporterre.net\/COP30\" rel=\"tag\"><span class=\"caps\">COP30<\/span><\/a><br \/>\n<br \/><br \/>\n<br \/><a href=\"https:\/\/reporterre.net\/En-Amazonie-les-terres-des-descendants-d-esclaves-accaparees-par-de-riches-proprietaires\" target=\"_blank\"\">Source link <\/a><\/p>\n","protected":false},"excerpt":{"rendered":"<p>Pr\u00e8s de Bel\u00e9m, h\u00f4te de la COP30, des communaut\u00e9s fond\u00e9es au XIXe si\u00e8cle par des esclaves en fuite sont aujourd&rsquo;hui victimes d&rsquo;agressions, de menaces de mort et de corruption. Derri\u00e8re&hellip; <\/p>\n","protected":false},"author":1,"featured_media":0,"comment_status":"open","ping_status":"open","sticky":false,"template":"","format":"standard","meta":{"footnotes":""},"categories":[1],"tags":[],"class_list":["post-19459","post","type-post","status-publish","format-standard","hentry","category-non-classe"],"_links":{"self":[{"href":"https:\/\/monde25.info\/index.php\/wp-json\/wp\/v2\/posts\/19459","targetHints":{"allow":["GET"]}}],"collection":[{"href":"https:\/\/monde25.info\/index.php\/wp-json\/wp\/v2\/posts"}],"about":[{"href":"https:\/\/monde25.info\/index.php\/wp-json\/wp\/v2\/types\/post"}],"author":[{"embeddable":true,"href":"https:\/\/monde25.info\/index.php\/wp-json\/wp\/v2\/users\/1"}],"replies":[{"embeddable":true,"href":"https:\/\/monde25.info\/index.php\/wp-json\/wp\/v2\/comments?post=19459"}],"version-history":[{"count":0,"href":"https:\/\/monde25.info\/index.php\/wp-json\/wp\/v2\/posts\/19459\/revisions"}],"wp:attachment":[{"href":"https:\/\/monde25.info\/index.php\/wp-json\/wp\/v2\/media?parent=19459"}],"wp:term":[{"taxonomy":"category","embeddable":true,"href":"https:\/\/monde25.info\/index.php\/wp-json\/wp\/v2\/categories?post=19459"},{"taxonomy":"post_tag","embeddable":true,"href":"https:\/\/monde25.info\/index.php\/wp-json\/wp\/v2\/tags?post=19459"}],"curies":[{"name":"wp","href":"https:\/\/api.w.org\/{rel}","templated":true}]}}