{"id":19464,"date":"2025-11-16T04:49:38","date_gmt":"2025-11-16T03:49:38","guid":{"rendered":"https:\/\/monde25.info\/index.php\/2025\/11\/16\/la-station-de-lalpe-du-grand-serre-ne-fermera-pas-cette-annee-un-delai-pour-reflechir-a-la-transition\/"},"modified":"2025-11-16T04:49:38","modified_gmt":"2025-11-16T03:49:38","slug":"la-station-de-lalpe-du-grand-serre-ne-fermera-pas-cette-annee-un-delai-pour-reflechir-a-la-transition","status":"publish","type":"post","link":"https:\/\/monde25.info\/index.php\/2025\/11\/16\/la-station-de-lalpe-du-grand-serre-ne-fermera-pas-cette-annee-un-delai-pour-reflechir-a-la-transition\/","title":{"rendered":"La station de l&#039;Alpe du Grand Serre ne fermera pas cette ann\u00e9e\u00a0: \u00ab\u00a0Un d\u00e9lai pour r\u00e9fl\u00e9chir \u00e0 la transition\u00a0\u00bb"},"content":{"rendered":"<p> <br \/>\n<br \/><img loading=\"lazy\" decoding=\"async\" src=\"https:\/\/reporterre.net\/local\/cache-vignettes\/L700xH467\/afp__20250113__36tn82x__v1__highres__franceskitourismfeatures_1_-7629c.jpg?1763120728\" class=\"spip_logo\" width=\"700\" height=\"467\" alt=\"\" \/><\/p>\n<p>Un nouveau sursis a \u00e9t\u00e9 accord\u00e9 \u00e0 la station de l&rsquo;Alpe du Grand Serre, malgr\u00e9 un d\u00e9ficit \u00ab<small class=\"fine d-inline\">\u00a0<\/small>catastrophique<small class=\"fine d-inline\">\u00a0<\/small>\u00bb. Elle ouvrira encore cet hiver\u2026 sans visibilit\u00e9 sur son avenir. <br class=\"autobr\" \/><br \/>\nGrenoble (Is\u00e8re), correspondance <br class=\"autobr\" \/><br \/>\nNouveau rebondissement pour l&rsquo;Alpe du Grand Serre, station de ski de moyenne montagne nich\u00e9e dans le massif du Taillefer, sur la commune de La Morte, en Is\u00e8re. La \u00ab<small class=\"fine d-inline\">\u00a0<\/small>plus grande des petites stations<small class=\"fine d-inline\">\u00a0<\/small>\u00bb, en sursis depuis plusieurs ann\u00e9es, se retrouvait de nouveau au pied du mur \u00e0\u00a0(\u2026)<\/p>\n<p>                    <a target=\"_blank\" href=\"https:\/\/reporterre.net\/Ski-encore-un-an-de-glisse-avant-l-eventuelle-fermeture-de-l-Alpe-du-Grand-Serre?utm_source=RSS&amp;utm_medium=RSS\">Lire la suite<\/a><\/p>\n<p>                    &#8211;<br \/>\n                        <a target=\"_blank\" href=\"https:\/\/reporterre.net\/Autres-infos\" rel=\"directory\">Info<\/a><\/p>\n<p>                    \/<br \/>\n                        <a target=\"_blank\" href=\"https:\/\/reporterre.net\/Montagne\" rel=\"tag\">Montagne<\/a><br \/>\n<br \/><br \/>\n<br \/><a href=\"https:\/\/reporterre.net\/Ski-encore-un-an-de-glisse-avant-l-eventuelle-fermeture-de-l-Alpe-du-Grand-Serre\" target=\"_blank\"\">Source link <\/a><\/p>\n","protected":false},"excerpt":{"rendered":"<p>Un nouveau sursis a \u00e9t\u00e9 accord\u00e9 \u00e0 la station de l&rsquo;Alpe du Grand Serre, malgr\u00e9 un d\u00e9ficit \u00ab\u00a0catastrophique\u00a0\u00bb. Elle ouvrira encore cet hiver\u2026 sans visibilit\u00e9 sur son avenir. Grenoble (Is\u00e8re),&hellip; <\/p>\n","protected":false},"author":1,"featured_media":0,"comment_status":"open","ping_status":"open","sticky":false,"template":"","format":"standard","meta":{"footnotes":""},"categories":[1],"tags":[],"class_list":["post-19464","post","type-post","status-publish","format-standard","hentry","category-non-classe"],"_links":{"self":[{"href":"https:\/\/monde25.info\/index.php\/wp-json\/wp\/v2\/posts\/19464","targetHints":{"allow":["GET"]}}],"collection":[{"href":"https:\/\/monde25.info\/index.php\/wp-json\/wp\/v2\/posts"}],"about":[{"href":"https:\/\/monde25.info\/index.php\/wp-json\/wp\/v2\/types\/post"}],"author":[{"embeddable":true,"href":"https:\/\/monde25.info\/index.php\/wp-json\/wp\/v2\/users\/1"}],"replies":[{"embeddable":true,"href":"https:\/\/monde25.info\/index.php\/wp-json\/wp\/v2\/comments?post=19464"}],"version-history":[{"count":0,"href":"https:\/\/monde25.info\/index.php\/wp-json\/wp\/v2\/posts\/19464\/revisions"}],"wp:attachment":[{"href":"https:\/\/monde25.info\/index.php\/wp-json\/wp\/v2\/media?parent=19464"}],"wp:term":[{"taxonomy":"category","embeddable":true,"href":"https:\/\/monde25.info\/index.php\/wp-json\/wp\/v2\/categories?post=19464"},{"taxonomy":"post_tag","embeddable":true,"href":"https:\/\/monde25.info\/index.php\/wp-json\/wp\/v2\/tags?post=19464"}],"curies":[{"name":"wp","href":"https:\/\/api.w.org\/{rel}","templated":true}]}}