{"id":1947,"date":"2024-12-11T04:20:42","date_gmt":"2024-12-11T03:20:42","guid":{"rendered":"https:\/\/monde25.info\/index.php\/2024\/12\/11\/lheritage-occulte-de-messali-hadj-par-selim-derkaoui-le-monde-diplomatique-decembre-2024\/"},"modified":"2024-12-11T04:20:42","modified_gmt":"2024-12-11T03:20:42","slug":"lheritage-occulte-de-messali-hadj-par-selim-derkaoui-le-monde-diplomatique-decembre-2024","status":"publish","type":"post","link":"https:\/\/monde25.info\/index.php\/2024\/12\/11\/lheritage-occulte-de-messali-hadj-par-selim-derkaoui-le-monde-diplomatique-decembre-2024\/","title":{"rendered":"L\u2019h\u00e9ritage occult\u00e9 de Messali Hadj, par Selim Derkaoui (Le Monde diplomatique, d\u00e9cembre 2024)"},"content":{"rendered":"<p> <br \/>\n<\/p>\n<div>\n<p class=\"crayon article-surtitre-67844 surtitre\">Soixante-dix ans apr\u00e8s la \u00ab<small class=\"fine\">\u00a0<\/small>guerre entre Alg\u00e9riens<small class=\"fine\">\u00a0<\/small>\u00bb<\/p>\n<div class=\"crayon article-chapo-67844 chapo\">\n<p>La France vient d\u2019admettre sa responsabilit\u00e9 dans l\u2019assassinat, en mars\u00a01957, du chef ind\u00e9pendantiste Larbi Ben M\u2019hidi lors de la bataille d\u2019Alger. Si cette reconnaissance l\u00e8ve le voile sur certains non-dits de la guerre d\u2019Alg\u00e9rie, il reste aussi \u00e0 explorer d\u2019autres \u00e9pisodes, dont celui du conflit fratricide qui opposa le Front de lib\u00e9ration nationale (FLN) et le Mouvement national alg\u00e9rien (MNA).<\/p>\n<\/div><\/div>\n<div couleurfade=\"e7e5e6\" couleurclaire=\"e6e4e4\" couleurpale=\"d6c1c6\" couleurmi=\"6a6163\" couleurfoncee=\"603843\" couleursombre=\"1a1818\" couleurfond=\"504c4d\" couleurtexte=\"ffffff\">\n<div class=\"enapercu\">\n<figure class=\"spip_document_33824 spip_documents spip_documents_center xl\" style=\"width:890px;\">\n<div class=\"limage\">\n<p>\t\t\t<img loading=\"lazy\" decoding=\"async\" src=\"https:\/\/www.monde-diplomatique.fr\/\/local\/cache-vignettes\/L890xH848\/img019-60-4af05.jpg?1732813462\" width=\"890\" height=\"848\" class=\"spip_logos\" alt=\"JPEG - 193.9\u00a0ko\"\/><\/p><\/div><figcaption>\n<p>Dalila Dall\u00e9as Bouzar. \u2013 \u00ab<small class=\"fine\">\u00a0<\/small>Vichy Era in Algeria #2<small class=\"fine\">\u00a0<\/small>\u00bb (L\u2019\u00e8re de Vichy en Alg\u00e9rie 82), de la s\u00e9rie \u00ab<small class=\"fine\">\u00a0<\/small>Alg\u00e9rie ann\u00e9e 0<small class=\"fine\">\u00a0<\/small>\u00bb, 2012<\/p>\n<p>\u00a9 ADAGP, Paris, 2024 &#8211; Galerie C\u00e9cile Fakhoury, Abidjan, Dakar, Paris\n<\/p>\n<\/figcaption><\/figure>\n<p><span class=\"mot-lettrine\"><span class=\"lettrine\">L\u2019<\/span>histoire<\/span> est toujours \u00e9crite par les vainqueurs. Le c\u00e9l\u00e8bre adage n\u2019\u00e9pargne pas les protagonistes du combat ind\u00e9pendantiste alg\u00e9rien. En 1962, \u00e0 la suite des accords d\u2019\u00c9vian, le pays s\u2019affranchit du joug colonial fran\u00e7ais gr\u00e2ce au Front de lib\u00e9ration nationale (FLN). D\u00e8s l\u2019ind\u00e9pendance, ce parti interdit son rival, qu\u2019il affrontait en pleine guerre d\u2019Alg\u00e9rie (1954-1962)\u00a0: le Mouvement national alg\u00e9rien (MNA). Messali Hadj, figure r\u00e9volutionnaire d\u2019une ind\u00e9pendance qu\u2019il r\u00e9clama d\u00e8s 1927, en fut le fondateur et le dirigeant jusqu\u2019\u00e0 sa mort en exil, en 1974. Marginalis\u00e9 pendant le conflit, interdit ensuite de retour dans son pays natal par les r\u00e9gimes respectifs d\u2019Ahmed Ben Bella et Houari Boumedi\u00e8ne, il est encore la source de vives tensions, et son nom menace de r\u00e9veiller \u00e0 chaque instant des plaies jamais cicatris\u00e9es. <i>\u00ab<small class=\"fine\">\u00a0<\/small>Pourquoi occulte-t-on la m\u00e9moire du MNA<small class=\"fine\">\u00a0<\/small>?,<\/i> interroge l\u2019historien et petit-fils de partisan du MNA Nedjib Sidi Moussa, auteur d\u2019un ouvrage de r\u00e9f\u00e9rence sur le mouvement messaliste. <i>Ce parti reste aujourd\u2019hui associ\u00e9 \u00e0 une comp\u00e9tition violente avec le FLN, sans prendre en consid\u00e9ration sa contribution positive au mouvement nationaliste et ind\u00e9pendantiste. Pour nombre d\u2019Alg\u00e9riens, les messalistes ont jou\u00e9 le m\u00eame r\u00f4le que les harkis.<small class=\"fine\">\u00a0<\/small>\u00bb<\/i> Cette confusion avec ceux que la majorit\u00e9 des Alg\u00e9riens consid\u00e8rent comme des tra\u00eetres parce qu\u2019ils ont servi dans l\u2019arm\u00e9e fran\u00e7aise p\u00e8se encore tr\u00e8s lourd dans la mani\u00e8re dont sont appr\u00e9hend\u00e9s les messalistes.<\/p>\n<p>\u00c2g\u00e9 de 93\u00a0ans, M.\u00a0Idir Boudjemil est un ancien fid\u00e8le de Messali Hadj. Arriv\u00e9 en France en 1953, il cotisait au Mouvement pour le triomphe des libert\u00e9s d\u00e9mocratiques (MTLD), pr\u00e9d\u00e9cesseur du MNA, et travaillait \u00e0 l\u2019usine en r\u00e9gion parisienne puis dans le nord de la France, deux creusets d\u2019importance pour le parti. \u00c0 l\u2019\u00e9poque, de nombreux ouvriers alg\u00e9riens travaillaient dans des usines comme celles de Renault ou de Citro\u00ebn implant\u00e9es dans le Nord, dans l\u2019Est ou encore dans le bassin lyonnais. Ils nouaient alors des liens avec la Conf\u00e9d\u00e9ration\u00a0(&#8230;)<\/p>\n<\/p><\/div>\n<p>Taille de l\u2019article complet\u00a0:\u00a0<span>2\u00a0346<\/span>\u00a0mots.<\/p>\n<div class=\"promo_dispo_article\">\n<h2 class=\"avantbloc\">\n\tCet article est r\u00e9serv\u00e9 aux\u00a0abonn\u00e9s<\/p>\n<\/h2>\n<div class=\"abo_inst\">\n\t<strong>Lyc\u00e9es, biblioth\u00e8ques, administrations, entreprises,<\/strong><br \/>\n\tacc\u00e9dez \u00e0 la base de donn\u00e9es en ligne de tous les articles du <i>Monde diplomatique<\/i> de 1954 \u00e0 nos\u00a0jours.<br \/>\n\t<a target=\"_blank\" id=\"pw-institutions\" class=\"suivi\" href=\"https:\/\/www.monde-diplomatique.fr\/archives\/institutions\">Retrouvez cette\u00a0offre sp\u00e9cifique<\/a>.\n<\/div>\n<\/div><\/div>\n<p><br \/>\n<br \/><a href=\"https:\/\/www.monde-diplomatique.fr\/2024\/12\/DERKAOUI\/67844\" target=\"_blank\"\">Source link <\/a><\/p>\n","protected":false},"excerpt":{"rendered":"<p>Soixante-dix ans apr\u00e8s la \u00ab\u00a0guerre entre Alg\u00e9riens\u00a0\u00bb La France vient d\u2019admettre sa responsabilit\u00e9 dans l\u2019assassinat, en mars\u00a01957, du chef ind\u00e9pendantiste Larbi Ben M\u2019hidi lors de la bataille d\u2019Alger. Si cette&hellip; <\/p>\n","protected":false},"author":1,"featured_media":1948,"comment_status":"open","ping_status":"open","sticky":false,"template":"","format":"standard","meta":{"footnotes":""},"categories":[1],"tags":[],"class_list":["post-1947","post","type-post","status-publish","format-standard","has-post-thumbnail","hentry","category-non-classe"],"_links":{"self":[{"href":"https:\/\/monde25.info\/index.php\/wp-json\/wp\/v2\/posts\/1947","targetHints":{"allow":["GET"]}}],"collection":[{"href":"https:\/\/monde25.info\/index.php\/wp-json\/wp\/v2\/posts"}],"about":[{"href":"https:\/\/monde25.info\/index.php\/wp-json\/wp\/v2\/types\/post"}],"author":[{"embeddable":true,"href":"https:\/\/monde25.info\/index.php\/wp-json\/wp\/v2\/users\/1"}],"replies":[{"embeddable":true,"href":"https:\/\/monde25.info\/index.php\/wp-json\/wp\/v2\/comments?post=1947"}],"version-history":[{"count":0,"href":"https:\/\/monde25.info\/index.php\/wp-json\/wp\/v2\/posts\/1947\/revisions"}],"wp:featuredmedia":[{"embeddable":true,"href":"https:\/\/monde25.info\/index.php\/wp-json\/wp\/v2\/media\/1948"}],"wp:attachment":[{"href":"https:\/\/monde25.info\/index.php\/wp-json\/wp\/v2\/media?parent=1947"}],"wp:term":[{"taxonomy":"category","embeddable":true,"href":"https:\/\/monde25.info\/index.php\/wp-json\/wp\/v2\/categories?post=1947"},{"taxonomy":"post_tag","embeddable":true,"href":"https:\/\/monde25.info\/index.php\/wp-json\/wp\/v2\/tags?post=1947"}],"curies":[{"name":"wp","href":"https:\/\/api.w.org\/{rel}","templated":true}]}}