{"id":19470,"date":"2025-11-16T09:13:45","date_gmt":"2025-11-16T08:13:45","guid":{"rendered":"https:\/\/monde25.info\/index.php\/2025\/11\/16\/rdc-pas-de-paix-sous-les-oliviers-quatrieme-partie-la-fin-des-plans-du-grand-rwanda\/"},"modified":"2025-11-16T09:13:45","modified_gmt":"2025-11-16T08:13:45","slug":"rdc-pas-de-paix-sous-les-oliviers-quatrieme-partie-la-fin-des-plans-du-grand-rwanda","status":"publish","type":"post","link":"https:\/\/monde25.info\/index.php\/2025\/11\/16\/rdc-pas-de-paix-sous-les-oliviers-quatrieme-partie-la-fin-des-plans-du-grand-rwanda\/","title":{"rendered":"RDC : pas de paix \u00absous les oliviers\u00bb. Quatri\u00e8me partie : La fin des plans du Grand Rwanda ?"},"content":{"rendered":"<p> <br \/>\n<\/p>\n<div>\n<ol class=\"campaign-loop campaign-list\">\n<li id=\"campaign-482494\" class=\"post-482494 campaign type-campaign status-publish hentry campaign-has-goal campaign-has-not-achieved-goal campaign-has-end-date campaign-has-not-ended\">\n\t<a target=\"_blank\" href=\"https:\/\/reseauinternational.net\/campaigns\/campagne-de-dons-septembre-octobre-2025\/\"><\/p>\n<h3>Campagne de dons Octobre 2025<\/h3>\n<p>\t\t\t<\/a><\/p>\n<p>\n\tAppel aux dons \u2013 Votre soutien nous est indispensable pour continuer \u00e0 vous fournir le meilleur de l\u2019information internationale alternative. C\u2019est gr\u00e2ce \u00e0 vos dons que nous pourrons maintenir le cap pour une information plurielle et r\u00e9ellement alternative. Nous comptons sur vous.<\/p>\n<p>\n<span class=\"amount\">20 581,00\u00a0\u20ac<\/span> de l\u2019objectif de <span class=\"goal-amount\">25 000,00\u00a0\u20ac<\/span> atteint<\/p>\n<\/li>\n<\/ol>\n<p>par <strong>Viktor Goncharov<\/strong><\/p>\n<p><strong>Le fond de la politique rwandaise envers la RDC r\u00e9side dans une expansion territoriale \u00e0 long terme, avec des revendications sur plusieurs r\u00e9gions des \u00c9tats voisins, principalement la RDC, riches en ressources naturelles.<\/strong><\/p>\n<p>Une des raisons de la r\u00e9cente d\u00e9t\u00e9rioration marqu\u00e9e des relations entre la RDC et le Rwanda, <a target=\"_blank\" href=\"https:\/\/www.foreignaffairs.com\/democratic-republic-congo\/how-far-will-rwanda-go-congo\">selon les analystes de <em>Foreign Affairs<\/em><\/a>, est que les dirigeants de la RDC, du Burundi et de l\u2019Ouganda ont contourn\u00e9 le Rwanda en ne l\u2019invitant pas \u00e0 participer au projet multibillionnaire du \u00abcorridor de Lobito\u00bb, lanc\u00e9 par l\u2019administration Biden. Ce projet vise \u00e0 acc\u00e9l\u00e9rer le transport du coltan, de l\u2019or, de l\u2019\u00e9tain et d\u2019autres min\u00e9raux extraits en RDC vers le port angolais de Lobito, puis directement vers les pays occidentaux et les \u00c9tats-Unis, sans recourir aux services interm\u00e9diaires et de contrebande de Kigali.<\/p>\n<p>Dans cette situation, Paul Kagame, pr\u00e9sident rwandais aux ambitions bonapartistes, utilisant le groupe congolais tutsi M23, ethniquement proche de Kigali, a d\u00e9cid\u00e9 de d\u00e9montrer une fois de plus son r\u00f4le dominant dans la r\u00e9gion et de pr\u00e9server son acc\u00e8s aux richesses min\u00e9rales de l\u2019est de la RDC.<\/p>\n<p>Et il a largement r\u00e9ussi. Cela s\u2019explique par le fait que les autorit\u00e9s de Kigali avaient une parfaite conscience de l\u2019\u00e9tat de crise de cet \u00c9tat d\u2019Afrique centrale au territoire immense, et notamment de la d\u00e9sint\u00e9gration de ses forces arm\u00e9es, li\u00e9e \u00e0 une corruption effr\u00e9n\u00e9e dans les cercles militaires, au faible niveau d\u2019entra\u00eenement au combat des recrues et \u00e0 la r\u00e9mun\u00e9ration insuffisante des soldats du rang, qui ne s\u2019\u00e9l\u00e8ve qu\u2019\u00e0 100 dollars par mois.<\/p>\n<p><a target=\"_blank\" href=\"https:\/\/www.reuters.com\/world\/africa\/congo-army-desertion-trials-spotlight-force-tatters-2025-03-03\/\">Comme le rapporte une note de service de la mission de l\u2019ONU en RDC<\/a>, la nuit pr\u00e9c\u00e9dant la capture de Goma par les rebelles du M23, les hauts grad\u00e9s militaires et les autorit\u00e9s de la province du Nord-Kivu ont fui en bateau sur le lac Kivu en direction de Bukavu, abandonnant leurs soldats \u00e0 leur sort.<\/p>\n<p>Un tel comportement du commandement militaire a gravement affect\u00e9 le moral et l\u2019\u00e9tat psychologique des troupes. Il n\u2019est donc pas surprenant que des Congolais se soient ensuite rendus par centaines et aient rejoint les rangs du M23.<\/p>\n<p>Lors d\u2019un proc\u00e8s tenu d\u00e9but f\u00e9vrier de cette ann\u00e9e contre des militaires congolais, selon <em>France24<\/em>, plus de 260 soldats ont \u00e9t\u00e9 condamn\u00e9s \u00e0 mort pour d\u00e9sertion, pillages, viols et meurtres de civils commis lors des r\u00e9cents \u00e9v\u00e9nements dans l\u2019est du pays.<\/p>\n<p>Apr\u00e8s avoir captur\u00e9 en deux mois les villes de Goma et Bukavu, chefs-lieux des provinces du Nord et Sud-Kivu, ainsi que l\u2019a\u00e9roport strat\u00e9gique proche de Bukavu, le groupe M23, comptant plus de 8000 rebelles <a target=\"_blank\" href=\"https:\/\/www.nytimes.com\/2025\/02\/22\/world\/africa\/congo-rwanda-tshisekedi-interview.html\">selon l\u2019ONU<\/a> et \u00e9quip\u00e9 par Kigali de drones, de blind\u00e9s et de missiles sol-air, a \u00e9tabli, avec un contingent de troupes rwandaises estim\u00e9 par les experts de l\u2019ONU \u00e0 7000 combattants, le contr\u00f4le sur un territoire cinq fois plus grand que celui du Rwanda.<\/p>\n<p>Cependant, <a target=\"_blank\" href=\"https:\/\/www.crisisgroup.org\/africa\/great-lakes\/democratic-republic-congo\/fall-drcs-goma-urgent-action-needed-avert-regional-war\">comme le soulignent les experts du Groupe international de crise<\/a>, le fond de la politique rwandaise envers la RDC r\u00e9side moins dans l\u2019\u00e9radication du groupe rebelle \u00abForces d\u00e9mocratiques de lib\u00e9ration du Rwanda\u00bb op\u00e9rant depuis le territoire congolais, que dans une expansion territoriale \u00e0 long terme, avec des revendications sur plusieurs r\u00e9gions des \u00c9tats voisins, principalement la RDC, riches en ressources naturelles.<\/p>\n<p>Le pr\u00e9sident de la RDC, F\u00e9lix Tshisekedi, l\u2019a clairement indiqu\u00e9. S\u2019exprimant le 25 f\u00e9vrier de cette ann\u00e9e \u00e0 la Conf\u00e9rence de Munich sur la s\u00e9curit\u00e9, <a target=\"_blank\" href=\"https:\/\/qoshe.com\/deutsche-welle\/mimi-mefo-takambou\/calls-grow-for-congo-to-resolve-conflict-through-dialogue\/180842743\">il a soulign\u00e9<\/a> que l\u2019agression rwandaise dans l\u2019est de la RDC n\u2019est pas simplement un diff\u00e9rend frontalier, mais une politique expansionniste visant \u00e0 maintenir une instabilit\u00e9 permanente dans la province du Nord-Kivu afin de piller les gisements de coltan, de tungst\u00e8ne, d\u2019\u00e9tain et de tantale.<\/p>\n<p>Derri\u00e8re la rh\u00e9torique de Kigali sur l\u2019autod\u00e9fense et sa participation aux efforts de m\u00e9diation de l\u2019Union africaine pour r\u00e9soudre le conflit, de nombreux experts discernent la volont\u00e9 du pr\u00e9sident Paul Kagame, profitant des succ\u00e8s militaires du M23, d\u2019exploiter la faiblesse du r\u00e9gime congolais pour r\u00e9aliser son vieux r\u00eave de reconstituer un \u00abGrand Rwanda\u00bb, un projet dont il a maintes fois parl\u00e9 ouvertement.<\/p>\n<p><a target=\"_blank\" href=\"https:\/\/www.foreignaffairs.com\/democratic-republic-congo\/how-far-will-rwanda-go-congo\">Selon les t\u00e9moignages de plusieurs personnalit\u00e9s rwandaises<\/a>, notamment l\u2019ancien ambassadeur du Rwanda aux \u00c9tats-Unis et chef de cabinet du pr\u00e9sident, Theogene Rudasingwa, \u00ab<em>lorsque j\u2019\u00e9tais membre du cabinet minist\u00e9riel, Paul Kagame \u00e9voquait constamment l\u2019id\u00e9e de cr\u00e9er un \u00abGrand Rwanda\u00bb<\/em>\u00bb.<\/p>\n<p>De plus, lors d\u2019une visite officielle au B\u00e9nin en avril 2023, Paul Kagame a affirm\u00e9 que les fronti\u00e8res pr\u00e9coloniales du Royaume du Rwanda s\u2019\u00e9tendaient bien au-del\u00e0 des fronti\u00e8res actuelles du pays, couvrant des territoires de l\u2019actuelle RDC \u00e0 l\u2019ouest, du Burundi au sud et de l\u2019Ouganda au nord.<\/p>\n<p>Cette th\u00e8se a \u00e9t\u00e9 reprise par les intellectuels et politologues rwandais et r\u00e9cemment largement utilis\u00e9e pour justifier la l\u00e9gitimit\u00e9 historique de ce projet. Quant au g\u00e9n\u00e9ral \u00e0 la retraite James Kabarebe, ministre de la Coop\u00e9ration r\u00e9gionale, <a target=\"_blank\" href=\"https:\/\/yandex.ru\/search\/?text=is+tiny+rwanda+the+svengal+of+chaos+and+violence+in+central+africa+mercator+28.2.2025&amp;clid=2270456&amp;search_source=dzen_desktop_safe&amp;src=suggest_Pers&amp;lr=117062\">il a d\u00e9clar\u00e9 cat\u00e9goriquement<\/a> en octobre 2024, \u00e9voquant le conflit avec la RDC, que les provinces congolaises du Kivu (Nord et Sud) sont historiquement des terres rwandaises, \u00abinjustement\u00bb arrach\u00e9es au Rwanda par les colonisateurs europ\u00e9ens.<\/p>\n<p>Dans ce contexte, en \u00e9valuant les \u00e9v\u00e9nements r\u00e9cents, les analystes et diplomates se demandent si Kagame envisageait de d\u00e9membrer la RDC en parties distinctes pour mieux promouvoir ses int\u00e9r\u00eats \u00e9conomiques et politiques, ou s\u2019il comptait se limiter \u00e0 une \u00abbalkanisation\u00bb des r\u00e9gions orientales de la RDC conquises par le M23, en les laissant nominalement sous l\u2019administration de Kinshasa, mais en \u00e9tablissant un contr\u00f4le sur les principales villes et gisements min\u00e9raux via des administrations locales fantoches.<\/p>\n<p><a target=\"_blank\" href=\"https:\/\/africacenter.org\/spotlight\/risk-of-regional-conflict-following-fall-of-goma-and-m23-offensive-in-the-drc\/\">Comme le souligne le Centre d\u2019\u00e9tudes strat\u00e9giques de l\u2019Afrique des \u00c9tats-Unis<\/a>, l\u2019op\u00e9ration militaire habilement planifi\u00e9e et rapidement ex\u00e9cut\u00e9e par le M23 pour capturer la ville strat\u00e9gique de Goma, suivie de mesures visant \u00e0 \u00e9tablir sa propre administration, indique que le groupe rebelle et ses parrains r\u00e9gionaux ont pour objectif \u00e0 long terme de maintenir et d\u2019\u00e9tendre leur pr\u00e9sence territoriale.<\/p>\n<p><a target=\"_blank\" href=\"https:\/\/ya.ru\/search\/?text=fallof+drc%27s+goma%3Aurgent+action++needed+to+avert+a+regional+war&amp;lr=117062&amp;clid=2270453&amp;win=472&amp;search_source=yaru_desktop_common&amp;search_domain=yaru\">Les experts du Groupe international de crise le soulignent \u00e9galement<\/a>, estimant que l\u2019objectif principal du Rwanda r\u00e9side moins dans l\u2019\u00e9radication du groupe rebelle \u00abForces d\u00e9mocratiques de lib\u00e9ration du Rwanda\u00bb op\u00e9rant depuis le territoire congolais, que dans une expansion territoriale \u00e0 long terme visant \u00e0 s\u2019emparer de r\u00e9gions riches en min\u00e9raux.<\/p>\n<p>Mais cela ne signifie absolument pas, <a target=\"_blank\" href=\"https:\/\/africacenter.org\/spotlight\/drc-conflict-new-phase\/\">estiment les experts<\/a> du Centre d\u2019\u00e9tudes strat\u00e9giques de l\u2019Afrique, que Kigali s\u2019arr\u00eatera dans la r\u00e9alisation de ses ambitions territoriales, car de nouvelles perspectives s\u2019ouvrent \u00e0 lui dans ce cas. Le fait est qu\u2019apr\u00e8s les menaces des chefs du M23 selon lesquelles ils entendent poursuivre leur progression vers Kinshasa, des tensions se sont r\u00e9cemment exacerb\u00e9es dans le chef-lieu de la province de la Tshopo, Kisangani, au nord-est, et dans la capitale provinciale du Katanga, Lubumbashi, au sud-est, o\u00f9 une recrudescence des sentiments s\u00e9paratistes est r\u00e9guli\u00e8rement observ\u00e9e.<\/p>\n<p>Dans ces conditions, le pr\u00e9sident rwandais, <a target=\"_blank\" href=\"https:\/\/www.africa-confidential.com\/article-preview\/id\/15354\/as-kinshasa-fumes%2C-kigali-plots-its-next-move\">constate <em>Africa Confidential<\/em><\/a>, sans tenir compte de l\u2019avis de ses voisins dirigeants des \u00c9tats africains qui semblent s\u2019\u00eatre r\u00e9sign\u00e9s au fait qu\u2019il ait plac\u00e9 sous son contr\u00f4le de vastes territoires dans l\u2019est du Congo, s\u2019est mis \u00e0 d\u00e9placer les pi\u00e8ces sur l\u2019\u00e9chiquier r\u00e9gional selon son bon vouloir.<\/p>\n<p>Les \u00e9v\u00e9nements r\u00e9cents, <a target=\"_blank\" href=\"https:\/\/responsiblestatecraft.org\/m23-rwanda\/\">r\u00e9sume<\/a> le m\u00e9dia am\u00e9ricain, li\u00e9s \u00e0 la capture de vastes territoires dans l\u2019est du pays o\u00f9 le M23, soutenu par le Rwanda, \u00e9tablit ses propres administrations locales en nommant des maires de villes comme \u00e0 Goma et Bukavu, en cr\u00e9ant des services fiscaux et en formant des unit\u00e9s de police, constituent une preuve convaincante des intentions s\u00e9rieuses du Rwanda de redessiner la carte g\u00e9opolitique de la r\u00e9gion des Grands Lacs africains.<\/p>\n<p>Mais l\u2019int\u00e9r\u00eat manifeste de l\u2019administration am\u00e9ricaine actuelle pour l\u2019exploitation des ressources min\u00e9rales congolaises pourrait mettre un terme d\u00e9finitif aux plans de Kigali.<\/p>\n<p>source : <a target=\"_blank\" href=\"https:\/\/journal-neo.su\/fr\/2025\/11\/15\/rdc-pas-de-paix-sous-les-oliviers-quatrieme-partie-la-fin-des-plans-du-grand-rwanda\/\">New Eastern Outlook<\/a><\/p>\n<div class=\"sharedaddy sd-block sd-like jetpack-likes-widget-wrapper jetpack-likes-widget-unloaded\" id=\"like-post-wrapper-237719536-494524-69198362bbf5f\" data-src=\"https:\/\/widgets.wp.com\/likes\/?ver=15.0.2#blog_id=237719536&amp;post_id=494524&amp;origin=reseauinternational.net&amp;obj_id=237719536-494524-69198362bbf5f\" data-name=\"like-post-frame-237719536-494524-69198362bbf5f\" data-title=\"Aimer ou rebloguer\">\n<h3 class=\"sd-title\">J\u2019aime \u00e7a\u00a0:<\/h3>\n<p><span class=\"button\"><span>J\u2019aime<\/span><\/span> <span class=\"loading\">chargement\u2026<\/span><\/p>\n<p><span class=\"sd-text-color\"\/><a target=\"_blank\" class=\"sd-link-color\"\/><\/div>\n<p><meta itemscope=\"\" itemprop=\"mainEntityOfPage\" itemtype=\"https:\/\/schema.org\/WebPage\" itemid=\"https:\/\/reseauinternational.net\/rdc-pas-de-paix-sous-les-oliviers-quatrieme-partie-la-fin-des-plans-du-grand-rwanda\/\"\/><meta itemprop=\"headline\" content=\"RDC : pas de paix \u00absous les oliviers\u00bb. Quatri\u00e8me partie : La fin des plans du Grand Rwanda ?\"\/><span style=\"display: none;\" itemprop=\"author\" itemscope=\"\" itemtype=\"https:\/\/schema.org\/Person\"><meta itemprop=\"name\" content=\"R\u00e9seau International\"\/><\/span><span style=\"display: none;\" itemprop=\"image\" itemscope=\"\" itemtype=\"https:\/\/schema.org\/ImageObject\"><meta itemprop=\"url\" content=\"https:\/\/i0.wp.com\/reseauinternational.net\/wp-content\/uploads\/2025\/11\/Sans-titre-2-14.png?fit=800%2C467&amp;ssl=1\"\/><meta itemprop=\"width\" content=\"800\"\/><meta itemprop=\"height\" content=\"467\"\/><\/span><span style=\"display: none;\" itemprop=\"publisher\" itemscope=\"\" itemtype=\"https:\/\/schema.org\/Organization\"><span style=\"display: none;\" itemprop=\"logo\" itemscope=\"\" itemtype=\"https:\/\/schema.org\/ImageObject\"><meta itemprop=\"url\" content=\"https:\/\/reseauinternational.net\/wp-content\/uploads\/2022\/06\/Capture-de\u0301cran-2022-06-14-a\u0300-16.51.07.png\"\/><\/span><meta itemprop=\"name\" content=\"R\u00e9seau International\"\/><\/span><meta itemprop=\"datePublished\" content=\"2025-11-16T08:54:21+00:00\"\/><meta itemprop=\"dateModified\" content=\"2025-11-16T08:54:52+00:00\"\/><\/div>\n<p><br \/>\n<br \/><a href=\"https:\/\/reseauinternational.net\/rdc-pas-de-paix-sous-les-oliviers-quatrieme-partie-la-fin-des-plans-du-grand-rwanda\/\" target=\"_blank\"\">Source link <\/a><\/p>\n","protected":false},"excerpt":{"rendered":"<p>Campagne de dons Octobre 2025 Appel aux dons \u2013 Votre soutien nous est indispensable pour continuer \u00e0 vous fournir le meilleur de l\u2019information internationale alternative. C\u2019est gr\u00e2ce \u00e0 vos dons&hellip; <\/p>\n","protected":false},"author":1,"featured_media":19471,"comment_status":"open","ping_status":"open","sticky":false,"template":"","format":"standard","meta":{"footnotes":""},"categories":[1],"tags":[],"class_list":["post-19470","post","type-post","status-publish","format-standard","has-post-thumbnail","hentry","category-non-classe"],"_links":{"self":[{"href":"https:\/\/monde25.info\/index.php\/wp-json\/wp\/v2\/posts\/19470","targetHints":{"allow":["GET"]}}],"collection":[{"href":"https:\/\/monde25.info\/index.php\/wp-json\/wp\/v2\/posts"}],"about":[{"href":"https:\/\/monde25.info\/index.php\/wp-json\/wp\/v2\/types\/post"}],"author":[{"embeddable":true,"href":"https:\/\/monde25.info\/index.php\/wp-json\/wp\/v2\/users\/1"}],"replies":[{"embeddable":true,"href":"https:\/\/monde25.info\/index.php\/wp-json\/wp\/v2\/comments?post=19470"}],"version-history":[{"count":0,"href":"https:\/\/monde25.info\/index.php\/wp-json\/wp\/v2\/posts\/19470\/revisions"}],"wp:featuredmedia":[{"embeddable":true,"href":"https:\/\/monde25.info\/index.php\/wp-json\/wp\/v2\/media\/19471"}],"wp:attachment":[{"href":"https:\/\/monde25.info\/index.php\/wp-json\/wp\/v2\/media?parent=19470"}],"wp:term":[{"taxonomy":"category","embeddable":true,"href":"https:\/\/monde25.info\/index.php\/wp-json\/wp\/v2\/categories?post=19470"},{"taxonomy":"post_tag","embeddable":true,"href":"https:\/\/monde25.info\/index.php\/wp-json\/wp\/v2\/tags?post=19470"}],"curies":[{"name":"wp","href":"https:\/\/api.w.org\/{rel}","templated":true}]}}