{"id":19474,"date":"2025-11-16T10:19:40","date_gmt":"2025-11-16T09:19:40","guid":{"rendered":"https:\/\/monde25.info\/index.php\/2025\/11\/16\/a-trappes-la-gauche-unitaire-lance-sa-marche-vers-une-primaire-en-2026-rt-en-francais\/"},"modified":"2025-11-16T10:19:40","modified_gmt":"2025-11-16T09:19:40","slug":"a-trappes-la-gauche-unitaire-lance-sa-marche-vers-une-primaire-en-2026-rt-en-francais","status":"publish","type":"post","link":"https:\/\/monde25.info\/index.php\/2025\/11\/16\/a-trappes-la-gauche-unitaire-lance-sa-marche-vers-une-primaire-en-2026-rt-en-francais\/","title":{"rendered":"\u00c0 Trappes, la gauche unitaire lance sa marche vers une primaire en 2026 \u2014 RT en fran\u00e7ais"},"content":{"rendered":"<p> <br \/>\n<br \/><img decoding=\"async\" src=\"https:\/\/mf.b37mrtl.ru\/french\/images\/2025.11\/thumbnail\/691984106f7ccc2055283a12.jpg\" \/><\/p>\n<div>\n<p class=\"text__summary\">\n                                        La gauche unitaire a annonc\u00e9 une primaire en automne 2026 pour d\u00e9signer un candidat unique \u00e0 la pr\u00e9sidentielle de 2027. Malgr\u00e9 les r\u00e9ticences de M\u00e9lenchon et Glucksmann, plusieurs responsables politiques d\u00e9fendent la n\u00e9cessit\u00e9 de l\u2019union. La d\u00e9marche reste toutefois fragilis\u00e9e par les divisions internes et la concurrence d\u2019autres mouvements.\n                                    <\/p>\n<p data-start=\"85\" data-end=\"637\">La gauche unitaire, engag\u00e9e dans la construction d\u2019une candidature commune pour la pr\u00e9sidentielle de 2027, s\u2019est retrouv\u00e9e\u00a0le 15 novembre \u00e0 Trappes (Yvelines) pour affirmer la n\u00e9cessit\u00e9 d\u2019une alliance face \u00e0 <a target=\"_blank\" href=\"https:\/\/francais.rt.com\/france\/127365-union-droites-europeennes-fait-vaciller-devoir-vigilance-entreprises\">l\u2019extr\u00eame droite<\/a> et annoncer la tenue d\u2019une primaire \u00e0 l\u2019automne 2026.<\/p>\n<p data-start=\"85\" data-end=\"637\">R\u00e9unis autour de Lucie Castets, propos\u00e9e pour le poste de Premier ministre par la gauche unie en 2024, les repr\u00e9sentants du PS, des \u00c9cologistes, de L\u2019Apr\u00e8s, de Debout ! et de G\u00e9n\u00e9ration.s ont voulu donner corps \u00e0 l\u2019engagement pris \u00e0 Bagneux : d\u00e9signer un seul candidat pour 2027.<\/p>\n<h2 data-start=\"85\" data-end=\"637\">Loin du consensus<\/h2>\n<p data-start=\"85\" data-end=\"637\">Si les figures les mieux plac\u00e9es dans les sondages, Jean-Luc M\u00e9lenchon et Rapha\u00ebl Glucksmann, refusent encore de participer \u00e0 ce processus, persuad\u00e9es de pouvoir incarner le \u00ab vote utile \u00bb, les promoteurs de l\u2019union s\u2019appuient sur un <a target=\"_blank\" href=\"https:\/\/francais.rt.com\/france\/127344-suspension-reforme-retraites-assemblee-vote-gel-jusqu-en-2028\">sondage<\/a> Elabe indiquant que 72 % des \u00e9lecteurs du Nouveau Front populaire souhaitent une candidature unique. \u00ab Quand nous allons donner la date, cela va cr\u00e9er une dynamique \u00bb, assure Lucie Castets, tandis que Marine Tondelier souligne l\u2019\u00e2pret\u00e9 de la bataille politique \u00e0 mener.<\/p>\n<p data-start=\"1152\" data-end=\"1656\">Trois candidats sont d\u00e9j\u00e0 d\u00e9clar\u00e9s pour la primaire : Fran\u00e7ois Ruffin, Cl\u00e9mentine Autain et Marine Tondelier, qui devrait \u00eatre investie d\u00e9but d\u00e9cembre. Olivier Faure, lui, n\u2019a pas arr\u00eat\u00e9 sa d\u00e9cision, malgr\u00e9 les d\u00e9bats internes au PS o\u00f9 certains pr\u00e9f\u00e8rent une strat\u00e9gie de soutien \u00e0 Rapha\u00ebl Glucksmann.\u00a0Il insiste sur l\u2019engagement pris par le congr\u00e8s socialiste en faveur d\u2019une candidature commune, rappelant que cette \u00ab obligation morale \u00bb se renforcera \u00e0 mesure que l\u2019\u00e9ch\u00e9ance de 2027 se rapprochera.<\/p>\n<p data-start=\"1658\" data-end=\"2246\">\u00c0 Trappes, les unitaires ont tenu une convention th\u00e9matique sur l\u2019\u00e9ducation et le s\u00e9paratisme scolaire, premi\u00e8re \u00e9tape d\u2019un cycle destin\u00e9 \u00e0 b\u00e2tir une plateforme programmatique d\u2019ici f\u00e9vrier. Mais l\u2019union reste fragile : les divergences affich\u00e9es sur le budget \u00e0 l\u2019Assembl\u00e9e compliquent la dynamique, tout comme la concurrence d\u2019une autre gauche, r\u00e9unie le lendemain \u00e0 Pontoise autour de Bernard Cazeneuve et Rapha\u00ebl Glucksmann.<\/p>\n<p data-start=\"1658\" data-end=\"2246\">Pour les unitaires, toutefois, refuser la primaire reviendrait \u00e0 assumer le risque d\u2019une nouvelle <a target=\"_blank\" href=\"https:\/\/francais.rt.com\/france\/127273-rousseau-condamne-heurts-propalestiniens-philharmonie\">fragmentation<\/a>, avec un possible sc\u00e9nario \u00e0 la \u00ab Jospin 2002 \u00bb.<\/p>\n<\/div>\n<p><br \/>\n<br \/><a href=\"https:\/\/francais.rt.com\/france\/127416-trappes-gauche-unitaire-lance-marche\" target=\"_blank\"\">Source link <\/a><\/p>\n","protected":false},"excerpt":{"rendered":"<p>La gauche unitaire a annonc\u00e9 une primaire en automne 2026 pour d\u00e9signer un candidat unique \u00e0 la pr\u00e9sidentielle de 2027. Malgr\u00e9 les r\u00e9ticences de M\u00e9lenchon et Glucksmann, plusieurs responsables politiques&hellip; <\/p>\n","protected":false},"author":1,"featured_media":19475,"comment_status":"open","ping_status":"open","sticky":false,"template":"","format":"standard","meta":{"footnotes":""},"categories":[1],"tags":[],"class_list":["post-19474","post","type-post","status-publish","format-standard","has-post-thumbnail","hentry","category-non-classe"],"_links":{"self":[{"href":"https:\/\/monde25.info\/index.php\/wp-json\/wp\/v2\/posts\/19474","targetHints":{"allow":["GET"]}}],"collection":[{"href":"https:\/\/monde25.info\/index.php\/wp-json\/wp\/v2\/posts"}],"about":[{"href":"https:\/\/monde25.info\/index.php\/wp-json\/wp\/v2\/types\/post"}],"author":[{"embeddable":true,"href":"https:\/\/monde25.info\/index.php\/wp-json\/wp\/v2\/users\/1"}],"replies":[{"embeddable":true,"href":"https:\/\/monde25.info\/index.php\/wp-json\/wp\/v2\/comments?post=19474"}],"version-history":[{"count":0,"href":"https:\/\/monde25.info\/index.php\/wp-json\/wp\/v2\/posts\/19474\/revisions"}],"wp:featuredmedia":[{"embeddable":true,"href":"https:\/\/monde25.info\/index.php\/wp-json\/wp\/v2\/media\/19475"}],"wp:attachment":[{"href":"https:\/\/monde25.info\/index.php\/wp-json\/wp\/v2\/media?parent=19474"}],"wp:term":[{"taxonomy":"category","embeddable":true,"href":"https:\/\/monde25.info\/index.php\/wp-json\/wp\/v2\/categories?post=19474"},{"taxonomy":"post_tag","embeddable":true,"href":"https:\/\/monde25.info\/index.php\/wp-json\/wp\/v2\/tags?post=19474"}],"curies":[{"name":"wp","href":"https:\/\/api.w.org\/{rel}","templated":true}]}}