{"id":19476,"date":"2025-11-16T13:04:51","date_gmt":"2025-11-16T12:04:51","guid":{"rendered":"https:\/\/monde25.info\/index.php\/2025\/11\/16\/ces-eleveurs-refusent-que-leurs-cochons-servent-lextreme-droite\/"},"modified":"2025-11-16T13:04:51","modified_gmt":"2025-11-16T12:04:51","slug":"ces-eleveurs-refusent-que-leurs-cochons-servent-lextreme-droite","status":"publish","type":"post","link":"https:\/\/monde25.info\/index.php\/2025\/11\/16\/ces-eleveurs-refusent-que-leurs-cochons-servent-lextreme-droite\/","title":{"rendered":"Ces \u00e9leveurs refusent que leurs cochons servent l&#039;extr\u00eame droite"},"content":{"rendered":"<p> <br \/>\n<br \/><img loading=\"lazy\" decoding=\"async\" src=\"https:\/\/reporterre.net\/local\/cache-vignettes\/L700xH467\/12-3-ebf77.jpg?1763108546\" class=\"spip_logo\" width=\"700\" height=\"467\" alt=\"\" \/><\/p>\n<p>Alors que la race blanc de l&rsquo;Ouest est instrumentalis\u00e9e par l&rsquo;extr\u00eame droite, ces \u00e9leveurs de cochons brisent le silence pour d\u00e9noncer cette r\u00e9cup\u00e9ration. Une parole tr\u00e8s minoritaire dans un monde du porc largement d\u00e9politis\u00e9. <br class=\"autobr\" \/><br \/>\nCintr\u00e9 (Ille-et-Vilaine), reportage <br class=\"autobr\" \/><br \/>\nDe longues oreilles ros\u00e9es leur tombent sur les yeux. L&rsquo;air nonchalant, une vingtaine de porcelets se dandine dans un pr\u00e9 qui semble presque trop grand pour eux. Une image rare tant l&rsquo;\u00e9levage en plein air devient marginal dans\u00a0(\u2026)<\/p>\n<p>                    <a target=\"_blank\" href=\"https:\/\/reporterre.net\/Ces-eleveurs-refusent-que-leurs-cochons-servent-l-extreme-droite?utm_source=RSS&amp;utm_medium=RSS\">Lire la suite<\/a><\/p>\n<p>                    &#8211;<br \/>\n                        <a target=\"_blank\" href=\"https:\/\/reporterre.net\/Reportage\" rel=\"directory\">Reportage<\/a><\/p>\n<p>                    \/<br \/>\n                        <a target=\"_blank\" href=\"https:\/\/reporterre.net\/Agriculture\" rel=\"tag\">Agriculture<\/a><br \/>\n                    ,<br \/>\n                        <a target=\"_blank\" href=\"https:\/\/reporterre.net\/Politique\" rel=\"tag\">Politique<\/a><br \/>\n<br \/><br \/>\n<br \/><a href=\"https:\/\/reporterre.net\/Ces-eleveurs-refusent-que-leurs-cochons-servent-l-extreme-droite\" target=\"_blank\"\">Source link <\/a><\/p>\n","protected":false},"excerpt":{"rendered":"<p>Alors que la race blanc de l&rsquo;Ouest est instrumentalis\u00e9e par l&rsquo;extr\u00eame droite, ces \u00e9leveurs de cochons brisent le silence pour d\u00e9noncer cette r\u00e9cup\u00e9ration. Une parole tr\u00e8s minoritaire dans un monde&hellip; <\/p>\n","protected":false},"author":1,"featured_media":0,"comment_status":"open","ping_status":"open","sticky":false,"template":"","format":"standard","meta":{"footnotes":""},"categories":[1],"tags":[],"class_list":["post-19476","post","type-post","status-publish","format-standard","hentry","category-non-classe"],"_links":{"self":[{"href":"https:\/\/monde25.info\/index.php\/wp-json\/wp\/v2\/posts\/19476","targetHints":{"allow":["GET"]}}],"collection":[{"href":"https:\/\/monde25.info\/index.php\/wp-json\/wp\/v2\/posts"}],"about":[{"href":"https:\/\/monde25.info\/index.php\/wp-json\/wp\/v2\/types\/post"}],"author":[{"embeddable":true,"href":"https:\/\/monde25.info\/index.php\/wp-json\/wp\/v2\/users\/1"}],"replies":[{"embeddable":true,"href":"https:\/\/monde25.info\/index.php\/wp-json\/wp\/v2\/comments?post=19476"}],"version-history":[{"count":0,"href":"https:\/\/monde25.info\/index.php\/wp-json\/wp\/v2\/posts\/19476\/revisions"}],"wp:attachment":[{"href":"https:\/\/monde25.info\/index.php\/wp-json\/wp\/v2\/media?parent=19476"}],"wp:term":[{"taxonomy":"category","embeddable":true,"href":"https:\/\/monde25.info\/index.php\/wp-json\/wp\/v2\/categories?post=19476"},{"taxonomy":"post_tag","embeddable":true,"href":"https:\/\/monde25.info\/index.php\/wp-json\/wp\/v2\/tags?post=19476"}],"curies":[{"name":"wp","href":"https:\/\/api.w.org\/{rel}","templated":true}]}}