{"id":1949,"date":"2024-12-11T04:53:49","date_gmt":"2024-12-11T03:53:49","guid":{"rendered":"https:\/\/monde25.info\/index.php\/2024\/12\/11\/ce-que-laccord-ue-mercosur-va-mettre-dans-nos-assiettes\/"},"modified":"2024-12-11T04:53:49","modified_gmt":"2024-12-11T03:53:49","slug":"ce-que-laccord-ue-mercosur-va-mettre-dans-nos-assiettes","status":"publish","type":"post","link":"https:\/\/monde25.info\/index.php\/2024\/12\/11\/ce-que-laccord-ue-mercosur-va-mettre-dans-nos-assiettes\/","title":{"rendered":"Ce que l\u2019accord UE-Mercosur va mettre dans nos assiettes"},"content":{"rendered":"<p> <br \/>\n<\/p>\n<div>\n<p>Main dans la main, grands sourires. La photo immortalise la pr\u00e9sidente de la Commission europ\u00e9enne, Ursula von der Leyen, et les pr\u00e9sidents du Br\u00e9sil, d\u2019Uruguay, d\u2019Argentine et du Paraguay. Tous se sont f\u00e9licit\u00e9s, le 6\u00a0d\u00e9cembre dernier, de la <a target=\"_blank\" href=\"https:\/\/reporterre.net\/Finalise-l-accord-UE-Mercosur-est-une-bombe-environnementale-et-sociale\">conclusion des n\u00e9gociations<\/a> de l\u2019accord de libre-\u00e9change entre l\u2019Union europ\u00e9enne et le Mercosur, alliance des pays d\u2019Am\u00e9rique latine.<\/p>\n<p>S\u2019il reste plusieurs \u00e9tapes avant la signature d\u00e9finitive du <a target=\"_blank\" href=\"https:\/\/reporterre.net\/Un-coup-de-poignard-les-agriculteurs-denoncent-le-traite-UE-Mercosur\">texte controvers\u00e9<\/a>, sa mise en \u0153uvre se rapproche \u00e0 grands pas. Quelles cons\u00e9quences pourrait-il avoir dans nos assiettes<small class=\"fine d-inline\">\u00a0<\/small>? <i>Reporterre<\/i> fait le point.<\/p>\n<h2 class=\"spip\">\u2022 Davantage de b\u0153uf et de poulet import\u00e9s<\/h2>\n<p>L\u2019accord consiste \u00e0 abaisser, voire supprimer les droits de douane sur un certain nombre de produits. Sur la <a target=\"_blank\" href=\"https:\/\/www.portail-ie.fr\/univers\/2024\/ue-mercosur\/#:~:text=Un%20accord%20ambitieux&amp;text=Ainsi%2C%20l'accord%20pr%C3%A9voit%20la,douane%20%C3%A0%207%2C5%25\" class=\"spip_out\" rel=\"external\">viande bovine<\/a>, 99\u00a0000 tonnes pourront \u00eatre import\u00e9es avec un droit r\u00e9duit \u00e0 7,5<small class=\"fine d-inline\">\u00a0<\/small>%, auxquels s\u2019ajoute un quota de 45\u00a0000 tonnes sur lesquelles aucun droit de douane ne s\u2019appliquera. Soit autant de viande qui pourra entrer dans l\u2019Union europ\u00e9enne <i>\u00ab<small class=\"fine d-inline\">\u00a0<\/small>\u00e0 des prix plus bas<small class=\"fine d-inline\">\u00a0<\/small>\u00bb<\/i>, explique Marine Colli, consultante ind\u00e9pendante sp\u00e9cialiste de l\u2019accord.<\/p>\n<p>La Commission europ\u00e9enne <a target=\"_blank\" href=\"https:\/\/www.latribune.fr\/economie\/international\/viande-textile-chimie-ce-que-va-changer-l-accord-ue-mercosur-1013231.html\" class=\"spip_out\" rel=\"external\">a calcul\u00e9<\/a> que cela ne ferait diminuer que de 0,7 \u00e0 1,2<small class=\"fine d-inline\">\u00a0<\/small>% la production europ\u00e9enne de viande bovine. Mais <i>\u00ab<small class=\"fine d-inline\">\u00a0<\/small>ces ratios n\u2019ont pas beaucoup de sens, ce ne sont pas des carcasses enti\u00e8res qui sont envoy\u00e9es en Europe, mais de l\u2019aloyau \u2014 rumsteak, filet, faux-filet<small class=\"fine d-inline\">\u00a0<\/small>\u00bb<\/i>, rappelle l\u2019experte. La concurrence se jouerait donc sur ce segment de march\u00e9 o\u00f9 les prix sont \u00e9lev\u00e9s, et pour laquelle la production europ\u00e9enne s\u2019\u00e9l\u00e8ve \u00e0 <i>\u00ab<small class=\"fine d-inline\">\u00a0<\/small>400\u00a0000 tonnes<small class=\"fine d-inline\">\u00a0<\/small>\u00bb<\/i>, estime-t-elle. Le quota total de 144\u00a0000 tonnes de viande bovine pr\u00e9vu par l\u2019accord correspond donc plut\u00f4t \u00e0 36<small class=\"fine d-inline\">\u00a0<\/small>% de la production europ\u00e9enne d\u2019aloyau. Un chiffre cons\u00e9quent, qui augmente d\u2019autant la concurrence \u00e0 bas prix avec les producteurs europ\u00e9ens, et le risque de retrouver cette viande dans nos assiettes.<\/p>\n<p>Pour l\u2019instant, en France, la viande bovine du Mercosur est encore peu pr\u00e9sente. <i>\u00ab<small class=\"fine d-inline\">\u00a0<\/small>On la retrouve principalement dans le segment de la restauration commerciale<\/i>, indique Marine Colli. <i>Les restaurateurs ont l\u2019obligation, en th\u00e9orie, d\u2019afficher l\u2019origine de la viande, mais c\u2019est assez mal respect\u00e9.<small class=\"fine d-inline\">\u00a0<\/small>\u00bb<\/i><\/p>\n<div class=\"spip_document_87011 spip_document spip_documents spip_document_image spip_documents_center spip_document_center spip_document_avec_legende\" data-legende-len=\"234\" data-legende-lenx=\"xxx\">\n<figure class=\"spip_doc_inner\">\n      <picture><source type=\"image\/webp\" srcset=\"https:\/\/reporterre.net\/local\/cache-vignettes\/L1050xH700\/gehevqexoaezuyy_1_-1fe5e.jpg@.webp?1733823309\"><img decoding=\"async\" src=\"https:\/\/reporterre.net\/IMG\/jpg\/gehevqexoaezuyy_1_.jpg\" width=\"1200\" height=\"800\" loading=\"lazy\" alt=\"\"\/><br \/>\n    <\/source><\/picture><figcaption class=\"spip_doc_legende\">\n<p>\u00c0 la fin des n\u00e9gociations sur le trait\u00e9, Ursula von der Leyen avec, de g. \u00e0 d.\u00a0: les pr\u00e9sidents Javier Milei (Argentine), Luis Alberto Lacalle Pou (Uruguay), Lula (Br\u00e9sil) et Santiago Pe\u00f1a Palacios (Paraguay).<br \/>\n<i>X\/Ursula von der Leyen<br \/>\n<\/i><\/p>\n<\/figcaption><\/figure>\n<\/p><\/div>\n<p>C\u00f4t\u00e9 volailles, le sc\u00e9nario est similaire\u00a0: beaucoup de filets, la partie la plus ch\u00e8re, sont import\u00e9s. 180\u00a0000 tonnes auraient droit \u00e0 des droits de douane r\u00e9duits ou supprim\u00e9s. Cette viande se retrouve <i>\u00ab<small class=\"fine d-inline\">\u00a0<\/small>plut\u00f4t dans les produits transform\u00e9s<\/i>, poursuit Marine Colli, <i>et l\u00e0, il y a vraiment un trou dans la raquette dans la r\u00e9glementation europ\u00e9enne<small class=\"fine d-inline\">\u00a0<\/small>\u00bb<\/i>.<\/p>\n<p>Il n\u2019y a pas d\u2019obligation d\u2019indiquer la provenance de la viande pour ce type de produits, tels que les nuggets ou les cordons bleus. <i>\u00ab<small class=\"fine d-inline\">\u00a0<\/small><a target=\"_blank\" href=\"https:\/\/www.novethic.fr\/economie-et-social\/transformation-de-leconomie\/mercosur-carrefour-viande-importation-bresil-intermarche\" class=\"spip_out\" rel=\"external\">Quand Carrefour [ou Intermarch\u00e9]<\/a> annonce qu\u2019il n\u2019y aura pas de viande du Mercosur dans ses rayons, il n\u2019a en fait pas les moyens de le v\u00e9rifier pour les produits transform\u00e9s<small class=\"fine d-inline\">\u00a0<\/small>\u00bb<\/i>, constate-t-elle.<\/p>\n<h2 class=\"spip\">\u2022 De la viande aux hormones et aux antibiotiques <\/h2>\n<p>Ursula von der Leyen a voulu rassurer, le 6\u00a0d\u00e9cembre. <i>\u00ab<small class=\"fine d-inline\">\u00a0<\/small>Nous avons n\u00e9goci\u00e9 des clauses de sauvegarde robustes pour prot\u00e9ger vos revenus<small class=\"fine d-inline\">\u00a0<\/small>\u00bb<\/i>, a-t-elle promis aux agriculteurs. Et nos <i>\u00ab<small class=\"fine d-inline\">\u00a0<\/small>standards restent intouchables<small class=\"fine d-inline\">\u00a0<\/small>\u00bb<\/i>. <i>\u00ab<small class=\"fine d-inline\">\u00a0<\/small>Des garanties<small class=\"fine d-inline\">\u00a0<\/small>? Il n\u2019y en a pas<\/i>, riposte Karine Jacquemart, directrice g\u00e9n\u00e9rale de l\u2019association de consommatrices et consommateurs Foodwatch. <i>Nous faisons d\u00e9j\u00e0 du commerce alimentaire avec ces pays-l\u00e0, il y a d\u00e9j\u00e0 des probl\u00e8mes, et ils vont augmenter.<small class=\"fine d-inline\">\u00a0<\/small>\u00bb<\/i><\/p>\n<p>Par exemple, les importations en Europe de viande bovine trait\u00e9e avec une hormone de croissance, l\u2019estradiol 17\u03b2, sont interdites. <i>\u00ab<small class=\"fine d-inline\">\u00a0<\/small>Cette hormone est canc\u00e9rig\u00e8ne<small class=\"fine d-inline\">\u00a0<\/small>\u00bb<\/i>, <a target=\"_blank\" href=\"https:\/\/www.foodwatch.org\/fr\/actualites\/2024\/boeuf-aux-hormones-du-bresil-en-avons-nous-mange-sans-le-savoir-fraude-scandale-alimentaire-sanitaire-europe\" class=\"spip_out\" rel=\"external\">rappelle Foodwatch<\/a>. Or, <a target=\"_blank\" href=\"https:\/\/reporterre.net\/IMG\/pdf\/final_report_2024-8087.pdf\">un rapport<\/a> de la Commission europ\u00e9enne publi\u00e9 en octobre dernier constatait que les contr\u00f4les actuels pour v\u00e9rifier que le b\u0153uf aux hormones br\u00e9silien n\u2019est pas export\u00e9 chez nous <i>\u00ab<small class=\"fine d-inline\">\u00a0<\/small>sont inefficaces<small class=\"fine d-inline\">\u00a0<\/small>\u00bb<\/i>. <i>\u00ab<small class=\"fine d-inline\">\u00a0<\/small>Il est probable que nos importations nous exposent d\u00e9j\u00e0 \u00e0 cette hormone interdite<\/i>, pense Karine Jacquemart. <i>Avec ce trait\u00e9, on augmente les volumes et on s\u2019expose encore plus au probl\u00e8me<small class=\"fine d-inline\">\u00a0<\/small>!<small class=\"fine d-inline\">\u00a0<\/small>\u00bb<\/i><\/p>\n<blockquote class=\"spip\">\n<p>\u00ab<small class=\"fine d-inline\">\u00a0<\/small>Ces substances n\u2019ont pas \u00e9t\u00e9 interdites <br class=\"manualbr\"\/>chez nous par hasard<small class=\"fine d-inline\">\u00a0<\/small>\u00bb<\/p>\n<\/blockquote>\n<p>Autre exemple, il est parfaitement l\u00e9gal d\u2019importer chez nous de la viande trait\u00e9e aux antibiotiques, utilis\u00e9s comme activateurs de croissance. <i>\u00ab<small class=\"fine d-inline\">\u00a0<\/small>C\u2019est une pratique routini\u00e8re au Br\u00e9sil, alors que c\u2019est interdit dans l\u2019Union europ\u00e9enne depuis 2006<\/i>, dit Marine Colli. <i>On a l\u00e0 une vraie distorsion de normes de production entre les \u00e9leveurs europ\u00e9ens et am\u00e9ricains, avec \u00e0 la cl\u00e9 un vrai enjeu de sant\u00e9 publique, car cette pratique contribue au d\u00e9veloppement de l\u2019antibior\u00e9sistance.<small class=\"fine d-inline\">\u00a0<\/small>\u00bb<\/i><\/p>\n<h2 class=\"spip\">\u2022 Des pesticides interdits qui reviennent dans l\u2019<span class=\"caps\">UE<\/span> <\/h2>\n<p>L\u2019accord ne s\u2019int\u00e9resse pas qu\u2019\u00e0 la viande, il pr\u00e9voit \u00e9galement de faciliter l\u2019importation en Europe de 180\u00a0000 tonnes de sucre. Une culture massivement arros\u00e9e de pesticides interdits dans l\u2019Union europ\u00e9enne a r\u00e9cemment montr\u00e9 <a target=\"_blank\" href=\"https:\/\/reporterre.net\/Un-groupe-francais-pulverise-des-pesticides-interdits-au-Bresil\">une enqu\u00eate internationale de journalistes<\/a>.<\/p>\n<p>Certaines plantations sont cultiv\u00e9es par le groupe fran\u00e7ais Tereos, d\u2019autres fournissent Nestl\u00e9. <i>\u00ab<small class=\"fine d-inline\">\u00a0<\/small>Ces substances n\u2019ont pas \u00e9t\u00e9 interdites chez nous par hasard. On augmente le risque d\u2019en retrouver des r\u00e9sidus dans nos assiettes<small class=\"fine d-inline\">\u00a0<\/small>\u00bb<\/i>, pr\u00e9cise Karine Jacquemart.<\/p>\n<p>Une partie de ces pesticides interdits dans l\u2019<span class=\"caps\">UE<\/span> continuent d\u2019ailleurs d\u2019\u00eatre produits\u2026 en France, notamment, pour \u00eatre export\u00e9s. Et le Br\u00e9sil <a target=\"_blank\" href=\"https:\/\/reporterre.net\/La-France-attaquee-en-justice-pour-avoir-exporte-des-pesticides-interdits\">en est le principal destinataire<\/a>. L\u2019accord <span class=\"caps\">UE<\/span>-Mercosur <a target=\"_blank\" href=\"https:\/\/www.latribune.fr\/economie\/international\/viande-textile-chimie-ce-que-va-changer-l-accord-ue-mercosur-1013231.html\" class=\"spip_out\" rel=\"external\">pr\u00e9voit une augmentation<\/a> de ces exportations. Il risque donc d\u2019augmenter l\u2019exposition des populations am\u00e9ricaines et europ\u00e9ennes \u00e0 ces substances pourtant consid\u00e9r\u00e9es comme trop dangereuses pour \u00eatre utilis\u00e9es en Europe. Un bel <i>\u00ab<small class=\"fine d-inline\">\u00a0<\/small>effet boomerang<small class=\"fine d-inline\">\u00a0<\/small>\u00bb<\/i>, d\u00e9nonce Karine Jacquemart.<\/p>\n<h2 class=\"spip\">\u2022 Encore plus d\u2019<span class=\"caps\">OGM<\/span> pour nourrir nos troupeaux<\/h2>\n<p>Cons\u00e9quence indirecte sur nos assiettes, le trait\u00e9 promet d\u2019avoir des effets sur l\u2019alimentation donn\u00e9e au b\u00e9tail \u00e9lev\u00e9 dans l\u2019Union europ\u00e9enne. L\u2019accord pr\u00e9voit notamment une augmentation des importations de ma\u00efs. L\u2019association g\u00e9n\u00e9rale des producteurs de ma\u00efs <a target=\"_blank\" href=\"https:\/\/www.maizeurop.com\/wp-content\/uploads\/2024\/01\/CP-AGPM-Etude-Impact-Mercosur-25.01.2024.pdf\" class=\"spip_out\" rel=\"external\">s\u2019en \u00e9meut<\/a>.<\/p>\n<p>Selon <a target=\"_blank\" href=\"https:\/\/reporterre.net\/IMG\/pdf\/etude_accord_ue-mercosur_flieremais.pdf\">le rapport<\/a> produit par l\u2019organisation, 180 000 tonnes de ma\u00efs destin\u00e9 \u00e0 nourrir les volailles europ\u00e9ennes pourraient \u00eatre import\u00e9es sans droits de douane. Il s\u2019agirait en quasi-totalit\u00e9 de ma\u00efs <span class=\"caps\">OGM<\/span> trait\u00e9 avec des pesticides interdits en Europe.<\/p>\n<p><i>\u00ab<small class=\"fine d-inline\">\u00a0<\/small>Sur les 178 substances actives autoris\u00e9es sur ma\u00efs au Br\u00e9sil et en Argentine, 92 sont interdites en Europe<\/i>, note le document. <i>Cette part est encore plus \u00e9lev\u00e9e \u00e0 l\u2019\u00e9chelle de la France\u00a0: 138 substances actives sur les 178 autoris\u00e9es au Br\u00e9sil et en Argentine sont interdites [&#8230;].<small class=\"fine d-inline\">\u00a0<\/small>\u00bb<\/i> 77,5<small class=\"fine d-inline\">\u00a0<\/small>% des substances actives autoris\u00e9es pour les producteurs du Mercosur sont ainsi interdites en France. Parmi elles, l\u2019atrazine, interdite en France depuis plus de vingt ans ou les n\u00e9onicotino\u00efdes.<\/p>\n<p>Pour autant, si les n\u00e9gociations sont termin\u00e9es, le trait\u00e9 n\u2019est pas encore sign\u00e9, rappelle Karine Jacquemart\u00a0: <i>\u00ab<small class=\"fine d-inline\">\u00a0<\/small>On peut encore \u00e9viter le pire. J\u2019esp\u00e8re que l\u2019on parviendra \u00e0 un rejet soit par le Conseil europ\u00e9en, soit par le Parlement europ\u00e9en.<small class=\"fine d-inline\">\u00a0<\/small>\u00bb<\/i><\/p>\n<aside class=\"boite_encarts\">\n<div class=\"encart encart_gris noprint\">\n<p><strong>Il est de retour.<\/strong><\/p>\n<p>Dans quelques semaines, Donald Trump se r\u00e9-installera \u00e0 la Maison Blanche.<\/p>\n<p>Un milliardaire, pour qui le r\u00e9chauffement climatique est \u00ab<small class=\"fine d-inline\">\u00a0<\/small>un canular<small class=\"fine d-inline\">\u00a0<\/small>\u00bb, sera \u00e0 la t\u00eate de la plus grande puissance mondiale.<\/p>\n<p>Dans une d\u00e9cennie cruciale pour l\u2019\u00e9cologie, nous ne pouvons pas nous permettre de perdre plus de temps.<\/p>\n<p>La soci\u00e9t\u00e9 civile doit continuer de se soulever, de se mobiliser et de faire pression sur les puissants.<\/p>\n<p>Mais pour agir, il faut savoir.<\/p>\n<p><strong>Depuis 11 ans, nous publions des articles de qualit\u00e9 sur l\u2019\u00e9cologie, en acc\u00e8s libre et sans publicit\u00e9, pour tous.<\/strong><\/p>\n<p>Nous avons la conviction que l\u2019urgence \u00e9cologique est l\u2019enjeu majeur de notre \u00e9poque.<br class=\"autobr\"\/><br \/>\n Et comme plus de 2 millions de lectrices et lecteurs chaque mois, vous partagez sans doute cette conviction&#8230;<\/p>\n<p>Alors si vous en avez les moyens, sachez qu\u2019un don, m\u00eame d\u20191\u20ac, est un acte de soutien fort pour l\u2019\u00e9cologie et le journalisme ind\u00e9pendant.<br class=\"autobr\"\/><br \/>\n (Et \u00e7a vous prendra moins de temps que la lecture de ce texte).<\/p>\n<p><strong>Si vous le pouvez, choisissez un soutien mensuel. Merci.<\/strong><\/p>\n<p><a target=\"_blank\" href=\"https:\/\/reporterre.net\/dons\" class=\"bt_soutenir\">Je soutiens <i>Reporterre<\/i><\/a><\/p>\n<\/p><\/div>\n<div class=\"encart encart_vert noprint montre_1023\">\n<div class=\"infolettre-form-container noprint\">\n<p>Abonnez-vous \u00e0 la lettre d\u2019info de Reporterre<\/p>\n<\/div><\/div>\n<\/aside>\n<aside class=\"boite_apresarticle encart_note\">\n<h4>Apr\u00e8s cet article<\/h4>\n<p>      <a target=\"_blank\" href=\"https:\/\/reporterre.net\/Finalise-l-accord-UE-Mercosur-est-une-bombe-environnementale-et-sociale\" class=\"lien_article\">\n      <picture class=\"vignette_gauche\"><source type=\"image\/webp\" srcset=\"https:\/\/reporterre.net\/https:\/\/reporterre.net\/local\/cache-gd2\/24\/ad67214557f88b5cab9c87c8d6d56f.jpg@.webp?1733496711\"><img decoding=\"async\" src=\"https:\/\/reporterre.net\/local\/cache-gd2\/24\/ad67214557f88b5cab9c87c8d6d56f.jpg?1733496711\" width=\"450\" height=\"300\" alt=\"\" class=\"marge12\" loading=\"lazy\"\/><br \/>\n<\/source><\/picture>\n<p class=\"libelle\">\n<p>      Trait\u00e9s de libre-\u00e9change\n    <\/p>\n<p class=\"titre pol20\">Finalis\u00e9, l\u2019accord <span class=\"caps\">UE<\/span>-Mercosur est une \u00ab<small class=\"fine d-inline\">\u00a0<\/small>bombe environnementale et sociale<small class=\"fine d-inline\">\u00a0<\/small>\u00bb<\/p>\n<p>      <\/a><br \/>\n    <\/aside>\n<aside class=\"boite_complement texte\">\n<p>      <!-- zone_forum --><br \/>\n          <\/aside>\n<aside class=\"boite_lireaussi noprint\">\n<\/aside>\n<aside class=\"colonne\">\n<div class=\"article_info cache_1023 noprint\">\n<p>    <span class=\"date\">10 d\u00e9cembre 2024  \u00e0 15h45<\/span><\/p>\n<p>    <span class=\"date_modif\">Mis \u00e0 jour le 10 d\u00e9cembre 2024 \u00e0 17h09<\/span>      <\/p>\n<p class=\"duree_lecture\">\n        Dur\u00e9e de lecture : 6 minutes\n      <\/p>\n<\/p><\/div>\n<div class=\"bloc_infolettre\">\n<div class=\"infolettre-form-container noprint\">\n<p>Abonnez-vous \u00e0 la lettre d\u2019info de Reporterre<\/p>\n<\/div><\/div>\n<\/aside>\n<div id=\"galerie\">\n  <img decoding=\"async\" src=\"\" class=\"principale\" id=\"principale\"\/><\/p>\n<p id=\"legende\">legende<\/p>\n<\/div>\n<footer class=\"noprint\">\n<\/footer>\n<\/div>\n<p><br \/>\n<br \/><a href=\"https:\/\/reporterre.net\/Antibios-pesticides-interdits-Ce-que-l-accord-UE-Mercosur-va-mettre-dans-nos-assiettes\" target=\"_blank\"\">Source link <\/a><\/p>\n","protected":false},"excerpt":{"rendered":"<p>Main dans la main, grands sourires. La photo immortalise la pr\u00e9sidente de la Commission europ\u00e9enne, Ursula von der Leyen, et les pr\u00e9sidents du Br\u00e9sil, d\u2019Uruguay, d\u2019Argentine et du Paraguay. Tous&hellip; <\/p>\n","protected":false},"author":1,"featured_media":1950,"comment_status":"open","ping_status":"open","sticky":false,"template":"","format":"standard","meta":{"footnotes":""},"categories":[1],"tags":[],"class_list":["post-1949","post","type-post","status-publish","format-standard","has-post-thumbnail","hentry","category-non-classe"],"_links":{"self":[{"href":"https:\/\/monde25.info\/index.php\/wp-json\/wp\/v2\/posts\/1949","targetHints":{"allow":["GET"]}}],"collection":[{"href":"https:\/\/monde25.info\/index.php\/wp-json\/wp\/v2\/posts"}],"about":[{"href":"https:\/\/monde25.info\/index.php\/wp-json\/wp\/v2\/types\/post"}],"author":[{"embeddable":true,"href":"https:\/\/monde25.info\/index.php\/wp-json\/wp\/v2\/users\/1"}],"replies":[{"embeddable":true,"href":"https:\/\/monde25.info\/index.php\/wp-json\/wp\/v2\/comments?post=1949"}],"version-history":[{"count":0,"href":"https:\/\/monde25.info\/index.php\/wp-json\/wp\/v2\/posts\/1949\/revisions"}],"wp:featuredmedia":[{"embeddable":true,"href":"https:\/\/monde25.info\/index.php\/wp-json\/wp\/v2\/media\/1950"}],"wp:attachment":[{"href":"https:\/\/monde25.info\/index.php\/wp-json\/wp\/v2\/media?parent=1949"}],"wp:term":[{"taxonomy":"category","embeddable":true,"href":"https:\/\/monde25.info\/index.php\/wp-json\/wp\/v2\/categories?post=1949"},{"taxonomy":"post_tag","embeddable":true,"href":"https:\/\/monde25.info\/index.php\/wp-json\/wp\/v2\/tags?post=1949"}],"curies":[{"name":"wp","href":"https:\/\/api.w.org\/{rel}","templated":true}]}}