{"id":19497,"date":"2025-11-16T20:47:38","date_gmt":"2025-11-16T19:47:38","guid":{"rendered":"https:\/\/monde25.info\/index.php\/2025\/11\/16\/delits-environnementaux-les-ong-auront-moins-de-temps-pour-sy-opposer\/"},"modified":"2025-11-16T20:47:38","modified_gmt":"2025-11-16T19:47:38","slug":"delits-environnementaux-les-ong-auront-moins-de-temps-pour-sy-opposer","status":"publish","type":"post","link":"https:\/\/monde25.info\/index.php\/2025\/11\/16\/delits-environnementaux-les-ong-auront-moins-de-temps-pour-sy-opposer\/","title":{"rendered":"D\u00e9lits environnementaux\u00a0: les ONG auront moins de temps pour s&#039;y opposer"},"content":{"rendered":"<p> <br \/>\n<br \/><img loading=\"lazy\" decoding=\"async\" src=\"https:\/\/reporterre.net\/local\/cache-vignettes\/L700xH467\/488886421_1065021108987963_7846721572175442290_n_1_-76853.jpg?1763041207\" class=\"spip_logo\" width=\"700\" height=\"467\" alt=\"\" \/><\/p>\n<p>Le Conseil d&rsquo;\u00c9tat a valid\u00e9 le 5\u00a0novembre le d\u00e9cret du 10\u00a0mai 2024 r\u00e9duisant le d\u00e9lai de recours dans les contentieux environnementaux, r\u00e9pondant ainsi \u00e0 la fronde agricole du d\u00e9but 2024, a rapport\u00e9 Actu-Environnement le 12\u00a0novembre. <br class=\"autobr\" \/><br \/>\nLe texte, applicable aux d\u00e9cisions administratives prises depuis le 1<sup class=\"typo_exposants\">er<\/sup>\u00a0septembre 2024, concerne les ouvrages hydrauliques agricoles, les installations class\u00e9es d&rsquo;\u00e9levage et les autorisations environnementales. Il r\u00e9duit le d\u00e9lai de recours \u00e0 2\u00a0mois au lieu de\u00a0(\u2026)<\/p>\n<p>                    <a target=\"_blank\" href=\"https:\/\/reporterre.net\/Delits-environnementaux-les-ONG-auront-moins-de-temps-pour-s-y-opposer?utm_source=RSS&amp;utm_medium=RSS\">Lire la suite<\/a><\/p>\n<p>                    &#8211;<br \/>\n                        <a target=\"_blank\" href=\"https:\/\/reporterre.net\/Breves-20\" rel=\"directory\">En bref<\/a><\/p>\n<p>                    \/<br \/>\n                        <a target=\"_blank\" href=\"https:\/\/reporterre.net\/Justice\" rel=\"tag\">Justice<\/a><br \/>\n<br \/><br \/>\n<br \/><a href=\"https:\/\/reporterre.net\/Delits-environnementaux-les-ONG-auront-moins-de-temps-pour-s-y-opposer\" target=\"_blank\"\">Source link <\/a><\/p>\n","protected":false},"excerpt":{"rendered":"<p>Le Conseil d&rsquo;\u00c9tat a valid\u00e9 le 5\u00a0novembre le d\u00e9cret du 10\u00a0mai 2024 r\u00e9duisant le d\u00e9lai de recours dans les contentieux environnementaux, r\u00e9pondant ainsi \u00e0 la fronde agricole du d\u00e9but 2024,&hellip; <\/p>\n","protected":false},"author":1,"featured_media":0,"comment_status":"open","ping_status":"open","sticky":false,"template":"","format":"standard","meta":{"footnotes":""},"categories":[1],"tags":[],"class_list":["post-19497","post","type-post","status-publish","format-standard","hentry","category-non-classe"],"_links":{"self":[{"href":"https:\/\/monde25.info\/index.php\/wp-json\/wp\/v2\/posts\/19497","targetHints":{"allow":["GET"]}}],"collection":[{"href":"https:\/\/monde25.info\/index.php\/wp-json\/wp\/v2\/posts"}],"about":[{"href":"https:\/\/monde25.info\/index.php\/wp-json\/wp\/v2\/types\/post"}],"author":[{"embeddable":true,"href":"https:\/\/monde25.info\/index.php\/wp-json\/wp\/v2\/users\/1"}],"replies":[{"embeddable":true,"href":"https:\/\/monde25.info\/index.php\/wp-json\/wp\/v2\/comments?post=19497"}],"version-history":[{"count":0,"href":"https:\/\/monde25.info\/index.php\/wp-json\/wp\/v2\/posts\/19497\/revisions"}],"wp:attachment":[{"href":"https:\/\/monde25.info\/index.php\/wp-json\/wp\/v2\/media?parent=19497"}],"wp:term":[{"taxonomy":"category","embeddable":true,"href":"https:\/\/monde25.info\/index.php\/wp-json\/wp\/v2\/categories?post=19497"},{"taxonomy":"post_tag","embeddable":true,"href":"https:\/\/monde25.info\/index.php\/wp-json\/wp\/v2\/tags?post=19497"}],"curies":[{"name":"wp","href":"https:\/\/api.w.org\/{rel}","templated":true}]}}