{"id":195,"date":"2024-11-15T18:29:37","date_gmt":"2024-11-15T17:29:37","guid":{"rendered":"https:\/\/monde25.info\/index.php\/2024\/11\/15\/des-hommages-qui-divisent-les-femmes\/"},"modified":"2024-11-15T18:29:37","modified_gmt":"2024-11-15T17:29:37","slug":"des-hommages-qui-divisent-les-femmes","status":"publish","type":"post","link":"https:\/\/monde25.info\/index.php\/2024\/11\/15\/des-hommages-qui-divisent-les-femmes\/","title":{"rendered":"des hommages qui divisent les femmes ?"},"content":{"rendered":"<p> <br \/>\n<\/p>\n<div>\n<div class=\"td-post-featured-image\">\n<figure><img loading=\"lazy\" decoding=\"async\" width=\"696\" height=\"418\" class=\"entry-thumb\" src=\"https:\/\/mrmondialisation.org\/wp-content\/uploads\/2024\/11\/design-sans-titre-696x418.jpg\" srcset=\"https:\/\/mrmondialisation.org\/wp-content\/uploads\/2024\/11\/design-sans-titre-696x418.jpg 696w, https:\/\/mrmondialisation.org\/wp-content\/uploads\/2024\/11\/design-sans-titre-1024x614.jpg 1024w, https:\/\/mrmondialisation.org\/wp-content\/uploads\/2024\/11\/design-sans-titre-768x461.jpg 768w, https:\/\/mrmondialisation.org\/wp-content\/uploads\/2024\/11\/design-sans-titre-1068x641.jpg 1068w, https:\/\/mrmondialisation.org\/wp-content\/uploads\/2024\/11\/design-sans-titre-700x420.jpg 700w, https:\/\/mrmondialisation.org\/wp-content\/uploads\/2024\/11\/design-sans-titre.jpg 1500w\" sizes=\"auto, (max-width: 696px) 100vw, 696px\" alt=\"Ahou Daryaei : ces hommages qui divisent les femmes\" title=\"Ahou Daryaei : ces hommages qui divisent les femmes\"\/><figcaption class=\"wp-caption-text\">Ahou Daryaei : ces hommages qui divisent les femmes<\/figcaption><\/figure>\n<\/div>\n<div class=\"td-a-rec td-a-rec-id-content_top_mob \"><span class=\"td-adspot-title\">&#8211; Information &#8211;<\/span><a target=\"_blank\" href=\"https:\/\/fr.tipeee.com\/mr-mondialisation\" class=\"tipeee-project-small\">Soutenir Mr Japanization sur Tipeee<\/a>\n<\/div>\n<h4><strong>R\u00e9cemment, nous avons publi\u00e9 une vid\u00e9o <\/strong><a target=\"_blank\" href=\"https:\/\/www.facebook.com\/reel\/1636233530297541\"><strong>artistique <\/strong><strong>sur nos r\u00e9seaux sociaux<\/strong><\/a><strong>, <\/strong><strong>un<\/strong><strong> hommage, <\/strong><strong>parmi tant d\u2019autres,<\/strong><strong> au geste d\u2019Ahou Daryaei. Cette \u00e9tudiante iranienne de 30 ans s\u2019est en effet montr\u00e9e en sous-v\u00eatements dans l\u2019espace public pour protester contre \u00ab <\/strong><strong>l\u2019application abusive du port obligatoire du voile\u00a0\u00bb<\/strong><strong>. Mais l\u2019angle de ce type d\u2019illustrations a fini par nous questionner en interne\u2026 Pourquoi ? L\u2019une de nos r\u00e9dactrices vous partage son malaise. \u00c9dito.\u00a0<\/strong><\/h4>\n<p>En effet, le 6 novembre, nous avons relay\u00e9 <strong><a target=\"_blank\" href=\"https:\/\/www.facebook.com\/reel\/1636233530297541\">une vid\u00e9o<\/a> qui a fait le tour des r\u00e9seaux sociaux. <\/strong>Elle repr\u00e9sentait\u00a0la jeune \u00e9tudiante iranienne en sous-v\u00eatements, marchant au milieu d\u2019une foule de femmes voil\u00e9es. Cette derni\u00e8re nous a paru dans un premier temps inoffensive et bienveillante,<strong> un soutien parmi d\u2019autres \u00e0 l\u2019acte politique courageux de la jeune femme iranienne dans un contexte oppressif envers les femmes.<\/strong><\/p>\n<p>Toutefois,<strong> l\u2019art est aussi le fruit subjectif de nos biais,<\/strong> un support d\u2019interpr\u00e9tations non-neutre, source de d\u00e9bats pr\u00e9cieux qu\u2019il ne faut pas n\u00e9gliger. Sur la base de cet esprit critique essentiel, <strong>voici l\u2019\u00e9clairage de notre r\u00e9dactrice Elena Meilune sur ce type de repr\u00e9sentations qui semblent opposer deux types de femmes tout en occultant les fondements du syst\u00e8me r\u00e9pressif en place et la responsabilit\u00e9 des hommes dans cette situation.<\/strong><\/p>\n<p><iframe loading=\"lazy\" title=\"Walk for freedom... #Iran\" width=\"1110\" height=\"624\" src=\"https:\/\/www.youtube.com\/embed\/tbzvspnH9Ys?feature=oembed\" frameborder=\"0\" allow=\"accelerometer; autoplay; clipboard-write; encrypted-media; gyroscope; picture-in-picture; web-share\" referrerpolicy=\"strict-origin-when-cross-origin\" allowfullscreen><\/iframe><\/p>\n<blockquote>\n<p><span style=\"font-family: Liberation Serif, serif;\">\u00ab <\/span><strong>J\u2019ai ressenti un profond malaise en d\u00e9couvrant certaines illustrations d\u2019Ahou Daryaei \u00bb<\/strong><\/p>\n<\/blockquote>\n<p>J\u2019ai ressenti un profond malaise en d\u00e9couvrant certaines illustrations d\u2019Ahou Daryaei, r\u00e9alis\u00e9es par des artistes et partag\u00e9es en ligne. On y voit souvent <strong>Ahou repr\u00e9sent\u00e9e comme une figure imposante au centre d\u2019une foule de femmes voil\u00e9es,<\/strong> leurs regards exprimant la stupeur, la sid\u00e9ration, voire un jugement ou une condamnation.<\/p>\n<p>Bien que l\u2019intention des artistes soit louable, certaines de ces images peuvent \u00eatre, selon moi, <b>contre-productives dans le cadre de la lutte pour les droits des femme<\/b><strong>s.<\/strong> L\u2019art, dans toute sa subjectivit\u00e9, a le pouvoir de transmettre des messages d\u2019une profonde r\u00e9sonance. \u00c9videmment, le but n\u2019est aucunement de le censurer, mais plut\u00f4t de <b>sugg\u00e9rer que l\u2019on pr\u00eate davantage<\/b><b> attention aux symboles qu\u2019<\/b><b>il<\/b><b> v\u00e9hicule, car <\/b><b>s<\/b><b>es<\/b><b> repr\u00e9sentations influencent notre perception des r\u00e9alit\u00e9s complexes qu\u2019<\/b><b>il d\u00e9peint<\/b>.<\/p>\n<p>Commen\u00e7ons par rappeler le contexte : <strong>la semaine derni\u00e8re, Ahou Daryaei, doctorante iranienne en litt\u00e9rature fran\u00e7aise \u00e0 l\u2019universit\u00e9 Azad de T\u00e9h\u00e9ran, a \u00e9t\u00e9 harcel\u00e9e par les miliciens des gardiens de la r\u00e9volution pour \u00ab port incorrect \u00bb du hijab et l\u2019un d\u2019entre eux a d\u00e9chir\u00e9 son v\u00eatement.<\/strong> En signe de protestation, elle s\u2019est d\u00e9v\u00eatue et a transform\u00e9 son corps en une manifestation vivante,<strong> marchant en sous-v\u00eatements devant l\u2019universit\u00e9<\/strong>, sous les regards passifs et parfois sid\u00e9r\u00e9s des femmes et des hommes pr\u00e9sents.<\/p>\n<p>Elle a rapidement\u00a0\u00e9t\u00e9<a target=\"_blank\" href=\"https:\/\/www.huffingtonpost.fr\/international\/article\/iran-l-etudiante-ahou-daryaei-en-hopital-psychiatrique-teheran-en-a-fait-une-habitude_241821.html\"><strong> arr\u00eat\u00e9e puis transf\u00e9r\u00e9e de force dans un h\u00f4pital psychiatrique <\/strong>(selon le Centre pour les droits humains en Iran),<\/a> une proc\u00e9dure couramment employ\u00e9e par le r\u00e9gime iranien <strong>pour discr\u00e9diter les opposantes.<\/strong> De fait, elle a probablement d\u00e9j\u00e0 subi et risque de subir davantage de violences abjectes.<\/p>\n<p>Par ce geste extr\u00eamement courageux, <strong>Ahou Daryaei est aussit\u00f4t devenue une des figures symboliques de la lutte pour les droits des femmes en Iran, <\/strong>deux ans apr\u00e8s la mort de <a target=\"_blank\" href=\"https:\/\/mrmondialisation.org\/le-peuple-diran-en-quete-dune-revolution-inachevee\/\"><strong>Mahsa Amini,<\/strong><\/a> elle aussi arr\u00eat\u00e9e, puis violemment battue par la police des m\u0153urs pour \u00ab port de v\u00eatements inappropri\u00e9s \u00bb.<\/p>\n<p>Cet \u00e9v\u00e9nement avait \u00e0 l\u2019\u00e9poque d\u00e9clench\u00e9 un soul\u00e8vement sans pr\u00e9c\u00e9dent en Iran, port\u00e9 par le slogan <strong>\u00ab Femme, Vie, Libert\u00e9 \u00bb,<\/strong> r\u00e9clamant non seulement l\u2019\u00e9galit\u00e9 des sexes, mais aussi<a target=\"_blank\" href=\"https:\/\/mrmondialisation.org\/revolution-iranienne-les-degats-de-limperialisme-americain\/\"> un changement de r\u00e9gime.<\/a> Ces manifestations ont \u00e9t\u00e9 marquantes par leur radicalit\u00e9 et leur persistance, durant pr\u00e8s d\u2019un an malgr\u00e9 une r\u00e9pression intense, ayant caus\u00e9<strong> la mort de centaines de manifestant.e.s et l\u2019arrestation de milliers d\u2019autres.<\/strong><\/p>\n<p><iframe loading=\"lazy\" title=\"Iran : une \u00e9tudiante proteste en sous-v\u00eatements et est arr\u00eat\u00e9e\" width=\"1110\" height=\"624\" src=\"https:\/\/www.youtube.com\/embed\/4U33mpbJU64?feature=oembed\" frameborder=\"0\" allow=\"accelerometer; autoplay; clipboard-write; encrypted-media; gyroscope; picture-in-picture; web-share\" referrerpolicy=\"strict-origin-when-cross-origin\" allowfullscreen><\/iframe><\/p>\n<h2 class=\"western\"><strong>Une vision occidentale biais\u00e9e et d\u00e9shumanisante des femmes iraniennes\u00a0?<\/strong><\/h2>\n<div class=\"td-a-rec td-a-rec-id-content_inline_mob \"><span class=\"td-adspot-title\">&#8211; Information &#8211;<\/span><a target=\"_blank\" href=\"https:\/\/fr.tipeee.com\/mr-mondialisation\" class=\"tipeee-project-small\">Soutenir Mr Japanization sur Tipeee<\/a>\n<\/div>\n<p>Revenons maintenant aux illustrations qui circulent actuellement. Nombre d\u2019entre elles semblent cr\u00e9er, \u00e0 mes yeux, <b>une dichotomie entre Ahou Daryaei et les autres femmes, tandis que les hommes, pourtant pr\u00e9sents lors des \u00e9v\u00e9nements, sont globalement absents des repr\u00e9sentations<\/b>. Ces \u0153uvres montrent une passivit\u00e9 et une soumission massive des femmes iraniennes, alors qu\u2019en r\u00e9alit\u00e9, <a target=\"_blank\" href=\"https:\/\/www.radiofrance.fr\/franceinter\/podcasts\/l-invite-de-8h20\/l-invite-de-8h20-du-week-end-du-dimanche-15-septembre-2024-2623719\"><b>la r\u00e9sistance contre le r\u00e9gime autoritaire continue depuis des ann\u00e9es, avec un grand nombre de femmes engag\u00e9es dans cette lutte.<\/b><\/a><\/p>\n<p>Ces images pourraient sugg\u00e9rer \u00e0 tort que le probl\u00e8me vient des femmes qui portent le voile et qu\u2019elles en seraient responsables ou complices parce qu\u2019elles ne se r\u00e9voltent pas, ce qui constitue une simplification excessive, injuste, voire fausse, \u00e9tant donn\u00e9 que le mouvement pour la libert\u00e9 se poursuit activement en Iran. <b>Ces illustrations pourraient ainsi encourager des st\u00e9r\u00e9otypes erron\u00e9s mais bien ancr\u00e9s, tout en rejetant la culpabilit\u00e9 sur les victimes<\/b> (m\u00e9canisme omnipr\u00e9sent au sein des structures patriarcales).<\/p>\n<p>Certes, les femmes pr\u00e9sentes lors de l\u2019arrestation d\u2019Ahou Daryaei n\u2019ont pas r\u00e9agi. Mais il est l\u00e9gitime de penser que la peur de se faire arr\u00eater, tabasser, violer, voire tuer, a pes\u00e9 dans leur absence de r\u00e9action, le tout alors que <b>les pr\u00e9c\u00e9dentes r\u00e9voltes ont \u00e9t\u00e9 \u00e9touff\u00e9es dans une extr\u00eame violenc<\/b><strong>e.<\/strong> Par ailleurs, aucun homme n\u2019a non plus tent\u00e9 de s\u2019interposer, et pourtant <b>cette inaction masculine n\u2019est pas repr\u00e9sent\u00e9e dans les illustrations. Ni l\u2019oppression exerc\u00e9e par les tyrans du r\u00e9gime<\/b><strong>.<\/strong><\/p>\n<p>Au lieu de cela, <strong>c\u2019est la passivit\u00e9 des femmes qui est mise en avant, oppos\u00e9e au courage d\u2019Ahou Daryaei,<\/strong> leur responsabilit\u00e9 semblant r\u00e9duite au port ou non du voile. Au-del\u00e0 du simplisme de cette vision, on peut \u00eatre certain qu\u2019en France et ailleurs en Europe, l\u2019extr\u00eame droite va s\u2019emparer de ces images, les sortant de leur contexte iranien pour <strong>alimenter la pers\u00e9cution des femmes voil\u00e9es en Occident, <\/strong><a target=\"_blank\" href=\"https:\/\/www.youtube.com\/watch?v=5tD1ZjfKuwE\">question par ailleurs diff\u00e9rente en bien des points de celle des iraniennes. <\/a>Pourtant, la vraie libert\u00e9 consisterait \u00e0 laisser les femmes choisir <em>librement<\/em> de porter ou non un v\u00eatement, sans contrainte ni interdiction d\u2019aucune part.<\/p>\n<p>Je trouve que ce type de repr\u00e9sentation offre <b>une vision biais\u00e9e de la situation, r\u00e9duisant les femmes iraniennes voil\u00e9es \u00e0 des figures d\u00e9sincarn\u00e9es, passives et opprim\u00e9es<\/b>, comme si leur identit\u00e9 se limitait \u00e0 ce voile qu\u2019elles portent. Cela ne fait qu\u2019alimenter <b>un regard d\u00e9shumanisant et paternaliste <\/b>souvent adopt\u00e9 dans les repr\u00e9sentations occidentales des femmes du Moyen-Orient.<\/p>\n<p>Dans un monde o\u00f9 l\u2019on cherche \u00e0 saisir <strong>la diversit\u00e9 des v\u00e9cus f\u00e9minins,<\/strong> cette vision binaire \u2013 entre femmes voil\u00e9es oppress\u00e9es et femmes d\u00e9voil\u00e9es \u00ab lib\u00e9r\u00e9es \u00bb \u2013 ne refl\u00e8te ni la complexit\u00e9 des choix individuels ni la diversit\u00e9 des exp\u00e9riences des femmes iraniennes. Ces illustrations finissent par nier les luttes et les aspirations r\u00e9elles des femmes iraniennes en imposant <b>une grille de lecture r\u00e9ductrice<\/b>, \u00e0 travers laquelle elles deviennent des symboles d\u2019oppression sans voix, des figures que l\u2019on plaint sans jamais \u00e9couter.<\/p>\n<p>De fait, s\u2019opposer au port obligatoire du voile pour les femmes iraniennes d\u2019une part ne doit pas servir de pr\u00e9texte binaire \u00e0 les bl\u00e2mer, voire les diaboliser, si elles le portent, ni \u00e0 leur imposer de se d\u00e9voiler par la contrainte, mais plut\u00f4t <strong>d\u2019occasion de remettre au centre des d\u00e9cisions leur parole et leurs sensibilit\u00e9s multiples.<\/strong><\/p>\n<figure id=\"attachment_688591\" aria-describedby=\"caption-attachment-688591\" style=\"width: 1024px\" class=\"wp-caption alignnone\"><img fetchpriority=\"high\" decoding=\"async\" class=\"size-medium wp-image-688591\" src=\"https:\/\/mrmondialisation.org\/wp-content\/uploads\/2024\/11\/capture-decran-du-2024-11-07-15-33-28-1024x672.png\" alt=\"\" width=\"1024\" height=\"672\" srcset=\"https:\/\/mrmondialisation.org\/wp-content\/uploads\/2024\/11\/capture-decran-du-2024-11-07-15-33-28-1024x672.png 1024w, https:\/\/mrmondialisation.org\/wp-content\/uploads\/2024\/11\/capture-decran-du-2024-11-07-15-33-28-768x504.png 768w, https:\/\/mrmondialisation.org\/wp-content\/uploads\/2024\/11\/capture-decran-du-2024-11-07-15-33-28-696x457.png 696w, https:\/\/mrmondialisation.org\/wp-content\/uploads\/2024\/11\/capture-decran-du-2024-11-07-15-33-28-1068x701.png 1068w, https:\/\/mrmondialisation.org\/wp-content\/uploads\/2024\/11\/capture-decran-du-2024-11-07-15-33-28-640x420.png 640w, https:\/\/mrmondialisation.org\/wp-content\/uploads\/2024\/11\/capture-decran-du-2024-11-07-15-33-28-741x486.png 741w, https:\/\/mrmondialisation.org\/wp-content\/uploads\/2024\/11\/capture-decran-du-2024-11-07-15-33-28.png 1410w\" sizes=\"(max-width: 1024px) 100vw, 1024px\"\/><figcaption id=\"caption-attachment-688591\" class=\"wp-caption-text\">Dessin de Fargol Ghadimi : https:\/\/www.instagram.com\/p\/DB4XvRXti0R\/<\/figcaption><\/figure>\n<h2 class=\"western\"><b>Un contexte de peur omnipr\u00e9sent<\/b><\/h2>\n<p>Il est vrai que <a target=\"_blank\" href=\"https:\/\/www.facebook.com\/reel\/1067934991789043\">la vid\u00e9o d\u2019origine d\u2019Ahou Daryaei<\/a> montre une sc\u00e8ne troublante. Elle donne effectivement <strong>une impression de solitude et d\u2019isolement d\u2019Ahou.<\/strong><\/p>\n<p>Dans ce contexte, il est important toutefois de rappeler que <b>les personnes pr\u00e9sentes ce jour-l\u00e0 vivent dans un cadre r\u00e9pressif extr\u00eam<\/b><b>e qui peut expliquer <\/b><b>la prudence de celles et ceux qui l\u2019ont vue, qui ne se sont pas approch\u00e9.e.s, par peur des cons\u00e9quences<\/b><strong>.<\/strong> Dans une telle situation, m\u00eame si on fait face \u00e0 un acte tr\u00e8s courageux, l\u2019effroi peut paralyser. Ce n\u2019est donc pas tant la marque d\u2019un manque d\u2019empathie ou de solidarit\u00e9 que l\u2019indice d\u2019un r\u00e9flexe de survie plus ou moins conscient sous<strong> un r\u00e9gime o\u00f9 les actes de r\u00e9bellion sont s\u00e9v\u00e8rement punis<\/strong> (par des arrestations, des violences physiques, sexuelles, voire la mort).<\/p>\n<p>Dans de telles situations,<strong> il est courant que le soutien se manifeste de mani\u00e8re plus discr\u00e8te et non imm\u00e9diate,<\/strong> par des mots ou des gestes en priv\u00e9 ou par des actions plus petites et individuelles, pour \u00e9viter d\u2019attirer l\u2019attention.<\/p>\n<p>De notre point de vue occidental, il peut en effet \u00eatre plus facile d\u2019admirer le courage d\u2019Ahou Daryaei, car nous ne vivons pas dans cette peur quotidienne. Mais cela ne diminue en rien le combat <b>des femmes qui luttent pour leurs droits dans des environnements o\u00f9 le simple fait d\u2019exprimer leur m\u00e9contentement peut mettre leur vie en dange<\/b><strong>r.<\/strong><\/p>\n<p>Ce genre de situation montre pr\u00e9cis\u00e9ment pourquoi il est important de <b>rester vigilant.e.s quant aux interpr\u00e9tations occidentales des actes de r\u00e9sistance dans des contextes culturels et politiques tr\u00e8s diff\u00e9rents des n\u00f4tres<\/b><strong>.<\/strong> Plut\u00f4t que de chercher une r\u00e9action unanime d\u2019une seule admiration, il peut \u00eatre pertinent d\u2019analyser \u00e9galement ce qui provoque ce silence et cette distance : la peur, les r\u00e9pressions pass\u00e9es, et le climat d\u2019oppression qui p\u00e8se sur chaque femme en Iran.<\/p>\n<p>La bravoure d\u2019Ahou Daryaei reste ind\u00e9niable et admirable en tout point, mais elle n\u2019annule pas <b>les r\u00e9actions humaines et compr\u00e9hensibles des autres femmes, et elle ne doit pas non plus servir \u00e0 juger ou culpabiliser celles qui, elles, ont encore peur de s\u2019exprimer ou de r\u00e9sister ouvertement<\/b>.<\/p>\n<h2 class=\"western\"><b>L\u2019h\u00e9ro\u00efsation qui isole et hi\u00e9rarchise<\/b><\/h2>\n<p>L\u2019h\u00e9ro\u00efsation est un ph\u00e9nom\u00e8ne tr\u00e8s pr\u00e9gnant \u00e0 travers l\u2019histoire, en partie en raison de la mani\u00e8re dont nos soci\u00e9t\u00e9s valorisent l\u2019individualisme et les r\u00e9cits de r\u00e9ussite personnelle. Depuis des si\u00e8cles, <strong>nos cultures sont marqu\u00e9es par des r\u00e9cits particuli\u00e8rement <em>h\u00e9ro\u00efs\u00e9s<\/em>,<\/strong> qu\u2019il s\u2019agisse de personnages historiques, de figures politiques ou m\u00eame de c\u00e9l\u00e9brit\u00e9s et d\u2019entrepreneurs pour notre \u00e9poque.<\/p>\n<p>Ce besoin de d\u00e9signer des \u00ab h\u00e9ros \u00bb vient du d\u00e9sir de donner <b>un visage symbolique aux luttes ou aux id\u00e9es, mais il peut aussi simplifier des r\u00e9alit\u00e9s complexes en les concentrant sur des individus plut\u00f4t que sur des mouvements collectifs<\/b><strong>.<\/strong> Cette tendance \u00e0 l\u2019h\u00e9ro\u00efsation est aujourd\u2019hui renforc\u00e9e par les r\u00e9seaux sociaux, o\u00f9 des images frappantes ou des actions spectaculaires d\u2019individus peuvent<strong> captiver l\u2019attention d\u2019un large public et devenir virales,<\/strong> parfois \u00e0 la limite du <em>culte de la personnalit\u00e9.<\/em><\/p>\n<p>Pourtant, pr\u00e9senter des individus comme des ic\u00f4nes de mouvements bien plus vastes peut parfois<strong> r\u00e9duire ces luttes aux actes de quelques figures<\/strong> <strong>et conduire \u00e0 ignorer l\u2019effort collectif qui les soutient.<\/strong> L\u2019h\u00e9ro\u00efsation d\u2019une figure comme Ahou Daryaei, bien qu\u2019inspirante par son incroyable bravoure, peut \u00e9galement conduire \u00e0 la cr\u00e9ation d\u2019une hi\u00e9rarchie implicite qui oppose d\u2019embl\u00e9e son courage \u00e0 la pr\u00e9tendue passivit\u00e9 des autres.<\/p>\n<p>Cette approche fait abstraction des <b>dynamiques de peur, de r\u00e9pression, et des multiples formes de r\u00e9sistance qui existent \u00e0 d\u2019autres \u00e9chelles moins spectaculaires.<\/b>\u00a0Or, une lutte collective comme celle des femmes iraniennes se nourrit de multiples actes, de gestes de solidarit\u00e9 discrets, d\u2019une r\u00e9silience quotidienne.<\/p>\n<blockquote>\n<p><span style=\"font-family: Liberation Serif, serif;\">\u00ab <\/span><strong>En pla\u00e7ant Ahou sur un pi\u00e9destal, bien qu\u2019honorer son geste reste l\u00e9gitime, certaines illustrations peuvent donner l\u2019impression que seule une poign\u00e9e de femmes exceptionnelles s\u2019opposent au r\u00e9gime, occultant ainsi l\u2019engagement et les sacrifices de milliers d\u2019autres qui luttent aussi \u00e0 leur mani\u00e8re, parfois m\u00eame en silence.<\/strong><span style=\"font-family: Liberation Serif, serif;\">\u00a0\u00bb<\/span><\/p>\n<\/blockquote>\n<p>En pla\u00e7ant Ahou sur un pi\u00e9destal, <b>certaines illustrations peuvent donner l\u2019impression que seule une poign\u00e9e de femmes exceptionnelles s\u2019opposent au r\u00e9gime<\/b>, occultant ainsi l\u2019engagement et les sacrifices de milliers d\u2019autres qui luttent aussi \u00e0 leur mani\u00e8re, parfois m\u00eame en silence.<\/p>\n<p>Ainsi, une repr\u00e9sentation plus nuanc\u00e9e permettrait de rendre hommage \u00e0 toutes ces femmes et de souligner <b>l\u2019ampleur d\u2019un mouvement de r\u00e9sistance qui appartient \u00e0 tout un peuple et ne se limite pas \u00e0 des figures h\u00e9ro\u00efques <\/b><b>seules<\/b><strong>.<\/strong> Elles ne sont pas seules.<\/p>\n<h2 class=\"western\"><strong>La pression sur les femmes et la d\u00e9responsabilisation des hommes<\/strong><\/h2>\n<p>Il est \u00e9galement important de souligner que certaines femmes peuvent, par int\u00e9riorisation des valeurs patriarcales ou par peur, jouer un r\u00f4le de soutien aupr\u00e8s d\u2019un syst\u00e8me oppressif. <b>Cela ne signifie pas qu\u2019elles sont elles-m\u00eames la source de cette oppression, mais qu\u2019elles subissent des pressions profondes qui les conditionnent \u00e0 agir dans le sens de leur propre oppression,<\/b> parfois en participant directement aux structures de pouvoir.<\/p>\n<p>Ce syst\u00e8me impose des valeurs et des normes si profond\u00e9ment ancr\u00e9es qu\u2019elles finissent par <strong>se transmettre et se perp\u00e9tuer,<\/strong> m\u00eame involontairement, \u00e0 travers les comportements de celles et ceux qui en sont pourtant les victimes.<\/p>\n<figure id=\"attachment_688592\" aria-describedby=\"caption-attachment-688592\" style=\"width: 974px\" class=\"wp-caption alignnone\"><img loading=\"lazy\" decoding=\"async\" class=\"size-full wp-image-688592\" src=\"https:\/\/mrmondialisation.org\/wp-content\/uploads\/2024\/11\/capture-decran-du-2024-11-07-16-01-40.png\" alt=\"\" width=\"974\" height=\"758\" srcset=\"https:\/\/mrmondialisation.org\/wp-content\/uploads\/2024\/11\/capture-decran-du-2024-11-07-16-01-40.png 974w, https:\/\/mrmondialisation.org\/wp-content\/uploads\/2024\/11\/capture-decran-du-2024-11-07-16-01-40-768x598.png 768w, https:\/\/mrmondialisation.org\/wp-content\/uploads\/2024\/11\/capture-decran-du-2024-11-07-16-01-40-696x542.png 696w, https:\/\/mrmondialisation.org\/wp-content\/uploads\/2024\/11\/capture-decran-du-2024-11-07-16-01-40-540x420.png 540w\" sizes=\"auto, (max-width: 974px) 100vw, 974px\"\/><figcaption id=\"caption-attachment-688592\" class=\"wp-caption-text\">Source : https:\/\/www.leprogres.fr\/societe\/2024\/11\/04\/ahou-daryaei-l-etudiante-qui-defie-les-mollahs-en-iran-inspire-les-artistes<\/figcaption><\/figure>\n<p>Cependant, pointer du doigt uniquement ces femmes, sans \u00e9voquer l\u2019origine de ces comportements \u2013 les structures patriarcales et autoritaires h\u00e9rit\u00e9es et en place, les pressions familiales, sociales, et souvent \u00e9conomiques \u2013<b> risque de renforcer un discours culpabilisant \u00e0 leur encontre, plut\u00f4t que de se concentrer sur les racines de l\u2019oppression et leur d\u00e9construction.<\/b><\/p>\n<p>Dans les illustrations d\u2019Ahou Daryaei, ces choix artistiques peuvent renvoyer une image de passivit\u00e9 g\u00e9n\u00e9ralis\u00e9e qui pourrait \u00eatre mal interpr\u00e9t\u00e9e, voire utilis\u00e9e pour alimenter des st\u00e9r\u00e9otypes et des discours de stigmatisation, en Occident comme ailleurs. Ce qui est essentiel, c\u2019est de s\u2019assurer que ces repr\u00e9sentations montrent que <b>l\u2019oppression n\u2019est pas une question <\/b><b>de \u00ab\u00a0bonne\u00a0\u00bb ou de \u00ab\u00a0mauvaise\u00a0\u00bb attitude des femmes<\/b><b>, mais bien d\u2019un syst\u00e8me qui impose ses valeurs par la force, la peur, et la manipulation<\/b>.<\/p>\n<p>On pourrait croire que seules les femmes ont la responsabilit\u00e9 de se soulever pour mettre fin \u00e0 cette situation et qu\u2019il n\u2019y a rien \u00e0 attendre des hommes, ce qui est, selon moi, encore une fois, une id\u00e9e erron\u00e9e. <strong>Cela met une pression d\u00e9mesur\u00e9e sur les femmes et d\u00e9responsabilise la moiti\u00e9 de la population.<\/strong><\/p>\n<p>La responsabilit\u00e9 de cette situation incombe <strong>en premier lieu aux institutions r\u00e9pressives,<\/strong> et non aux personnes qui subissent cette violence. Dire simplement que les opprim\u00e9.e.s devraient se r\u00e9volter s\u2019ils\/elles ne veulent plus \u00eatre opprim\u00e9.e.s est une vision simpliste et dangereuse qui nie les rouages de l\u2019ali\u00e9nation et du conditionnement. En r\u00e9alit\u00e9, <a target=\"_blank\" href=\"https:\/\/www.iris-france.org\/172935-contestation-en-iran-combien-de-temps-le-regime-peut-il-encore-utiliser-la-repression\/\"><b>l\u2019immense majorit\u00e9 de la <\/b><b>population iranienne <\/b><b>est <\/b><b>oppos\u00e9e au r\u00e9gime en place<\/b><\/a>,<b> femmes et hommes confondu.e.s<\/b>. Et si le soul\u00e8vement massif de 2022 a \u00e9t\u00e9 violemment r\u00e9prim\u00e9, des actions de r\u00e9sistance continuent d\u2019avoir lieu pour lutter contre ce r\u00e9gime \u00e0 chaque instant, y compris en dehors des moments forts qui surgissent.<\/p>\n<p align=\"right\">\u2013 <i><b>Elena Meilune<\/b><\/i><\/p>\n<div class=\"td-a-rec td-a-rec-id-content_bottom_mob \"><span class=\"td-adspot-title\">&#8211; Information &#8211;<\/span><\/p>\n<div class=\"td-all-devices\">\n    <a target=\"_blank\" href=\"https:\/\/mrmondialisation.org\/donation\/\" title=\"Faire_un_don\"><img decoding=\"async\" class=\"donationArticle\" src=\"https:\/\/mrmondialisation.org\/wp-content\/uploads\/2022\/12\/220405-flikalicious-final.jpg\" alt=\"Donation\"\/><\/a>\n<\/div>\n<\/div><\/div>\n<p><script async defer src=\"https:\/\/platform.instagram.com\/en_US\/embeds.js\"><\/script><br \/>\n<br \/><br \/>\n<br \/><a href=\"https:\/\/mrmondialisation.org\/ahou-daryaei-des-hommages-qui-divisent-les-femmes\/\" target=\"_blank\"\">Source link <\/a><\/p>\n","protected":false},"excerpt":{"rendered":"<p>Ahou Daryaei : ces hommages qui divisent les femmes &#8211; Information &#8211;Soutenir Mr Japanization sur Tipeee R\u00e9cemment, nous avons publi\u00e9 une vid\u00e9o artistique sur nos r\u00e9seaux sociaux, un hommage, parmi&hellip; <\/p>\n","protected":false},"author":1,"featured_media":196,"comment_status":"open","ping_status":"open","sticky":false,"template":"","format":"standard","meta":{"footnotes":""},"categories":[1],"tags":[],"class_list":["post-195","post","type-post","status-publish","format-standard","has-post-thumbnail","hentry","category-non-classe"],"_links":{"self":[{"href":"https:\/\/monde25.info\/index.php\/wp-json\/wp\/v2\/posts\/195","targetHints":{"allow":["GET"]}}],"collection":[{"href":"https:\/\/monde25.info\/index.php\/wp-json\/wp\/v2\/posts"}],"about":[{"href":"https:\/\/monde25.info\/index.php\/wp-json\/wp\/v2\/types\/post"}],"author":[{"embeddable":true,"href":"https:\/\/monde25.info\/index.php\/wp-json\/wp\/v2\/users\/1"}],"replies":[{"embeddable":true,"href":"https:\/\/monde25.info\/index.php\/wp-json\/wp\/v2\/comments?post=195"}],"version-history":[{"count":0,"href":"https:\/\/monde25.info\/index.php\/wp-json\/wp\/v2\/posts\/195\/revisions"}],"wp:featuredmedia":[{"embeddable":true,"href":"https:\/\/monde25.info\/index.php\/wp-json\/wp\/v2\/media\/196"}],"wp:attachment":[{"href":"https:\/\/monde25.info\/index.php\/wp-json\/wp\/v2\/media?parent=195"}],"wp:term":[{"taxonomy":"category","embeddable":true,"href":"https:\/\/monde25.info\/index.php\/wp-json\/wp\/v2\/categories?post=195"},{"taxonomy":"post_tag","embeddable":true,"href":"https:\/\/monde25.info\/index.php\/wp-json\/wp\/v2\/tags?post=195"}],"curies":[{"name":"wp","href":"https:\/\/api.w.org\/{rel}","templated":true}]}}