{"id":19504,"date":"2025-11-17T00:39:04","date_gmt":"2025-11-16T23:39:04","guid":{"rendered":"https:\/\/monde25.info\/index.php\/2025\/11\/17\/devoir-de-vigilance-le-parlement-europeen-vote-la-victoire-des-multinationales\/"},"modified":"2025-11-17T00:39:04","modified_gmt":"2025-11-16T23:39:04","slug":"devoir-de-vigilance-le-parlement-europeen-vote-la-victoire-des-multinationales","status":"publish","type":"post","link":"https:\/\/monde25.info\/index.php\/2025\/11\/17\/devoir-de-vigilance-le-parlement-europeen-vote-la-victoire-des-multinationales\/","title":{"rendered":"Devoir de vigilance\u00a0: le Parlement europ\u00e9en vote la victoire des multinationales"},"content":{"rendered":"<p> <br \/>\n<br \/><img loading=\"lazy\" decoding=\"async\" src=\"https:\/\/reporterre.net\/local\/cache-vignettes\/L700xH467\/european_union_flag__4768764591_2_-2-564b4.jpg?1763039257\" class=\"spip_logo\" width=\"700\" height=\"467\" alt=\"\" \/><\/p>\n<p>Le Parlement europ\u00e9en a \u00e9t\u00e9 le th\u00e9\u00e2tre d&rsquo;un vote climaticide. Les eurod\u00e9put\u00e9s ont adopt\u00e9 le 13\u00a0novembre le paquet l\u00e9gislatif Omnibus, qui d\u00e9tricote la directive sur le devoir de vigilance des entreprises. Cette innovation historique ratifi\u00e9e en 2024 rendait les multinationales juridiquement responsables de leurs cons\u00e9quences sociales et environnementales \u00e0 travers le monde. <br class=\"autobr\" \/><br \/>\nAdopt\u00e9 par 382 \u00e9lus contre 249, le texte d\u00e9mant\u00e8le des pans entiers de la l\u00e9gislation, notamment les plans de\u00a0(\u2026)<\/p>\n<p>                    <a target=\"_blank\" href=\"https:\/\/reporterre.net\/Devoir-de-vigilance-le-Parlement-europeen-vote-la-victoire-des-multinationales?utm_source=RSS&amp;utm_medium=RSS\">Lire la suite<\/a><\/p>\n<p>                    &#8211;<br \/>\n                        <a target=\"_blank\" href=\"https:\/\/reporterre.net\/Breves-20\" rel=\"directory\">En bref<\/a><\/p>\n<p>                    \/<br \/>\n                        <a target=\"_blank\" href=\"https:\/\/reporterre.net\/Europe\" rel=\"tag\">Europe<\/a><br \/>\n<br \/><br \/>\n<br \/><a href=\"https:\/\/reporterre.net\/Devoir-de-vigilance-le-Parlement-europeen-vote-la-victoire-des-multinationales\" target=\"_blank\"\">Source link <\/a><\/p>\n","protected":false},"excerpt":{"rendered":"<p>Le Parlement europ\u00e9en a \u00e9t\u00e9 le th\u00e9\u00e2tre d&rsquo;un vote climaticide. Les eurod\u00e9put\u00e9s ont adopt\u00e9 le 13\u00a0novembre le paquet l\u00e9gislatif Omnibus, qui d\u00e9tricote la directive sur le devoir de vigilance des&hellip; <\/p>\n","protected":false},"author":1,"featured_media":0,"comment_status":"open","ping_status":"open","sticky":false,"template":"","format":"standard","meta":{"footnotes":""},"categories":[1],"tags":[],"class_list":["post-19504","post","type-post","status-publish","format-standard","hentry","category-non-classe"],"_links":{"self":[{"href":"https:\/\/monde25.info\/index.php\/wp-json\/wp\/v2\/posts\/19504","targetHints":{"allow":["GET"]}}],"collection":[{"href":"https:\/\/monde25.info\/index.php\/wp-json\/wp\/v2\/posts"}],"about":[{"href":"https:\/\/monde25.info\/index.php\/wp-json\/wp\/v2\/types\/post"}],"author":[{"embeddable":true,"href":"https:\/\/monde25.info\/index.php\/wp-json\/wp\/v2\/users\/1"}],"replies":[{"embeddable":true,"href":"https:\/\/monde25.info\/index.php\/wp-json\/wp\/v2\/comments?post=19504"}],"version-history":[{"count":0,"href":"https:\/\/monde25.info\/index.php\/wp-json\/wp\/v2\/posts\/19504\/revisions"}],"wp:attachment":[{"href":"https:\/\/monde25.info\/index.php\/wp-json\/wp\/v2\/media?parent=19504"}],"wp:term":[{"taxonomy":"category","embeddable":true,"href":"https:\/\/monde25.info\/index.php\/wp-json\/wp\/v2\/categories?post=19504"},{"taxonomy":"post_tag","embeddable":true,"href":"https:\/\/monde25.info\/index.php\/wp-json\/wp\/v2\/tags?post=19504"}],"curies":[{"name":"wp","href":"https:\/\/api.w.org\/{rel}","templated":true}]}}