{"id":19507,"date":"2025-11-17T01:45:37","date_gmt":"2025-11-17T00:45:37","guid":{"rendered":"https:\/\/monde25.info\/index.php\/2025\/11\/17\/un-partenariat-strategique-avec-la-russie-pour-doubler-la-production-electrique-dici-2030-rt-en-francais\/"},"modified":"2025-11-17T01:45:37","modified_gmt":"2025-11-17T00:45:37","slug":"un-partenariat-strategique-avec-la-russie-pour-doubler-la-production-electrique-dici-2030-rt-en-francais","status":"publish","type":"post","link":"https:\/\/monde25.info\/index.php\/2025\/11\/17\/un-partenariat-strategique-avec-la-russie-pour-doubler-la-production-electrique-dici-2030-rt-en-francais\/","title":{"rendered":"un partenariat strat\u00e9gique avec la Russie pour doubler la production \u00e9lectrique d\u2019ici 2030 \u2014 RT en fran\u00e7ais"},"content":{"rendered":"<p> <br \/>\n<br \/><img decoding=\"async\" src=\"https:\/\/mf.b37mrtl.ru\/french\/images\/2025.11\/thumbnail\/691a092087f3ec73994b25e8.jpeg\" \/><\/p>\n<div>\n<p class=\"text__summary\">\n                                        Ouagadougou s\u2019appr\u00eate \u00e0 doubler sa capacit\u00e9 de production \u00e9lectrique d\u2019ici 2030 gr\u00e2ce \u00e0 un accord conclu avec la Russie. Le ministre des Affaires \u00e9trang\u00e8res, Karamoko Jean-Marie Traor\u00e9, a salu\u00e9 ce partenariat avec Rosatom, qui vise \u00e0 renforcer l\u2019ind\u00e9pendance \u00e9nerg\u00e9tique du pays et \u00e0 all\u00e9ger le co\u00fbt de l\u2019\u00e9lectricit\u00e9 pour la population.\n                                    <\/p>\n<p>D\u00e9termin\u00e9 \u00e0 renforcer son ind\u00e9pendance \u00e9nerg\u00e9tique, le Burkina Faso s\u2019oriente r\u00e9solument vers un partenariat strat\u00e9gique avec la Russie. \u00c0 l\u2019occasion d\u2019une s\u00e9ance parlementaire, le ministre des Affaires \u00e9trang\u00e8res, Karamoko Jean-Marie Traor\u00e9, a pr\u00e9sent\u00e9 l\u2019accord de coop\u00e9ration sign\u00e9 avec la soci\u00e9t\u00e9 d\u2019\u00c9tat russe Rosatom. Paraph\u00e9 le 19 juin 2025, en marge du Forum \u00e9conomique international de Saint-P\u00e9tersbourg, ce texte vise le d\u00e9veloppement de l\u2019\u00e9nergie nucl\u00e9aire \u00e0 des fins pacifiques sur le territoire burkinab\u00e8.<\/p>\n<p>\u00c0 en croire le ministre \u00ab\u00a0ce partenariat avec la Russie cr\u00e9e des opportunit\u00e9s pour augmenter la production d\u2019\u00e9lectricit\u00e9 de plusieurs centaines de m\u00e9gawatts d\u2019ici 2030, ce qui permettra de doubler les capacit\u00e9s de production nationales\u00a0\u00bb. Il a \u00e9galement soulign\u00e9 que cette coop\u00e9ration contribuera \u00e0 renforcer la \u00ab\u00a0souverainet\u00e9 \u00e9nerg\u00e9tique\u00a0\u00bb du pays, \u00e0 r\u00e9duire les co\u00fbts de l\u2019\u00e9lectricit\u00e9 pour la population et \u00e0 soutenir l\u2019industrialisation nationale.<\/p>\n<h2><strong>Une feuille de route ambitieuse d\u2019ici 2030<\/strong><\/h2>\n<p>Cette initiative s\u2019inscrit dans une strat\u00e9gie nationale entam\u00e9e d\u00e8s 2023, visant \u00e0 diversifier les sources d\u2019\u00e9nergie et \u00e0 r\u00e9duire la d\u00e9pendance aux conditions ext\u00e9rieures. La construction de la toute premi\u00e8re centrale nucl\u00e9aire du Burkina Faso est pr\u00e9vue dans ce cadre, avec l\u2019appui technique de la Russie.<\/p>\n<p>Le projet, qui comporte une vingtaine d\u2019\u00e9tapes avant sa r\u00e9alisation compl\u00e8te, sera soumis \u00e0 ratification lors d\u2019un vote du Conseil national de l\u2019\u00e9nergie pr\u00e9vu le 21 novembre. Le ministre Traor\u00e9 a insist\u00e9 sur le caract\u00e8re progressif de cette coop\u00e9ration, qualifiant l\u2019accord d\u2019\u00ab\u00a0\u00e9tape initiale\u00a0\u00bb dans un long processus.<\/p>\n<p>Parall\u00e8lement, des discussions sont d\u00e9j\u00e0 en cours avec Rosatom pour la mise en service d\u2019une centrale de petite capacit\u00e9 d\u00e8s 2030. Le programme inclut \u00e9galement la mise en place de r\u00e9acteurs de recherche ainsi que l\u2019acc\u00e8s aux services du cycle du combustible nucl\u00e9aire.<\/p>\n<h2><strong>Une coop\u00e9ration multidimensionnelle<\/strong><\/h2>\n<p>Le partenariat entre Moscou et Ouagadougou ne se limite pas \u00e0 l\u2019\u00e9nergie. D\u00e8s octobre 2023, un m\u00e9morandum de coop\u00e9ration avait \u00e9t\u00e9 sign\u00e9 lors de la Semaine de l\u2019\u00c9nergie russe. En mars 2024, une feuille de route a \u00e9t\u00e9 \u00e9tablie lors du forum Atomexpo 2024, jetant les bases d\u2019un cadre juridique et technique pour l\u2019ensemble du projet.<\/p>\n<p>Ce d\u00e9veloppement constitue un levier crucial pour pallier les carences des infrastructures \u00e9nerg\u00e9tiques existantes. Il refl\u00e8te aussi la volont\u00e9 du Burkina Faso de s\u2019\u00e9manciper des mod\u00e8les h\u00e9rit\u00e9s de l\u2019\u00e9poque coloniale et de privil\u00e9gier des alliances souveraines et \u00e9quilibr\u00e9es.<\/p>\n<p>Le projet nucl\u00e9aire pr\u00e9voit \u00e9galement des applications civiles dans l\u2019agriculture et la m\u00e9decine, renfor\u00e7ant ainsi la port\u00e9e strat\u00e9gique de la coop\u00e9ration russo-burkinab\u00e8.<\/p>\n<p>En faisant le choix de l\u2019\u00e9nergie nucl\u00e9aire aux c\u00f4t\u00e9s de la Russie, le Burkina Faso marque une \u00e9tape d\u00e9cisive vers une modernisation \u00e9nerg\u00e9tique durable, align\u00e9e sur ses int\u00e9r\u00eats souverains et tourn\u00e9e vers l\u2019avenir.<\/p>\n<\/div>\n<p><br \/>\n<br \/><a href=\"https:\/\/francais.rt.com\/afrique\/127438-burkina-faso-partenariat-strategique-russie-doubler-production-electrique\" target=\"_blank\"\">Source link <\/a><\/p>\n","protected":false},"excerpt":{"rendered":"<p>Ouagadougou s\u2019appr\u00eate \u00e0 doubler sa capacit\u00e9 de production \u00e9lectrique d\u2019ici 2030 gr\u00e2ce \u00e0 un accord conclu avec la Russie. Le ministre des Affaires \u00e9trang\u00e8res, Karamoko Jean-Marie Traor\u00e9, a salu\u00e9 ce&hellip; <\/p>\n","protected":false},"author":1,"featured_media":19508,"comment_status":"open","ping_status":"open","sticky":false,"template":"","format":"standard","meta":{"footnotes":""},"categories":[1],"tags":[],"class_list":["post-19507","post","type-post","status-publish","format-standard","has-post-thumbnail","hentry","category-non-classe"],"_links":{"self":[{"href":"https:\/\/monde25.info\/index.php\/wp-json\/wp\/v2\/posts\/19507","targetHints":{"allow":["GET"]}}],"collection":[{"href":"https:\/\/monde25.info\/index.php\/wp-json\/wp\/v2\/posts"}],"about":[{"href":"https:\/\/monde25.info\/index.php\/wp-json\/wp\/v2\/types\/post"}],"author":[{"embeddable":true,"href":"https:\/\/monde25.info\/index.php\/wp-json\/wp\/v2\/users\/1"}],"replies":[{"embeddable":true,"href":"https:\/\/monde25.info\/index.php\/wp-json\/wp\/v2\/comments?post=19507"}],"version-history":[{"count":0,"href":"https:\/\/monde25.info\/index.php\/wp-json\/wp\/v2\/posts\/19507\/revisions"}],"wp:featuredmedia":[{"embeddable":true,"href":"https:\/\/monde25.info\/index.php\/wp-json\/wp\/v2\/media\/19508"}],"wp:attachment":[{"href":"https:\/\/monde25.info\/index.php\/wp-json\/wp\/v2\/media?parent=19507"}],"wp:term":[{"taxonomy":"category","embeddable":true,"href":"https:\/\/monde25.info\/index.php\/wp-json\/wp\/v2\/categories?post=19507"},{"taxonomy":"post_tag","embeddable":true,"href":"https:\/\/monde25.info\/index.php\/wp-json\/wp\/v2\/tags?post=19507"}],"curies":[{"name":"wp","href":"https:\/\/api.w.org\/{rel}","templated":true}]}}