{"id":1951,"date":"2024-12-11T05:26:30","date_gmt":"2024-12-11T04:26:30","guid":{"rendered":"https:\/\/monde25.info\/index.php\/2024\/12\/11\/apres-les-medias-les-milliardaires-visent-les-ecoles-de-journalisme\/"},"modified":"2024-12-11T05:26:30","modified_gmt":"2024-12-11T04:26:30","slug":"apres-les-medias-les-milliardaires-visent-les-ecoles-de-journalisme","status":"publish","type":"post","link":"https:\/\/monde25.info\/index.php\/2024\/12\/11\/apres-les-medias-les-milliardaires-visent-les-ecoles-de-journalisme\/","title":{"rendered":"Apr\u00e8s les m\u00e9dias, les milliardaires visent les \u00e9coles de journalisme"},"content":{"rendered":"<p> <br \/>\n<\/p>\n<div>\n<h4><strong>De plus en plus format\u00e9s pour r\u00e9pondre aux <a target=\"_blank\" href=\"https:\/\/mrmondialisation.org\/publicite-medias-independance\/\">exigences des m\u00e9dias de masse d\u00e9tenus par de grandes fortunes<\/a>, les journalistes sont s\u00e9lectionn\u00e9s pour se comporter de cette mani\u00e8re d\u00e8s l\u2019\u00e9cole. Les ultra-riches n\u2019h\u00e9sitent maintenant plus \u00e0 investir directement dans des \u00e9tablissements priv\u00e9s sp\u00e9cialis\u00e9s dans le domaine, comme l\u2019ESJ Paris, le plus vieil institut de France qui vient d\u2019\u00eatre rachet\u00e9 par un groupe de milliardaires.<\/strong><\/h4>\n<p>La nouvelle a fait beaucoup de bruit lorsque l\u2019on a appris que <strong>l\u2019ESJ Paris, une \u00e9cole de journalisme parisienne,<\/strong> avait \u00e9t\u00e9 <a target=\"_blank\" href=\"https:\/\/www.lemonde.fr\/actualite-medias\/article\/2024\/11\/15\/l-ecole-de-journalisme-esj-paris-reprise-par-des-proprietaires-conservateurs-de-medias-dont-vincent-bollore_6395227_3236.html\">vendue \u00e0 des propri\u00e9taires de m\u00e9dias mainstream <\/a>parmi lesquels on retrouve Vincent Bollor\u00e9, Bernard Arnault, \u00a0l\u2019ancien patron du MEDEF Pierre Gattaz, Rodolphe Saad\u00e9 ou encore Marie-H\u00e9l\u00e8ne Dassault. Une pratique qui n\u2019est pourtant pas nouvelle, et qui d\u00e9montre \u00e0 quel point <strong>d\u00e9tenir les organismes de formations de ceux qui font l\u2019information en France est un enjeu br\u00fblant.<\/strong><\/p>\n<h2><strong>Des journalistes tri\u00e9s sur le volet<\/strong><\/h2>\n<p><strong>Lorsque l\u2019on fait observer aux c\u00e9l\u00e8bres journalistes de plateaux que leurs m\u00e9dias sont inf\u00e9od\u00e9s aux milliardaires,<\/strong> ils r\u00e9pondent bien souvent que ces commentaires sont scandaleux, puisqu\u2019ils mettraient en doute leur ind\u00e9pendance. L\u2019animateur <a target=\"_blank\" href=\"https:\/\/www.lexpress.fr\/economie\/medias\/jean-marc-morandini-sur-itele-l-animateur-le-plus-decrie-du-paf_1804964.html\">Jean-Marc Morandini jurait<\/a> ainsi avoir une \u00ab\u00a0<em>libert\u00e9 de parole totale<\/em>\u00a0\u00bb et \u00ab\u00a0<em>n\u2019avoir jamais re\u00e7u le moindre coup de fil<\/em>\u00a0\u00bb.<\/p>\n<p><iframe loading=\"lazy\" title=\"\ud83e\udd8f \u00c9COLES DE JOURNALISME : LA FABRIQUE DU CONFORMISME BOURGEOIS\" width=\"1110\" height=\"624\" src=\"https:\/\/www.youtube.com\/embed\/27OwUSR5kco?feature=oembed\" frameborder=\"0\" allow=\"accelerometer; autoplay; clipboard-write; encrypted-media; gyroscope; picture-in-picture; web-share\" referrerpolicy=\"strict-origin-when-cross-origin\" allowfullscreen><\/iframe><\/p>\n<p>De m\u00eame, <strong>L\u00e9a Salam\u00e9, l\u2019une des journalistes du paysage audiovisuel fran\u00e7ais <a target=\"_blank\" href=\"https:\/\/www.acrimed.org\/Gauche-inaudible-pour-Lea-Salame-la-fin-justifie\">les plus engag\u00e9es<\/a> contre la gauche de rupture<\/strong>, <a target=\"_blank\" href=\"https:\/\/www.nouvelobs.com\/le-grand-oral\/20151221.OBS1691\/lea-salame-ma-generation-a-dit-la-connivence-ca-suffit.html\">se vantait \u00e9galement<\/a> de n\u2019avoir \u00ab\u00a0<em>jamais re\u00e7u une injonction, ni une remarque, ni un texto de l\u2019un de ses patrons\u00a0<\/em>\u00bb. Dans la m\u00eame interview, dat\u00e9e de d\u00e9cembre 2015, elle assurait n\u2019avoir \u00ab\u00a0<em>aucune connivence<\/em>\u00a0\u00bb avec les politiciens, expliquant que sa g\u00e9n\u00e9ration avait dit \u00ab\u00a0<em>\u00e7a suffit<\/em>\u00a0\u00bb \u00e0 ces pratiques et qu\u2019elle n\u2019avait \u00ab\u00a0<em>aucun ami dans ce milieu<\/em>\u00a0\u00bb.<\/p>\n<p>En r\u00e9alit\u00e9, <strong>les grands patrons de presse n\u2019ont pas besoin d\u2019envoyer des directives ni d\u2019exercer une contrainte sur leurs employ\u00e9s.<\/strong> D\u00e8s le d\u00e9part, ceux-ci sont <strong>s\u00e9lectionn\u00e9s pour leur correspondance id\u00e9ologique avec la ligne \u00e9ditoriale du m\u00e9dia<\/strong>. Et c\u2019est bien celle-ci qui est dict\u00e9e par les propri\u00e9taires.<\/p>\n<h2><strong>Les m\u00e9dias verrouill\u00e9s par les grands patrons<\/strong><\/h2>\n<p>Ainsi, quand Vincent Bollor\u00e9 a rachet\u00e9 I-t\u00e9l\u00e9 (devenu CNEWS), Europe 1, ou le JDD, il en a profond\u00e9ment transform\u00e9 la ligne \u00e9ditoriale. Et pour ce faire, il a proc\u00e9d\u00e9 \u00e0 <strong>une <a target=\"_blank\" href=\"https:\/\/lareleveetlapeste.fr\/les-medias-de-bollore-utilisent-leur-influence-pour-faciliter-larrivee-du-rn-au-pouvoir\/\">vaste purge des employ\u00e9s<\/a>.<\/strong><\/p>\n<p>De fait, <strong>quand Ruth El Krief, Christophe Barbier ou <a target=\"_blank\" href=\"https:\/\/mrmondialisation.org\/editorialistes-militants-neoliberalisme\/\">tout autre chroniqueur<\/a> de plateau d\u00e9fendent avec ardeur le capitalisme et le n\u00e9olib\u00e9ralisme<\/strong>, ce n\u2019est pas parce que leurs patrons l\u2019ont exig\u00e9. Mais bien parce que <strong>ces individus ont \u00e9t\u00e9 engag\u00e9s et form\u00e9s \u00e0 mettre sinc\u00e8rement en avant ces opinions.<\/strong><\/p>\n<p><iframe loading=\"lazy\" title=\"Conna\u00eetre l&#039;id\u00e9ologie des m\u00e9dias\" width=\"1110\" height=\"624\" src=\"https:\/\/www.youtube.com\/embed\/Y_BuU1BTsVQ?feature=oembed\" frameborder=\"0\" allow=\"accelerometer; autoplay; clipboard-write; encrypted-media; gyroscope; picture-in-picture; web-share\" referrerpolicy=\"strict-origin-when-cross-origin\" allowfullscreen><\/iframe><\/p>\n<p>\u00c9videmment, les sommes colossales re\u00e7ues par certains journalistes peuvent effectivement aider une figure m\u00e9diatique \u00e0 pencher du c\u00f4t\u00e9 de la droite plut\u00f4t que de la gauche. \u00c0 ce titre, <a target=\"_blank\" href=\"https:\/\/contre-attaque.net\/2022\/11\/16\/hanouna-anus-de-chien-et-reseaux-dextreme-droite\/\">l\u2019exemple de Cyril Hanouna<\/a> est probablement le plus probant. <strong>L\u2019animateur qui d\u00e9fend aujourd\u2019hui des positions d\u2019extr\u00eame-droite \u00e9tait pourtant politiquement beaucoup plus mod\u00e9r\u00e9 avant l\u2019arriv\u00e9e de Vincent Bollor\u00e9.<\/strong><\/p>\n<h2><strong>Un manque \u00e9vident de pluralisme<\/strong><\/h2>\n<p>Pour autant, dans la plupart des m\u00e9dias, <strong>les journalistes sont d\u2019abord embauch\u00e9s pour leurs opinions correspondantes \u00e0 la ligne \u00e9ditoriale.<\/strong> Personne n\u2019aurait l\u2019id\u00e9e de recruter quelqu\u2019un de gauche au Figaro, pas plus que quelqu\u2019un de droite \u00e0 l\u2019Humanit\u00e9.<\/p>\n<p><strong>Le pr\u00e9jug\u00e9 affirmant qu\u2019il existerait un journalisme neutre et objectif ne repose en outre sur rien.<\/strong> Chaque individu a sa grille de lecture du monde et chaque m\u00e9dia s\u00e9lectionne et analyse les informations qu\u2019il traite depuis sa ligne \u00e9ditoriale.<\/p>\n<div class=\"td-a-rec td-a-rec-id-content_inlineright  tdi_1 td_block_template_1\">\n<span class=\"td-adspot-title\">&#8211; Pour une information libre ! &#8211;<\/span><a target=\"_blank\" href=\"https:\/\/fr.tipeee.com\/mr-mondialisation\" class=\"tipeee-project-small\">Soutenir Mr Japanization sur Tipeee<\/a>\n<\/div>\n<p><iframe loading=\"lazy\" title=\"JOURNALISME : LA D\u00c9SILLUSION DU M\u00c9TIER PASSION\" width=\"1110\" height=\"624\" src=\"https:\/\/www.youtube.com\/embed\/XxWdlvKuO_M?feature=oembed\" frameborder=\"0\" allow=\"accelerometer; autoplay; clipboard-write; encrypted-media; gyroscope; picture-in-picture; web-share\" referrerpolicy=\"strict-origin-when-cross-origin\" allowfullscreen><\/iframe><\/p>\n<p>\u00c0 ce titre, le principal d\u00e9boire des m\u00e9dias en France n\u2019est donc sans doute pas l\u2019engagement de leurs journalistes ; il s\u2019agit d\u2019ailleurs d\u2019une fatalit\u00e9. Toutefois, il est beaucoup plus d\u00e9rangeant que <strong>l\u2019immense majorit\u00e9 des lignes \u00e9ditoriales du pays <a target=\"_blank\" href=\"https:\/\/contre-attaque.net\/2022\/11\/16\/hanouna-anus-de-chien-et-reseaux-dextreme-droite\/\">penchent vers la droite<\/a>, et m\u00eame, de plus en plus, vers l\u2019extr\u00eame-droite.<\/strong><\/p>\n<h2><strong>Et si les \u00e9coles faisaient partie du probl\u00e8me\u00a0?<\/strong><\/h2>\n<p>\u00c9videmment, si autant de magazines, cha\u00eenes ou radio suivent une direction favorable au capitalisme et \u00e0 la bourgeoisie, c\u2019est pr\u00e9cis\u00e9ment parce que<strong> ceux-ci sont d\u00e9tenus par de riches familles qui y ont tout int\u00e9r\u00eat.<\/strong><\/p>\n<p><iframe loading=\"lazy\" title=\"ELLE A CR\u00c9\u00c9 UNE \u00c9COLE DE JOURNALISME RACHET\u00c9E PAR BOLLOR\u00c9 : QUI \u00c9TAIT DICK MAY ? [ SARAH AL-MATARY\" width=\"1110\" height=\"624\" src=\"https:\/\/www.youtube.com\/embed\/rCmVIf26_aI?feature=oembed\" frameborder=\"0\" allow=\"accelerometer; autoplay; clipboard-write; encrypted-media; gyroscope; picture-in-picture; web-share\" referrerpolicy=\"strict-origin-when-cross-origin\" allowfullscreen><\/iframe><\/p>\n<p>De surcro\u00eet, <strong>les instituts de journalisme, dans lesquelles on entre sur concours, tendent \u00e0 former des esprits en ad\u00e9quation avec l\u2019orientation des grands m\u00e9dias.<\/strong> D\u2019abord, parce que les \u00e9coles aiment pouvoir dire que le taux de recrutement de leurs \u00e9tudiants est \u00e9lev\u00e9.<\/p>\n<p>Or, si un aspirant reporter sortait trop du rang, ses chances d\u2019\u00eatre engag\u00e9 dans un m\u00e9dia mainstream se trouveraient fortement r\u00e9duites. Ce constat est d\u2019autant plus vrai que <strong>la presse ind\u00e9pendante, <a target=\"_blank\" href=\"https:\/\/en.tipeee.com\/mr-mondialisation\">comme Mr Mondialisation<\/a>, dispose bien souvent de tr\u00e8s peu de moyens et embauche donc tr\u00e8s peu.<\/strong><\/p>\n<h2><strong>Les journalistes remplac\u00e9s par des communicants\u00a0?<\/strong><\/h2>\n<p>Dans les \u00e9coles, on s\u2019applique alors \u00e0 former des \u00e9tudiants parfaitement compatibles avec ce que souhaitent les milliardaires. D\u00e8s la s\u00e9lection, la sociologie des individus admis fait aussi que l\u2019on aura peu de personnalit\u00e9 en rupture avec la soci\u00e9t\u00e9 telle qu\u2019elle est. Ainsi, en 2011, <strong>les parents des \u00e9l\u00e8ves accept\u00e9s dans ces \u00e9coles \u00e9taient presque <a target=\"_blank\" href=\"https:\/\/shs.cairn.info\/revue-actes-de-la-recherche-en-sciences-sociales-2011-4-page-72?lang=fr\">quatre fois plus dipl\u00f4m\u00e9s<\/a> \u00e0 hauteur de bac +4 que le la population g\u00e9n\u00e9rale.<\/strong><\/p>\n<hr\/>\n<p><a target=\"_blank\" href=\"https:\/\/fr.tipeee.com\/mr-mondialisation\"><strong>Gratuit, sans subvention et ind\u00e9pendant depuis 10 ans, nous avons besoin de vous pour continuer ce travail en 2024. Sens-toi libre d\u2019activer un abonnement volontaire sur ce lien en offrant un th\u00e9 \u00e0 l\u2019\u00e9quipe. Merci infiniment.<\/strong><\/a><\/p>\n<hr\/>\n<p>De ce fait, <strong>les profils de vrais journalistes d\u2019enqu\u00eate, qui essayent \u00e0 d\u00e9nicher les faits, se font donc de plus en plus rares.<\/strong> \u00c0 la place, on va plus se concentrer sur la forme et sur la fa\u00e7on de communiquer. <strong>L\u00e9a Salam\u00e9, encore elle, <a target=\"_blank\" href=\"https:\/\/www.acrimed.org\/Purge-politique-a-France-Inter\">confessait m\u00eame \u00e0 la radio<\/a> que son \u00ab\u00a0<em>obsession\u00a0\u00bb n\u2019\u00e9tait \u00ab\u00a0pas d\u2019aller chercher, d\u00e9celer la v\u00e9rit\u00e9, mais qu\u2019il y ait un moment\u00a0<\/em>\u00bb.<\/strong><\/p>\n<p><iframe loading=\"lazy\" title=\"CENSURE, PROPAGANDE ET M\u00c9DIAS IND\u00c9PENDANTS : informer correctement est un combat - Denis Robert\" width=\"1110\" height=\"624\" src=\"https:\/\/www.youtube.com\/embed\/jZStRtufknw?feature=oembed\" frameborder=\"0\" allow=\"accelerometer; autoplay; clipboard-write; encrypted-media; gyroscope; picture-in-picture; web-share\" referrerpolicy=\"strict-origin-when-cross-origin\" allowfullscreen><\/iframe><\/p>\n<p>Ainsi, un journaliste n\u2019est plus consid\u00e9r\u00e9 comme quelqu\u2019un qui veut informer les gens, mais plut\u00f4t comme <strong>une simple courroie de transmission du message des propri\u00e9taires de m\u00e9dias.<\/strong> Certaines formations, y compris parmi <a target=\"_blank\" href=\"https:\/\/www.cnmj.fr\/basedocumentaire\/ecoles-journalisme-reconnues\/\">celles reconnues par la profession<\/a>, comme <strong>celle de Lannion ou de Marseille comportent d\u2019ailleurs le mot \u00ab\u00a0communication\u00a0\u00bb<\/strong> dans leurs intitul\u00e9s. <strong>Un d\u00e9tail qui en dit long<\/strong> sur ce que l\u2019on attend r\u00e9ellement de ce m\u00e9tier aujourd\u2019hui.<\/p>\n<h2><strong>Les milliardaires vont-ils en remettre une couche\u00a0?<\/strong><\/h2>\n<p>Pour autant, afin d\u2019\u00eatre certains que les futurs journalistes r\u00e9pondent \u00e0 leurs souhaits, les grandes fortunes pourraient \u00e9galement s\u2019atteler \u00e0 augmenter leurs contr\u00f4les sur les instituts. <strong>Le rachat de l\u2019ESJ Paris par une alliance d\u2019ultra-riches va bien dans ce sens.<\/strong><\/p>\n<p><iframe loading=\"lazy\" title=\"Bollor\u00e9 et ses amis rach\u00e8tent une \u00e9cole de journalisme : \u00e7a change quoi ?\" width=\"1110\" height=\"624\" src=\"https:\/\/www.youtube.com\/embed\/xd14uJucxDU?feature=oembed\" frameborder=\"0\" allow=\"accelerometer; autoplay; clipboard-write; encrypted-media; gyroscope; picture-in-picture; web-share\" referrerpolicy=\"strict-origin-when-cross-origin\" allowfullscreen><\/iframe><\/p>\n<p>Mais il n\u2019est pas une premi\u00e8re, puisqu\u2019il existe <a target=\"_blank\" href=\"https:\/\/ecolesdejournalisme.com\/ecoles-journalisme-france\/liste-ecoles-journalisme\/\">plusieurs dizaines d\u2019\u00e9coles<\/a> priv\u00e9es du m\u00eame domaine dans le pays. <strong>En 2013, une autre d\u2019entre elles, le CFPJ, avait <a target=\"_blank\" href=\"https:\/\/www.acrimed.org\/Une-bien-etrange-entreprise-le-Centre-de-formation-et-de-perfectionnement-des\">fait pol\u00e9mique<\/a> pour ses modes de financement, notamment li\u00e9s \u00e0 la famille Mulliez (Groupe Auchan).<\/strong> En outre, parmi les formations priv\u00e9es, <a target=\"_blank\" href=\"https:\/\/www.studyrama.com\/formations\/specialites\/journalisme\/les-ecoles-de-journalisme-reconnues-les-ecoles-privees-72688#:~:text=Les%20\u00e9coles%20priv\u00e9es%20ne%20sont,la%20formation%20est%20plus%20\u00e9lev\u00e9.\">quatre font partie<\/a> des quatorze reconnues par la profession (deux \u00e0 Paris, une \u00e0 Toulouse et une \u00e0 Lille).<\/p>\n<h2><strong>L\u2019\u00c9tat lui aussi responsable<\/strong><\/h2>\n<p>En plus des milliardaires, les gouvernements successifs ont \u00e9galement une responsabilit\u00e9 dans la situation actuelle. On le voit d\u2019ailleurs bien <strong>sur le service public, o\u00f9 le parti pris des salari\u00e9s n\u2019a rien a envier aux cha\u00eenes priv\u00e9es.<\/strong> Et ce n\u2019est pas un hasard puisque <strong>les dirigeants de ces services sont d\u00e9sign\u00e9s par le pouvoir lui-m\u00eame.<\/strong><\/p>\n<p><iframe loading=\"lazy\" title=\"C CE SOIR, C POLITIQUE... : COMMENT LE &quot;SERVICE PUBLIC&quot; JOUE CONTRE LA GAUCHE ET POUR MACRON\" width=\"1110\" height=\"624\" src=\"https:\/\/www.youtube.com\/embed\/mPGK8TXfiQU?feature=oembed\" frameborder=\"0\" allow=\"accelerometer; autoplay; clipboard-write; encrypted-media; gyroscope; picture-in-picture; web-share\" referrerpolicy=\"strict-origin-when-cross-origin\" allowfullscreen><\/iframe><\/p>\n<p>Or, <strong>c\u2019est de m\u00eame l\u2019\u00c9tat qui a la main sur la nature de l\u2019enseignement en France.<\/strong> C\u2019est lui qui permet, en outre, \u00e0 ce que <strong>de nombreux instituts de journalismes du pays co\u00fbtent plusieurs milliers d\u2019euros d\u2019inscription, verrouillant ainsi l\u2019acc\u00e8s \u00e0 l\u2019immense majorit\u00e9 des \u00e9l\u00e8ves les plus modestes.<\/strong> De plus, le fait que des \u00e9coles priv\u00e9es soient reconnues par la profession peut aussi laisser songeur tant l\u2019influence de leur m\u00e9c\u00e8ne peut engendrer des conflits d\u2019int\u00e9r\u00eats.<\/p>\n<h2><strong>Pour un journalisme du peuple<\/strong><\/h2>\n<p>Enfin, on pourrait remettre en question les s\u00e9lections arbitraires, au bon vouloir d\u2019un jury, qui ont \u00e9galement de quoi poser probl\u00e8me. \u00c0 l\u2019inverse, <strong>l\u2019entr\u00e9e dans ces \u00e9coles, comme dans n\u2019importe quelle formation sup\u00e9rieure, pourrait plut\u00f4t se faire de droit, gr\u00e2ce \u00e0 l\u2019obtention d\u2019un baccalaur\u00e9at ou d\u2019une licence.<\/strong><\/p>\n<p>Et s\u2019il y a plus de candidats que peuvent en accueillir les \u00e9tablissements, on pourrait alors songer \u00e0 simplement <strong>augmenter le nombre de places.<\/strong> Un \u00e9tudiant qui n\u2019aura pas le niveau ne validera tout bonnement pas ses ann\u00e9es, mais <strong>il n\u2019existe aucune raison de lui en refuser l\u2019acc\u00e8s s\u2019il dispose du dipl\u00f4me n\u00e9cessaire.<\/strong><\/p>\n<p><iframe loading=\"lazy\" title=\"COMMENT LES BOURGEOIS NOUS EMPOISONNENT LA VIE - Nicolas Framont\" width=\"1110\" height=\"624\" src=\"https:\/\/www.youtube.com\/embed\/_MfbgkePqTg?feature=oembed\" frameborder=\"0\" allow=\"accelerometer; autoplay; clipboard-write; encrypted-media; gyroscope; picture-in-picture; web-share\" referrerpolicy=\"strict-origin-when-cross-origin\" allowfullscreen><\/iframe><\/p>\n<p>\u00c0 l\u2019inverse de ce que l\u2019on observe aujourd\u2019hui, <strong>les \u00e9coles de journalisme ne devraient-elles pas \u00eatre investies par des personnes issues des classes populaires qui conna\u00eetraient la r\u00e9alit\u00e9 du terrain des milieux o\u00f9 \u00e9volue la majorit\u00e9 de la population\u00a0?<\/strong> Une chose est certaine, tant que l\u2019information ne sera pas lib\u00e9r\u00e9e des puissances de l\u2019argent, aucune <a target=\"_blank\" href=\"https:\/\/mrmondialisation.org\/des-alternatives-a-la-democratie-representative-existent\/\">d\u00e9mocratie digne de ce nom<\/a>, ne pourra advenir.<\/p>\n<p style=\"text-align: right;\"><strong><em>\u2013 Simon Verdi\u00e8re<\/em><\/strong><\/p>\n<hr\/>\n<p>Photo de couverture : Montage Mr Mondialisation x Wikimedia<\/p>\n<div class=\"td-a-rec td-a-rec-id-content_bottom  tdi_2 td_block_template_1\">\n<span class=\"td-adspot-title\">&#8211; Cet article gratuit et ind\u00e9pendant existe gr\u00e2ce \u00e0 vous &#8211;<\/span><\/p>\n<div class=\"td-all-devices\">\n    <a target=\"_blank\" href=\"https:\/\/mrmondialisation.org\/donation\/\" title=\"Faire_un_don\"><img decoding=\"async\" class=\"donationArticle\" src=\"https:\/\/mrmondialisation.org\/wp-content\/uploads\/2022\/12\/220405-flikalicious-final.jpg\" alt=\"Donation\"\/><\/a>\n<\/div>\n<\/div><\/div>\n<p><br \/>\n<br \/><a href=\"https:\/\/mrmondialisation.org\/ecole-journalisme-milliardaires\/\" target=\"_blank\"\">Source link <\/a><\/p>\n","protected":false},"excerpt":{"rendered":"<p>De plus en plus format\u00e9s pour r\u00e9pondre aux exigences des m\u00e9dias de masse d\u00e9tenus par de grandes fortunes, les journalistes sont s\u00e9lectionn\u00e9s pour se comporter de cette mani\u00e8re d\u00e8s l\u2019\u00e9cole.&hellip; <\/p>\n","protected":false},"author":1,"featured_media":1952,"comment_status":"open","ping_status":"open","sticky":false,"template":"","format":"standard","meta":{"footnotes":""},"categories":[1],"tags":[],"class_list":["post-1951","post","type-post","status-publish","format-standard","has-post-thumbnail","hentry","category-non-classe"],"_links":{"self":[{"href":"https:\/\/monde25.info\/index.php\/wp-json\/wp\/v2\/posts\/1951","targetHints":{"allow":["GET"]}}],"collection":[{"href":"https:\/\/monde25.info\/index.php\/wp-json\/wp\/v2\/posts"}],"about":[{"href":"https:\/\/monde25.info\/index.php\/wp-json\/wp\/v2\/types\/post"}],"author":[{"embeddable":true,"href":"https:\/\/monde25.info\/index.php\/wp-json\/wp\/v2\/users\/1"}],"replies":[{"embeddable":true,"href":"https:\/\/monde25.info\/index.php\/wp-json\/wp\/v2\/comments?post=1951"}],"version-history":[{"count":0,"href":"https:\/\/monde25.info\/index.php\/wp-json\/wp\/v2\/posts\/1951\/revisions"}],"wp:featuredmedia":[{"embeddable":true,"href":"https:\/\/monde25.info\/index.php\/wp-json\/wp\/v2\/media\/1952"}],"wp:attachment":[{"href":"https:\/\/monde25.info\/index.php\/wp-json\/wp\/v2\/media?parent=1951"}],"wp:term":[{"taxonomy":"category","embeddable":true,"href":"https:\/\/monde25.info\/index.php\/wp-json\/wp\/v2\/categories?post=1951"},{"taxonomy":"post_tag","embeddable":true,"href":"https:\/\/monde25.info\/index.php\/wp-json\/wp\/v2\/tags?post=1951"}],"curies":[{"name":"wp","href":"https:\/\/api.w.org\/{rel}","templated":true}]}}