{"id":19511,"date":"2025-11-17T05:03:58","date_gmt":"2025-11-17T04:03:58","guid":{"rendered":"https:\/\/monde25.info\/index.php\/2025\/11\/17\/des-militants-autochtones-forcent-lentree-de-la-cop30-on-a-le-droit-detre-entendus\/"},"modified":"2025-11-17T05:03:58","modified_gmt":"2025-11-17T04:03:58","slug":"des-militants-autochtones-forcent-lentree-de-la-cop30-on-a-le-droit-detre-entendus","status":"publish","type":"post","link":"https:\/\/monde25.info\/index.php\/2025\/11\/17\/des-militants-autochtones-forcent-lentree-de-la-cop30-on-a-le-droit-detre-entendus\/","title":{"rendered":"Des militants autochtones forcent l&#039;entr\u00e9e de la COP30\u00a0: \u00ab\u00a0On a le droit d&#039;\u00eatre entendus\u00a0\u00bb"},"content":{"rendered":"<p> <br \/>\n<br \/><img loading=\"lazy\" decoding=\"async\" src=\"https:\/\/reporterre.net\/local\/cache-vignettes\/L700xH467\/copatrentaentretiena-74d1d.jpg?1763110400\" class=\"spip_logo\" width=\"700\" height=\"467\" alt=\"\" \/><\/p>\n<p>Estimant que leur voix est ignor\u00e9e, quelque 300 militants autochtones ont tent\u00e9 d&rsquo;entrer dans la <span class=\"caps\">COP30<\/span>. Reporterre a rencontr\u00e9 l&rsquo;un d&rsquo;entre eux, qui d\u00e9nonce la duplicit\u00e9 de Lula sur la question des peuples autochtones. <br class=\"autobr\" \/> Les images ont fait le tour de la plan\u00e8te. Le 11\u00a0novembre, un groupe d&rsquo;environ 300\u00a0militants, men\u00e9s par des autochtones de la r\u00e9gion du fleuve Tapaj\u00f3s, dans l&rsquo;\u00c9tat amazonien du Par\u00e1, ont tent\u00e9 de forcer l&rsquo;entr\u00e9e des n\u00e9gociations de la <span class=\"caps\">COP30<\/span>, \u00e0 Bel\u00e9m, au Br\u00e9sil. Objectif\u00a0:\u00a0(\u2026)<\/p>\n<p>                    <a target=\"_blank\" href=\"https:\/\/reporterre.net\/Des-militants-autochtones-forcent-l-entree-de-la-COP30-On-a-le-droit-d-etre-entendus?utm_source=RSS&amp;utm_medium=RSS\">Lire la suite<\/a><\/p>\n<p>                    &#8211;<br \/>\n                        <a target=\"_blank\" href=\"https:\/\/reporterre.net\/Entretien-19\" rel=\"directory\">Entretien<\/a><\/p>\n<p>                    \/<br \/>\n                        <a target=\"_blank\" href=\"https:\/\/reporterre.net\/COP30\" rel=\"tag\"><span class=\"caps\">COP30<\/span><\/a><br \/>\n<br \/><br \/>\n<br \/><a href=\"https:\/\/reporterre.net\/Des-militants-autochtones-forcent-l-entree-de-la-COP30-On-a-le-droit-d-etre-entendus\" target=\"_blank\"\">Source link <\/a><\/p>\n","protected":false},"excerpt":{"rendered":"<p>Estimant que leur voix est ignor\u00e9e, quelque 300 militants autochtones ont tent\u00e9 d&rsquo;entrer dans la COP30. Reporterre a rencontr\u00e9 l&rsquo;un d&rsquo;entre eux, qui d\u00e9nonce la duplicit\u00e9 de Lula sur la&hellip; <\/p>\n","protected":false},"author":1,"featured_media":0,"comment_status":"open","ping_status":"open","sticky":false,"template":"","format":"standard","meta":{"footnotes":""},"categories":[1],"tags":[],"class_list":["post-19511","post","type-post","status-publish","format-standard","hentry","category-non-classe"],"_links":{"self":[{"href":"https:\/\/monde25.info\/index.php\/wp-json\/wp\/v2\/posts\/19511","targetHints":{"allow":["GET"]}}],"collection":[{"href":"https:\/\/monde25.info\/index.php\/wp-json\/wp\/v2\/posts"}],"about":[{"href":"https:\/\/monde25.info\/index.php\/wp-json\/wp\/v2\/types\/post"}],"author":[{"embeddable":true,"href":"https:\/\/monde25.info\/index.php\/wp-json\/wp\/v2\/users\/1"}],"replies":[{"embeddable":true,"href":"https:\/\/monde25.info\/index.php\/wp-json\/wp\/v2\/comments?post=19511"}],"version-history":[{"count":0,"href":"https:\/\/monde25.info\/index.php\/wp-json\/wp\/v2\/posts\/19511\/revisions"}],"wp:attachment":[{"href":"https:\/\/monde25.info\/index.php\/wp-json\/wp\/v2\/media?parent=19511"}],"wp:term":[{"taxonomy":"category","embeddable":true,"href":"https:\/\/monde25.info\/index.php\/wp-json\/wp\/v2\/categories?post=19511"},{"taxonomy":"post_tag","embeddable":true,"href":"https:\/\/monde25.info\/index.php\/wp-json\/wp\/v2\/tags?post=19511"}],"curies":[{"name":"wp","href":"https:\/\/api.w.org\/{rel}","templated":true}]}}