{"id":19518,"date":"2025-11-17T09:29:34","date_gmt":"2025-11-17T08:29:34","guid":{"rendered":"https:\/\/monde25.info\/index.php\/2025\/11\/17\/la-mairie-cest-chez-nous-les-classes-populaires-veulent-prendre-le-pouvoir\/"},"modified":"2025-11-17T09:29:34","modified_gmt":"2025-11-17T08:29:34","slug":"la-mairie-cest-chez-nous-les-classes-populaires-veulent-prendre-le-pouvoir","status":"publish","type":"post","link":"https:\/\/monde25.info\/index.php\/2025\/11\/17\/la-mairie-cest-chez-nous-les-classes-populaires-veulent-prendre-le-pouvoir\/","title":{"rendered":"\u00ab\u00a0La mairie, c&#039;est chez nous\u00a0\u00bb\u00a0: les classes populaires veulent prendre le pouvoir"},"content":{"rendered":"<p> <br \/>\n<br \/><img loading=\"lazy\" decoding=\"async\" src=\"https:\/\/reporterre.net\/local\/cache-vignettes\/L700xH467\/rid250501md-2-e551b.jpg?1763367778\" class=\"spip_logo\" width=\"700\" height=\"467\" alt=\"\" \/><\/p>\n<p>Dans un quartier populaire de Montpellier, un collectif citoyen veut placer les habitants au c\u0153ur des municipales. Des initiatives se d\u00e9veloppent ainsi pour d\u00e9mocratiser la politique. <br class=\"autobr\" \/><br \/>\nMontpellier (H\u00e9rault), reportage <br class=\"autobr\" \/><br \/>\nSous les nuages, le centre commercial de Saint-Paul fait grise mine. Entre les all\u00e9es aux murs d\u00e9cr\u00e9pis, nombre de magasins affichent rideaux clos. Dans sa boucherie, un quinquag\u00e9naire soupire\u00a0: \u00ab<small class=\"fine d-inline\">\u00a0<\/small>Avant, c&rsquo;\u00e9tait un lieu vivant, mais la mairie a abandonn\u00e9 le quartier.<small class=\"fine d-inline\">\u00a0<\/small>\u00bb En\u00a0(\u2026)<\/p>\n<p>                    <a target=\"_blank\" href=\"https:\/\/reporterre.net\/La-mairie-c-est-chez-nous-les-classes-populaires-veulent-prendre-le-pouvoir?utm_source=RSS&amp;utm_medium=RSS\">Lire la suite<\/a><\/p>\n<p>                    &#8211;<br \/>\n                        <a target=\"_blank\" href=\"https:\/\/reporterre.net\/Reportage\" rel=\"directory\">Reportage<\/a><\/p>\n<p>                    \/<br \/>\n                        <a target=\"_blank\" href=\"https:\/\/reporterre.net\/Municipales-2026\" rel=\"tag\">Municipales 2026<\/a><br \/>\n<br \/><br \/>\n<br \/><a href=\"https:\/\/reporterre.net\/La-mairie-c-est-chez-nous-les-classes-populaires-veulent-prendre-le-pouvoir\" target=\"_blank\"\">Source link <\/a><\/p>\n","protected":false},"excerpt":{"rendered":"<p>Dans un quartier populaire de Montpellier, un collectif citoyen veut placer les habitants au c\u0153ur des municipales. Des initiatives se d\u00e9veloppent ainsi pour d\u00e9mocratiser la politique. Montpellier (H\u00e9rault), reportage Sous&hellip; <\/p>\n","protected":false},"author":1,"featured_media":0,"comment_status":"open","ping_status":"open","sticky":false,"template":"","format":"standard","meta":{"footnotes":""},"categories":[1],"tags":[],"class_list":["post-19518","post","type-post","status-publish","format-standard","hentry","category-non-classe"],"_links":{"self":[{"href":"https:\/\/monde25.info\/index.php\/wp-json\/wp\/v2\/posts\/19518","targetHints":{"allow":["GET"]}}],"collection":[{"href":"https:\/\/monde25.info\/index.php\/wp-json\/wp\/v2\/posts"}],"about":[{"href":"https:\/\/monde25.info\/index.php\/wp-json\/wp\/v2\/types\/post"}],"author":[{"embeddable":true,"href":"https:\/\/monde25.info\/index.php\/wp-json\/wp\/v2\/users\/1"}],"replies":[{"embeddable":true,"href":"https:\/\/monde25.info\/index.php\/wp-json\/wp\/v2\/comments?post=19518"}],"version-history":[{"count":0,"href":"https:\/\/monde25.info\/index.php\/wp-json\/wp\/v2\/posts\/19518\/revisions"}],"wp:attachment":[{"href":"https:\/\/monde25.info\/index.php\/wp-json\/wp\/v2\/media?parent=19518"}],"wp:term":[{"taxonomy":"category","embeddable":true,"href":"https:\/\/monde25.info\/index.php\/wp-json\/wp\/v2\/categories?post=19518"},{"taxonomy":"post_tag","embeddable":true,"href":"https:\/\/monde25.info\/index.php\/wp-json\/wp\/v2\/tags?post=19518"}],"curies":[{"name":"wp","href":"https:\/\/api.w.org\/{rel}","templated":true}]}}