{"id":19519,"date":"2025-11-17T10:02:46","date_gmt":"2025-11-17T09:02:46","guid":{"rendered":"https:\/\/monde25.info\/index.php\/2025\/11\/17\/thierry-meyssan-invite-deric-montana-sur-les-attentats-du-13-novembre-2015\/"},"modified":"2025-11-17T10:02:46","modified_gmt":"2025-11-17T09:02:46","slug":"thierry-meyssan-invite-deric-montana-sur-les-attentats-du-13-novembre-2015","status":"publish","type":"post","link":"https:\/\/monde25.info\/index.php\/2025\/11\/17\/thierry-meyssan-invite-deric-montana-sur-les-attentats-du-13-novembre-2015\/","title":{"rendered":"Thierry Meyssan, invit\u00e9 d&rsquo;\u00c9ric Montana, sur les attentats du 13 novembre 2015"},"content":{"rendered":"<p> <br \/>\n<\/p>\n<div id=\"article-text\">\n<div class=\"article-text-images crayon article-texte-223184 \">\n<div align=\"center\"><img loading=\"lazy\" decoding=\"async\" src=\"https:\/\/www.voltairenet.org\/local\/cache-vignettes\/L717xH448\/400_-_1_4_-86-9fb89.jpg?1763356576\" class=\"spip_logo\" width=\"717\" height=\"448\" alt=\"\"\/><\/div>\n<p>Thierry Meyssan \u00e9tait l\u2019invit\u00e9 d\u2019\u00c9ric Montana, sur JSF-TV, le 15 novembre. Il est revenu sur son intervention de la veille chez Nicolas Stoquer en expliquant pourquoi la T\u00fcrkiye a attaqu\u00e9 la France, le 13 novembre 2015, et la Belgique, le 22 mars 2016. Selon lui, les dirigeants politiques sont responsables de la s\u00e9curit\u00e9 de nos concitoyens et ne doivent pas soutenir des projets d\u00e9vastateurs \u00e0 l\u2019\u00e9tranger. Leur incomp\u00e9tence a des cons\u00e9quences concr\u00e8tes pour nos compatriotes.<\/p>\n<p><iframe loading=\"lazy\" title=\"O\u00f9 va ce monde - avec Thierry Meyssan, journaliste, \u00e9crivain et consultant politique\" width=\"1110\" height=\"624\" src=\"https:\/\/www.youtube.com\/embed\/6riPOratx4A?feature=oembed\" frameborder=\"0\" allow=\"accelerometer; autoplay; clipboard-write; encrypted-media; gyroscope; picture-in-picture; web-share\" referrerpolicy=\"strict-origin-when-cross-origin\" allowfullscreen><\/iframe>\n<\/div>\n<aside>\n<\/aside>\n<div class=\"follow\" id=\"social\">\n<h4>Restez en contact<\/h4>\n<div class=\"follow-left\">\n<h5>Suivez-nous sur les r\u00e9seaux sociaux<\/h5>\n<p><a target=\"_blank\" href=\"https:\/\/www.facebook.com\/R%C3%A9seau-Voltaire-en-fran%C3%A7ais-106616878523973\" title=\"\" target=\"_blank\"><img decoding=\"async\" src=\"https:\/\/www.voltairenet.org\/squelettes\/images\/follow-fb.png\" alt=\"\"\/><\/a><br \/>\n<a target=\"_blank\" href=\"https:\/\/t.me\/reseauvoltaire\" title=\"\" target=\"_blank\"><img decoding=\"async\" src=\"https:\/\/www.voltairenet.org\/squelettes\/images\/follow-tg.png\" alt=\"\"\/><\/a><br \/>\n<a target=\"_blank\" href=\"https:\/\/twitter.com\/voltairenetFr\" title=\"\" target=\"_blank\"><img decoding=\"async\" src=\"https:\/\/www.voltairenet.org\/squelettes\/images\/follow-tw.png\" alt=\"\"\/><\/a>\n<\/div>\n<p><h5>Subscribe to weekly newsletter<\/h5>\n<\/p>\n<\/div>\n<p><!--\n\n<div><\/div>\n\n--><\/p>\n<\/div>\n<p><script async src=\"\/\/platform.twitter.com\/widgets.js\" charset=\"utf-8\"><\/script><br \/>\n<br \/><br \/>\n<br \/><a href=\"https:\/\/www.voltairenet.org\/article223184.html\" target=\"_blank\"\">Source link <\/a><\/p>\n","protected":false},"excerpt":{"rendered":"<p>Thierry Meyssan \u00e9tait l\u2019invit\u00e9 d\u2019\u00c9ric Montana, sur JSF-TV, le 15 novembre. Il est revenu sur son intervention de la veille chez Nicolas Stoquer en expliquant pourquoi la T\u00fcrkiye a attaqu\u00e9&hellip; <\/p>\n","protected":false},"author":1,"featured_media":19520,"comment_status":"open","ping_status":"open","sticky":false,"template":"","format":"standard","meta":{"footnotes":""},"categories":[1],"tags":[],"class_list":["post-19519","post","type-post","status-publish","format-standard","has-post-thumbnail","hentry","category-non-classe"],"_links":{"self":[{"href":"https:\/\/monde25.info\/index.php\/wp-json\/wp\/v2\/posts\/19519","targetHints":{"allow":["GET"]}}],"collection":[{"href":"https:\/\/monde25.info\/index.php\/wp-json\/wp\/v2\/posts"}],"about":[{"href":"https:\/\/monde25.info\/index.php\/wp-json\/wp\/v2\/types\/post"}],"author":[{"embeddable":true,"href":"https:\/\/monde25.info\/index.php\/wp-json\/wp\/v2\/users\/1"}],"replies":[{"embeddable":true,"href":"https:\/\/monde25.info\/index.php\/wp-json\/wp\/v2\/comments?post=19519"}],"version-history":[{"count":0,"href":"https:\/\/monde25.info\/index.php\/wp-json\/wp\/v2\/posts\/19519\/revisions"}],"wp:featuredmedia":[{"embeddable":true,"href":"https:\/\/monde25.info\/index.php\/wp-json\/wp\/v2\/media\/19520"}],"wp:attachment":[{"href":"https:\/\/monde25.info\/index.php\/wp-json\/wp\/v2\/media?parent=19519"}],"wp:term":[{"taxonomy":"category","embeddable":true,"href":"https:\/\/monde25.info\/index.php\/wp-json\/wp\/v2\/categories?post=19519"},{"taxonomy":"post_tag","embeddable":true,"href":"https:\/\/monde25.info\/index.php\/wp-json\/wp\/v2\/tags?post=19519"}],"curies":[{"name":"wp","href":"https:\/\/api.w.org\/{rel}","templated":true}]}}