{"id":19522,"date":"2025-11-17T11:08:41","date_gmt":"2025-11-17T10:08:41","guid":{"rendered":"https:\/\/monde25.info\/index.php\/2025\/11\/17\/thierry-meyssan-invite-de-nicolas-stoquer-sur-les-attentats-du-13-novembre-2015\/"},"modified":"2025-11-17T11:08:41","modified_gmt":"2025-11-17T10:08:41","slug":"thierry-meyssan-invite-de-nicolas-stoquer-sur-les-attentats-du-13-novembre-2015","status":"publish","type":"post","link":"https:\/\/monde25.info\/index.php\/2025\/11\/17\/thierry-meyssan-invite-de-nicolas-stoquer-sur-les-attentats-du-13-novembre-2015\/","title":{"rendered":"Thierry Meyssan, invit\u00e9 de Nicolas Stoquer, sur les attentats du 13 novembre 2015"},"content":{"rendered":"<p> <br \/>\n<\/p>\n<div id=\"article-text\">\n<div class=\"article-text-images crayon article-texte-223183 \">\n<div align=\"center\"><img loading=\"lazy\" decoding=\"async\" src=\"https:\/\/www.voltairenet.org\/local\/cache-vignettes\/L378xH283\/400_-_1_3_-149-beadc.jpg?1763356038\" class=\"spip_logo\" width=\"378\" height=\"283\" alt=\"\"\/><\/div>\n<p>Thierry Meyssan \u00e9tait l\u2019invit\u00e9 de Nicolas Stoquer, sur GPTV, le 14 novembre. Il revient sur la c\u00e9r\u00e9monie de comm\u00e9moration des attentats du 13 novembre 2015. Pour lui l\u2019important n\u2019est pas l\u2019\u00e9motion des uns et des autres, mais le camouflage des mobiles de ces attentats qu\u2019il qualifie d\u2019op\u00e9ration militaire. Il avait expliqu\u00e9 ce qui se passait lors des \u00e9v\u00e9nements, il y a dix ans, mais rares sont ceux qui l\u2019ont entendu car il \u00e9tait alors en Syrie.<\/p>\n<p><iframe loading=\"lazy\" title=\"ATTENTAT BATACLAN : UNE OP\u00c9RATION SOUS FAUX DRAPEAU | THIERRY MEYSSAN | GPTV L\u2019ESSENTIEL\" width=\"1110\" height=\"624\" src=\"https:\/\/www.youtube.com\/embed\/me0l6XPtWVs?feature=oembed\" frameborder=\"0\" allow=\"accelerometer; autoplay; clipboard-write; encrypted-media; gyroscope; picture-in-picture; web-share\" referrerpolicy=\"strict-origin-when-cross-origin\" allowfullscreen><\/iframe>\n<\/div>\n<aside>\n<\/aside>\n<div class=\"follow\" id=\"social\">\n<h4>Restez en contact<\/h4>\n<div class=\"follow-left\">\n<h5>Suivez-nous sur les r\u00e9seaux sociaux<\/h5>\n<p><a target=\"_blank\" href=\"https:\/\/www.facebook.com\/R%C3%A9seau-Voltaire-en-fran%C3%A7ais-106616878523973\" title=\"\" target=\"_blank\"><img decoding=\"async\" src=\"https:\/\/www.voltairenet.org\/squelettes\/images\/follow-fb.png\" alt=\"\"\/><\/a><br \/>\n<a target=\"_blank\" href=\"https:\/\/t.me\/reseauvoltaire\" title=\"\" target=\"_blank\"><img decoding=\"async\" src=\"https:\/\/www.voltairenet.org\/squelettes\/images\/follow-tg.png\" alt=\"\"\/><\/a><br \/>\n<a target=\"_blank\" href=\"https:\/\/twitter.com\/voltairenetFr\" title=\"\" target=\"_blank\"><img decoding=\"async\" src=\"https:\/\/www.voltairenet.org\/squelettes\/images\/follow-tw.png\" alt=\"\"\/><\/a>\n<\/div>\n<p><h5>Subscribe to weekly newsletter<\/h5>\n<\/p>\n<\/div>\n<p><!--\n\n<div><\/div>\n\n--><\/p>\n<\/div>\n<p><script async src=\"\/\/platform.twitter.com\/widgets.js\" charset=\"utf-8\"><\/script><br \/>\n<br \/><br \/>\n<br \/><a href=\"https:\/\/www.voltairenet.org\/article223183.html\" target=\"_blank\"\">Source link <\/a><\/p>\n","protected":false},"excerpt":{"rendered":"<p>Thierry Meyssan \u00e9tait l\u2019invit\u00e9 de Nicolas Stoquer, sur GPTV, le 14 novembre. Il revient sur la c\u00e9r\u00e9monie de comm\u00e9moration des attentats du 13 novembre 2015. Pour lui l\u2019important n\u2019est pas&hellip; <\/p>\n","protected":false},"author":1,"featured_media":19523,"comment_status":"open","ping_status":"open","sticky":false,"template":"","format":"standard","meta":{"footnotes":""},"categories":[1],"tags":[],"class_list":["post-19522","post","type-post","status-publish","format-standard","has-post-thumbnail","hentry","category-non-classe"],"_links":{"self":[{"href":"https:\/\/monde25.info\/index.php\/wp-json\/wp\/v2\/posts\/19522","targetHints":{"allow":["GET"]}}],"collection":[{"href":"https:\/\/monde25.info\/index.php\/wp-json\/wp\/v2\/posts"}],"about":[{"href":"https:\/\/monde25.info\/index.php\/wp-json\/wp\/v2\/types\/post"}],"author":[{"embeddable":true,"href":"https:\/\/monde25.info\/index.php\/wp-json\/wp\/v2\/users\/1"}],"replies":[{"embeddable":true,"href":"https:\/\/monde25.info\/index.php\/wp-json\/wp\/v2\/comments?post=19522"}],"version-history":[{"count":0,"href":"https:\/\/monde25.info\/index.php\/wp-json\/wp\/v2\/posts\/19522\/revisions"}],"wp:featuredmedia":[{"embeddable":true,"href":"https:\/\/monde25.info\/index.php\/wp-json\/wp\/v2\/media\/19523"}],"wp:attachment":[{"href":"https:\/\/monde25.info\/index.php\/wp-json\/wp\/v2\/media?parent=19522"}],"wp:term":[{"taxonomy":"category","embeddable":true,"href":"https:\/\/monde25.info\/index.php\/wp-json\/wp\/v2\/categories?post=19522"},{"taxonomy":"post_tag","embeddable":true,"href":"https:\/\/monde25.info\/index.php\/wp-json\/wp\/v2\/tags?post=19522"}],"curies":[{"name":"wp","href":"https:\/\/api.w.org\/{rel}","templated":true}]}}